{"id":52991,"date":"2016-05-16T01:56:43","date_gmt":"2016-05-15T22:56:43","guid":{"rendered":"https:\/\/www.enerjigazetesi.ist\/?p=52991"},"modified":"2016-05-16T01:57:13","modified_gmt":"2016-05-15T22:57:13","slug":"kibrisin-gunesi-odtu-kuzey-kibris-kampusunun-gucunu-sagliyor","status":"publish","type":"post","link":"https:\/\/www.enerjigazetesi.ist\/en\/kibrisin-gunesi-odtu-kuzey-kibris-kampusunun-gucunu-sagliyor\/","title":{"rendered":"(Turkish) K\u0131br\u0131s\u2019\u0131n G\u00fcne\u015fi ODT\u00dc Kuzey K\u0131br\u0131s Kampusu\u2019nun G\u00fcc\u00fcn\u00fc Sa\u011fl\u0131yor&#8230;"},"content":{"rendered":"<p class=\"qtranxs-available-languages-message qtranxs-available-languages-message-en\">Sorry, this entry is only available in <a href=\"https:\/\/www.enerjigazetesi.ist\/tr\/wp-json\/wp\/v2\/posts\/52991\" class=\"qtranxs-available-language-link qtranxs-available-language-link-tr\" title=\"Turkish\">Turkish<\/a>. For the sake of viewer convenience, the content is shown below in the alternative language. You may click the link to switch the active language.<\/p><p><strong>ODT\u00dc Kuzey K\u0131br\u0131s Kampusu, Kuzey K\u0131br\u0131s T\u00fcrk Cumhuriyeti\u2019nin araziye kurulan en b\u00fcy\u00fck ikinci G\u00fcne\u015f Enerjisi Santrali\u2019ni (GES) KKTC Cumhurba\u015fkan\u0131 Mustafa Ak\u0131nc\u0131\u2019n\u0131n da kat\u0131ld\u0131\u011f\u0131 bir t\u00f6renle hizmete ald\u0131. <\/strong><\/p>\n<p>\u00dcniversitenin ihtiyac\u0131 olan elektrik enerjisinin y\u00fczde 20\u2019sini kar\u015f\u0131layacak olan santral sayesinde hem ye<a href=\"https:\/\/www.enerjigazetesi.ist\/wp-content\/uploads\/2016\/05\/kibrisin-gunesi-odtu-kuzey-kibris-kampusunun-gucunu-sagliyor.jpg\"><img loading=\"lazy\" class=\"alignright size-medium wp-image-52992\" src=\"https:\/\/www.enerjigazetesi.ist\/wp-content\/uploads\/2016\/05\/kibrisin-gunesi-odtu-kuzey-kibris-kampusunun-gucunu-sagliyor-300x168.jpg\" alt=\"DCIM100MEDIADJI_0067.JPG\" width=\"300\" height=\"168\" srcset=\"https:\/\/www.enerjigazetesi.ist\/wp-content\/uploads\/2016\/05\/kibrisin-gunesi-odtu-kuzey-kibris-kampusunun-gucunu-sagliyor-300x168.jpg 300w, https:\/\/www.enerjigazetesi.ist\/wp-content\/uploads\/2016\/05\/kibrisin-gunesi-odtu-kuzey-kibris-kampusunun-gucunu-sagliyor-500x281.jpg 500w, https:\/\/www.enerjigazetesi.ist\/wp-content\/uploads\/2016\/05\/kibrisin-gunesi-odtu-kuzey-kibris-kampusunun-gucunu-sagliyor-80x45.jpg 80w, https:\/\/www.enerjigazetesi.ist\/wp-content\/uploads\/2016\/05\/kibrisin-gunesi-odtu-kuzey-kibris-kampusunun-gucunu-sagliyor.jpg 1024w\" sizes=\"(max-width: 300px) 100vw, 300px\" \/><\/a>nilenebilir enerji \u00fcretimi sa\u011flanacak hem de elektrik harcamalar\u0131ndan tasarruf edilecek.<\/p>\n<p><strong>KIBRIS AVRUPA\u2019DA G\u00dcNE\u015e ENERJ\u0130S\u0130N\u0130 EN \u00c7OK ALAN \u0130K\u0130NC\u0130 B\u00d6LGE<\/strong><\/p>\n<p>KKTC\u2019nin Avrupa\u2019da G\u00fcney \u0130spanya\u2019dan sonra g\u00fcne\u015f \u0131\u015f\u0131nlar\u0131n\u0131 en \u00e7ok alan b\u00f6lge olmas\u0131, \u201cYe\u015fil Kampus\u201d olma yolunda \u00f6nemli ad\u0131mlar atan ODT\u00dc Kuzey K\u0131br\u0131s Kampusu\u2019nu GES kurma konusunda cesaretlendirdi. Yenilenebilir enerji kaynaklar\u0131n\u0131 en verimli \u015fekilde kullanmak, bu alanda ara\u015ft\u0131rmalar yapmak ve fark\u0131ndal\u0131k yaratmak amac\u0131yla kurulan GES, 1000 kW kapasitesiyle KKTC\u2019de araziye kurulan en b\u00fcy\u00fck ikinci santral olma \u00f6zelli\u011fine sahip.<\/p>\n<p>T\u00f6rende konu\u015fma yapan <strong>KKTC Cumhurba\u015fkan\u0131 Mustafa Ak\u0131nc\u0131<\/strong>, fosil yak\u0131tlara olan ba\u011f\u0131ml\u0131l\u0131\u011f\u0131n azalt\u0131larak yenilenebilir enerji kaynaklar\u0131n\u0131 daha yo\u011fun kullan\u0131lmas\u0131n\u0131n gerekti\u011fini belirtti. Bunun i\u00e7in de t\u00fcm d\u00fcnyan\u0131n birlikte hareket etmesi gerekti\u011fini s\u00f6yleyen <strong>Ak\u0131nc\u0131<\/strong> s\u00f6zlerine \u015f\u00f6yle devam etti: <strong>\u201cYeralt\u0131ndaki enerji kaynaklar\u0131 bir g\u00fcn t\u00fckenecek. Ancak bizim elimizde g\u00fcne\u015f ve r\u00fczgar gibi b\u00fct\u00fcn y\u0131l boyunca verimli bir \u015fekilde kullanabilece\u011fimiz kaynaklar var. Bunlar\u0131 en verimli \u015fekilde kullanarak hem fosil yak\u0131tlara olan ba\u011f\u0131ml\u0131l\u0131\u011f\u0131m\u0131z\u0131 azalt\u0131r hem de \u00e7ocuklar\u0131m\u0131za ve torunlar\u0131m\u0131za daha ya\u015fanabilir bir d\u00fcnya b\u0131rakabiliriz.\u201d <\/strong>dedi.<\/p>\n<p><strong>ENERJ\u0130DE GELECEK YEN\u0130LENEB\u0130L\u0130R KAYNAKLAR<\/strong><\/p>\n<p><strong>Yrd. Do\u00e7. Dr. Onur Taylan <\/strong>yapt\u0131\u011f\u0131 a\u00e7\u0131klamada GES kapsam\u0131nda kullan\u0131lan panel alan\u0131n\u0131n yakla\u015f\u0131k 6.400 metrekare oldu\u011funu ve toplam kurulum alan\u0131n\u0131n da yakla\u015f\u0131k iki futbol sahas\u0131na denk geldi\u011fini belirtti. Ayr\u0131ca <strong>\u201cKurulan GES\u2019ten \u00fcretilecek y\u0131ll\u0131k enerji, 4 ki\u015filik yakla\u015f\u0131k 540 evin elektrik ihtiyac\u0131n\u0131 kar\u015f\u0131layabilecek miktarda. Bu \u00fcretim sayesinde y\u0131lda 964 varil petrol harcayarak \u00fcretilecek elektrik sonucunda atmosfere sal\u0131nacak yakla\u015f\u0131k 1 milyon kilogram karbondioksitin \u00f6n\u00fcne ge\u00e7ece\u011fiz. Bu miktardaki karbondioksiti do\u011fadan kald\u0131rmak i\u00e7in 52.700 yeti\u015fkin a\u011faca ihtiya\u00e7 var.\u201d<\/strong> diyerek yap\u0131lan yat\u0131r\u0131m\u0131n s\u00fcrd\u00fcr\u00fclebilirlik konusunda \u00f6nemli bir ad\u0131m oldu\u011funu ve bunun devam\u0131nda Kampustaki t\u00fcm ampulleri LED\u2019e \u00e7evirerek enerjiyi daha tasarruflu kullanacaklar\u0131n\u0131 s\u00f6yledi.<\/p>\n<p><strong>\u201cYEN\u0130LENEB\u0130L\u0130R ENERJ\u0130 KONUSUNDA \u00d6RNEK OLMAYA DEVAM EDECE\u011e\u0130Z.\u201d<\/strong><\/p>\n<p>AB \u00fclkelerinin hedefinin en az y\u00fczde 20 yenilenebilir enerji oldu\u011funu s\u00f6yleyen <strong>Do\u00e7. Dr. Murat Fahrio\u011flu<\/strong> bunun KKTC\u2019de y\u00fczde 10 oldu\u011funu ifade etti ve ekledi: <strong>\u201cAsl\u0131nda g\u00fcne\u015f zengini bir \u00fclke olarak bu oran daha y\u00fcksek olmal\u0131. D\u00fcnya genelinde ada \u00fclkeleri kendilerinden \u00e7ok daha b\u00fcy\u00fck \u015febekelere ba\u011flanarak kendi \u015febekelerinin sa\u011fl\u0131\u011f\u0131n\u0131 art\u0131rabiliyor ve \u00fclkelerindeki yenilenebilir enerji oran\u0131n\u0131 \u00fcst d\u00fczeylere ta\u015f\u0131yabiliyorlar. \u00d6rne\u011fin Norve\u00e7, Avrupa \u015febekesine ba\u011fl\u0131 oldu\u011fu i\u00e7in belirli zamanlarda elektrik enerjisi ihtiyac\u0131n\u0131n tamam\u0131n\u0131 r\u00fczgardan \u00fcretebiliyor ve artan\u0131 da Avrupa\u2019ya sat\u0131yor.\u201d<\/strong> T\u00fcrkiye\u2019nin de elektrik \u00fcretim g\u00fcc\u00fcn\u00fcn y\u00fczde 40\u2019\u0131n\u0131n dumans\u0131z oldu\u011funu belirten <strong>Do\u00e7. Dr. Fahrio\u011flu <\/strong>KKTC\u2019nin de T\u00fcrkiye gibi b\u00fcy\u00fck bir \u015febekeye ba\u011flanmas\u0131n\u0131n sisteme katabilece\u011fi yenilenebilir enerji miktar\u0131n\u0131 art\u0131raca\u011f\u0131n\u0131 s\u00f6yledi.<\/p>\n<p>Akademik d\u00fcnyan\u0131n yenilenebilir enerji konusunda bu t\u00fcr projeler geli\u015ftirerek \u00f6rnek olmas\u0131 gerekti\u011fine inand\u0131\u011f\u0131n\u0131 s\u00f6yleyen <strong>Prof. Dr. Turgut T\u00fcmer, \u201cODT\u00dc K\u0131br\u0131s Ye\u015fil Kampus alan\u0131nda ilham verici \u00e7\u00f6z\u00fcmler \u00fcretmeye devam edecek. Bu g\u00fcne\u015f enerjisi santrali yoluyla yenilenebilir enerji konusundaki akademik \u00e7al\u0131\u015fmalar\u0131m\u0131z\u0131 ve ara\u015ft\u0131rmalar\u0131m\u0131z\u0131 da geli\u015ftirme \u015fans\u0131na sahip olaca\u011f\u0131z. Bunun yan\u0131 s\u0131ra ASELSAN ile yap\u0131lan i\u015fbirli\u011fi sonucunda kurmay\u0131 planlad\u0131\u011f\u0131m\u0131z 250 kW g\u00fcc\u00fcndeki r\u00fczgar santrali ile r\u00fczgar t\u00fcrbinlerinin g\u00fc\u00e7 elektroni\u011fi konusunda ara\u015ft\u0131rmalar yapaca\u011f\u0131z. Son g\u00fcnlerde tamamlanan bir lisans\u00fcst\u00fc tezin konusu olan sembolik g\u00fcne\u015f bacas\u0131n\u0131 da kurabilirsek, bu b\u00f6lgeyi bir yenilenebilir enerji sistemleri b\u00f6lgesi haline getirme y\u00f6n\u00fcnde \u00f6nemli bir ad\u0131m atm\u0131\u015f olaca\u011f\u0131z.\u201d <\/strong>dedi.<\/p>\n<p>Kaynak: B\u00fcltenler<\/p>","protected":false},"excerpt":{"rendered":"<p>Sorry, this entry is only available in Turkish. For the sake of viewer convenience, the content is shown below in the alternative language. You may click the link to switch the active language.ODT\u00dc Kuzey K\u0131br\u0131s Kampusu, Kuzey K\u0131br\u0131s T\u00fcrk Cumhuriyeti\u2019nin araziye kurulan en b\u00fcy\u00fck ikinci G\u00fcne\u015f Enerjisi Santrali\u2019ni (GES) KKTC Cumhurba\u015fkan\u0131 Mustafa Ak\u0131nc\u0131\u2019n\u0131n da kat\u0131ld\u0131\u011f\u0131 [&hellip;]<\/p>\n","protected":false},"author":1,"featured_media":52992,"comment_status":"open","ping_status":"open","sticky":false,"template":"","format":"standard","meta":[],"categories":[53,49],"tags":[19,67,1009,2698,165,2326,21886,227,13,2569,21768,14192,842,105,14055,29688],"views":1195,"_links":{"self":[{"href":"https:\/\/www.enerjigazetesi.ist\/en\/wp-json\/wp\/v2\/posts\/52991"}],"collection":[{"href":"https:\/\/www.enerjigazetesi.ist\/en\/wp-json\/wp\/v2\/posts"}],"about":[{"href":"https:\/\/www.enerjigazetesi.ist\/en\/wp-json\/wp\/v2\/types\/post"}],"author":[{"embeddable":true,"href":"https:\/\/www.enerjigazetesi.ist\/en\/wp-json\/wp\/v2\/users\/1"}],"replies":[{"embeddable":true,"href":"https:\/\/www.enerjigazetesi.ist\/en\/wp-json\/wp\/v2\/comments?post=52991"}],"version-history":[{"count":1,"href":"https:\/\/www.enerjigazetesi.ist\/en\/wp-json\/wp\/v2\/posts\/52991\/revisions"}],"predecessor-version":[{"id":52993,"href":"https:\/\/www.enerjigazetesi.ist\/en\/wp-json\/wp\/v2\/posts\/52991\/revisions\/52993"}],"wp:featuredmedia":[{"embeddable":true,"href":"https:\/\/www.enerjigazetesi.ist\/en\/wp-json\/wp\/v2\/media\/52992"}],"wp:attachment":[{"href":"https:\/\/www.enerjigazetesi.ist\/en\/wp-json\/wp\/v2\/media?parent=52991"}],"wp:term":[{"taxonomy":"category","embeddable":true,"href":"https:\/\/www.enerjigazetesi.ist\/en\/wp-json\/wp\/v2\/categories?post=52991"},{"taxonomy":"post_tag","embeddable":true,"href":"https:\/\/www.enerjigazetesi.ist\/en\/wp-json\/wp\/v2\/tags?post=52991"}],"curies":[{"name":"wp","href":"https:\/\/api.w.org\/{rel}","templated":true}]}}