{"id":5299,"date":"2013-01-17T10:02:14","date_gmt":"2013-01-17T07:02:14","guid":{"rendered":"https:\/\/www.enerjigazetesi.ist\/?p=5299"},"modified":"2013-01-17T10:02:14","modified_gmt":"2013-01-17T07:02:14","slug":"fransa-dis-ticaret-bakani-bricq-sinop-nukleer-santralina-talibiz","status":"publish","type":"post","link":"https:\/\/www.enerjigazetesi.ist\/en\/fransa-dis-ticaret-bakani-bricq-sinop-nukleer-santralina-talibiz\/","title":{"rendered":"(Turkish) Fransa D\u0131\u015f Ticaret Bakan\u0131 Bricq: Sinop N\u00fckleer Santral\u0131na Talibiz"},"content":{"rendered":"<p class=\"qtranxs-available-languages-message qtranxs-available-languages-message-en\">Sorry, this entry is only available in <a href=\"https:\/\/www.enerjigazetesi.ist\/tr\/wp-json\/wp\/v2\/posts\/5299\" class=\"qtranxs-available-language-link qtranxs-available-language-link-tr\" title=\"Turkish\">Turkish<\/a>. For the sake of viewer convenience, the content is shown below in the alternative language. You may click the link to switch the active language.<\/p><p><strong>Zafer \u00c7a\u011flayan\u2019a iade-i ziyarette bulunan Fransa D\u0131\u015f Ticaret Bakan\u0131 Nicole Bricq\u2019in \u0130stanbul g\u00fcndemi hayli yo\u011fun. Frans\u0131z Saray\u0131\u2019nda d\u00fcn Pegasus Y\u00f6netim Kurulu Ba\u015fkan\u0131 Ali Sabanc\u0131 ve Gaziantep Belediye Ba\u015fkan\u0131 As\u0131m G\u00fczelbey ile biraraya gelen Bricq bug\u00fcn de \u00fcnl\u00fc Frans\u0131z markalar\u0131n ma\u011fazalar\u0131n\u0131 ziyaret edecek.<\/strong><\/p>\n<p>Bricq\u2019in yaz\u0131l\u0131 sorular\u0131m\u0131za cevaplar\u0131 \u015f\u00f6yle:<\/p>\n<p>* <strong>Fransa ve T\u00fcrkiye aras\u0131ndaki ekonomik ortakl\u0131k konusunda ne s\u00f6yleyebilirsiniz? \u0130kili ekonomik ili\u015fkileri yeterince tatmin edici buluyor musunuz? Yoksa \u00f6n\u00fcm\u00fczde hala uzun bir yol mu var?<\/strong><\/p>\n<p><img loading=\"lazy\" class=\"alignright size-medium wp-image-5300\" title=\"nuclear-505x317\" src=\"https:\/\/www.enerjigazetesi.ist\/wp-content\/uploads\/2013\/01\/nuclear-505x317-300x188.jpg\" alt=\"\" width=\"300\" height=\"188\" srcset=\"https:\/\/www.enerjigazetesi.ist\/wp-content\/uploads\/2013\/01\/nuclear-505x317-300x188.jpg 300w, https:\/\/www.enerjigazetesi.ist\/wp-content\/uploads\/2013\/01\/nuclear-505x317-500x313.jpg 500w, https:\/\/www.enerjigazetesi.ist\/wp-content\/uploads\/2013\/01\/nuclear-505x317-80x50.jpg 80w, https:\/\/www.enerjigazetesi.ist\/wp-content\/uploads\/2013\/01\/nuclear-505x317.jpg 505w\" sizes=\"(max-width: 300px) 100vw, 300px\" \/>\u00b7 T\u00fcrkiye bizim i\u00e7in stratejik bir ortak. 2012\u2019de ihracat\u0131m\u0131z y\u00fczde 3 b\u00fcy\u00fcmekle birlikte pazar pay\u0131m\u0131z dura\u011fan. Rekabet olduk\u00e7a g\u00fc\u00e7l\u00fc ancak bununla ba\u015f edebiliriz. Ticari ili\u015fkilerimizin seviyesi T\u00fcrkiye\u2019deki Frans\u0131z \u015firketlerin (100 bin ki\u015fiye istihdam sa\u011flayan 400 \u015firket) say\u0131s\u0131na bak\u0131nca hayli geriden geliyor. \u00d6te yandan Fransa\u2019daki T\u00fcrk yat\u0131r\u0131mlar\u0131 da olduk\u00e7a zay\u0131f. Hollande H\u00fck\u00fcmeti, yabanc\u0131 sermaye \u00e7ekmeye ve yat\u0131r\u0131mc\u0131ya uygun \u015fartlar\u0131 sa\u011flamaya kararl\u0131. Ayr\u0131ca Fransa ile T\u00fcrkiye\u2019nin birlikte \u00fc\u00e7\u00fcnc\u00fc pazarlara a\u00e7\u0131lmalar\u0131 gerek. Irak\u2019ta, G\u00fcney Kafkasya\u2019da, Orta Asya\u2019da bunun \u00f6rnekleri zaten var. Frans\u0131z ve T\u00fcrk \u015firketlerine \u201cBirlikte \u00e7al\u0131\u015f\u0131n\u201d diyorum.<\/p>\n<p>* <strong>T\u00fcrkiye\u2019ye ziyaretiniz s\u0131ras\u0131nda Enerji Bakan\u0131 Taner Y\u0131ld\u0131z ile g\u00f6r\u00fc\u015f\u00fcyorsunuz. Enerji sekt\u00f6r\u00fcnde i\u015fbirli\u011fi konusunda nas\u0131l bir gelecek \u00f6ng\u00f6r\u00fcyorsunuz<\/strong>?<\/p>\n<p>\u00b7 Frans\u0131z-T\u00fcrk stratejik ortakl\u0131\u011f\u0131nda, ekonomik ili\u015fkilerin yap\u0131 ta\u015flar\u0131ndan bir tanesi enerji. Alstom, EDF, GDF-Suez, Schneider Electric ve Total gibi b\u00fcy\u00fck Frans\u0131z \u015firketleri T\u00fcrkiye\u2019de varl\u0131klar\u0131n\u0131 s\u00fcrd\u00fcr\u00fcyorlar ve yo\u011fun bir \u015fekilde yat\u0131r\u0131m yap\u0131yorlar. \u0130\u015fbirli\u011fi, enerji verimlili\u011fi ve n\u00fckleer gibi yeni alanlara da kayabilir.<\/p>\n<p>* <strong>T\u00fcrkiye ilk n\u00fckleer santralini Rusya ile ger\u00e7ekle\u015ftirmeye karar verdi. Sinop\u2019taki ikinci santrali hangi \u00fclkenin yapaca\u011f\u0131 hen\u00fcz kesinle\u015fmedi. Fransa\u2019n\u0131n ikinci n\u00fckleer santral i\u00e7in iddias\u0131 var m\u0131?<\/strong><\/p>\n<p>\u00b7 N\u00fckleer alan\u0131nda e\u015fsiz bir deneyim ve bilgiye sahip olan Fransa, gelecekte Sinop\u2019ta yer alacak santral\u0131n in\u015faat\u0131 ve i\u015fletilmesinde T\u00fcrkiye\u2019ye hizmet sunmaya haz\u0131r. Bu konuyu Enerji Bakan\u0131 ile g\u00f6r\u00fc\u015fmemizde g\u00fcndeme getirece\u011fim.<\/p>\n<p>* <strong>Gaziantep Belediye Ba\u015fkan\u0131 As\u0131m G\u00fczelbey imzalanan tramvay anla\u015fmas\u0131 ula\u015f\u0131m sekt\u00f6r\u00fcnde yeni i\u015fbirliklerin ipu\u00e7lar\u0131n\u0131 m\u0131 veriyor?<\/strong><\/p>\n<p>\u00b7 Tramvay anla\u015fmas\u0131n\u0131n yan\u0131 s\u0131ra Gaziantep\u2019e bir \u201cs\u00fcrd\u00fcr\u00fclebilir mahallenin\u201d fizibilite \u00e7al\u0131\u015fmalar\u0131 i\u00e7in 700 bin euroluk bir ba\u011f\u0131\u015f s\u00f6z konusu. Fransa, temiz enerji ve temiz ula\u015f\u0131m, ar\u0131t\u0131lm\u0131\u015f suyun kullan\u0131lmas\u0131n\u0131 kapsayan \u201cS\u00fcrd\u00fcr\u00fclebilir \u015eehir\u201d kavram\u0131nda hayli yol ald\u0131. Bu kavram\u0131 birlikte daha da geli\u015ftirebiliriz. Zira 21. y\u00fczy\u0131lda \u015fehirlerin \u201cs\u00fcrd\u00fcr\u00fclebilir\u201d olaca\u011f\u0131na inan\u0131yoruz. Ula\u015f\u0131m dedi\u011finizde, havac\u0131l\u0131k sekt\u00f6r\u00fcnde i\u015fbirli\u011fimiz olduk\u00e7a geli\u015fti. T\u00fcrkiye pazardan ziyade Airbus\u2019un ciddi bir partneri. Pegasus\u2019un 2012 y\u0131l\u0131 sonunda Airbus\u2019a sipari\u015fi \u00e7ok \u00f6nemli. Metro ula\u015f\u0131m\u0131nda da yeni i\u015fbirlikleri umut ediyorum.<\/p>\n<p>* <strong>Enerji ve ula\u015f\u0131m\u0131n d\u0131\u015f\u0131nda Fransa T\u00fcrkiye\u2019de hangi sekt\u00f6rlerle ilgili?<\/strong><\/p>\n<p>\u00b7 Frans\u0131z \u015firketleri zaten otomotiv, ileri teknoloji, sa\u011fl\u0131k, sigorta gibi bir \u00e7ok sekt\u00f6rde yer al\u0131yorlar. Biraz \u00f6nce s\u00f6z\u00fcn\u00fc etti\u011fim \u201cS\u00fcrd\u00fcr\u00fclebilir \u015eehir\u201d konusunda i\u015fbirli\u011fimizi geni\u015fletebiliriz ve i\u015fbirli\u011fine \u201c\u0130yi Ya\u015fam\u201d sekt\u00f6r\u00fcn\u00fc de ekleyebiliriz. Bu sekt\u00f6rdeki \u015firketler ilk ad\u0131mlar\u0131 atmak i\u00e7in ziyaretimde bana e\u015flik ediyorlar. T\u00fcrkiye, D\u0131\u015f Ticaret Bakan\u0131 olarak \u00f6nceliklerim aras\u0131nda yer al\u0131yor.<\/p>\n<p>* <strong>Ziyaretiniz Colbert Komitesi Festivali\u2019ne denk d\u00fc\u015f\u00fcyor. Komite hakk\u0131nda ne s\u00f6yleyebilirsiniz ?<\/strong><\/p>\n<p>\u00b7 Colbert Komitesi Frans\u0131z l\u00fcks\u00fcn\u00fcn b\u00fcy\u00fck markalar\u0131n\u0131 biraraya getiriyor. L\u00fcks markalar Fransa\u2019n\u0131n d\u0131\u015f ticaretinin en sa\u011flam aya\u011f\u0131. (34 milyar euroluk cironun y\u00fczde 84\u2019\u00fc ihracattan) Fransa markas\u0131n\u0131n amiral gemisi l\u00fcks markalard\u0131r. Frans\u0131z l\u00fcks markalar\u0131n\u0131n festival nedeniyle \u0130stanbul\u2019da d\u00fczenledikleri etkinliklere kat\u0131laca\u011f\u0131m. L\u00fcks markalar\u0131n T\u00fcrkiye\u2019ye ihracat\u0131 500 milyon euro ama giderek geli\u015fiyor.<\/p>\n<p>Kaynak: <a href=\"http:\/\/enerjienstitusu.com\/2013\/01\/16\/fransa-dis-ticaret-bakani-bricq-sinop-nukleer-santralina-talibiz\/\" target=\"_blank\">Enerji Enstit\u00fcs\u00fc<\/a><\/p>","protected":false},"excerpt":{"rendered":"<p>Sorry, this entry is only available in Turkish. For the sake of viewer convenience, the content is shown below in the alternative language. You may click the link to switch the active language.Zafer \u00c7a\u011flayan\u2019a iade-i ziyarette bulunan Fransa D\u0131\u015f Ticaret Bakan\u0131 Nicole Bricq\u2019in \u0130stanbul g\u00fcndemi hayli yo\u011fun. Frans\u0131z Saray\u0131\u2019nda d\u00fcn Pegasus Y\u00f6netim Kurulu Ba\u015fkan\u0131 Ali [&hellip;]<\/p>\n","protected":false},"author":1,"featured_media":5300,"comment_status":"open","ping_status":"open","sticky":false,"template":"","format":"standard","meta":[],"categories":[53,43],"tags":[1859,21,88,1027],"views":480,"_links":{"self":[{"href":"https:\/\/www.enerjigazetesi.ist\/en\/wp-json\/wp\/v2\/posts\/5299"}],"collection":[{"href":"https:\/\/www.enerjigazetesi.ist\/en\/wp-json\/wp\/v2\/posts"}],"about":[{"href":"https:\/\/www.enerjigazetesi.ist\/en\/wp-json\/wp\/v2\/types\/post"}],"author":[{"embeddable":true,"href":"https:\/\/www.enerjigazetesi.ist\/en\/wp-json\/wp\/v2\/users\/1"}],"replies":[{"embeddable":true,"href":"https:\/\/www.enerjigazetesi.ist\/en\/wp-json\/wp\/v2\/comments?post=5299"}],"version-history":[{"count":2,"href":"https:\/\/www.enerjigazetesi.ist\/en\/wp-json\/wp\/v2\/posts\/5299\/revisions"}],"predecessor-version":[{"id":5302,"href":"https:\/\/www.enerjigazetesi.ist\/en\/wp-json\/wp\/v2\/posts\/5299\/revisions\/5302"}],"wp:featuredmedia":[{"embeddable":true,"href":"https:\/\/www.enerjigazetesi.ist\/en\/wp-json\/wp\/v2\/media\/5300"}],"wp:attachment":[{"href":"https:\/\/www.enerjigazetesi.ist\/en\/wp-json\/wp\/v2\/media?parent=5299"}],"wp:term":[{"taxonomy":"category","embeddable":true,"href":"https:\/\/www.enerjigazetesi.ist\/en\/wp-json\/wp\/v2\/categories?post=5299"},{"taxonomy":"post_tag","embeddable":true,"href":"https:\/\/www.enerjigazetesi.ist\/en\/wp-json\/wp\/v2\/tags?post=5299"}],"curies":[{"name":"wp","href":"https:\/\/api.w.org\/{rel}","templated":true}]}}