{"id":52951,"date":"2016-05-15T02:52:29","date_gmt":"2016-05-14T23:52:29","guid":{"rendered":"https:\/\/www.enerjigazetesi.ist\/?p=52951"},"modified":"2016-05-15T02:52:29","modified_gmt":"2016-05-14T23:52:29","slug":"akilci-bina-cozumleri-bulusmalari-salt-galatada-gerceklesecek","status":"publish","type":"post","link":"https:\/\/www.enerjigazetesi.ist\/en\/akilci-bina-cozumleri-bulusmalari-salt-galatada-gerceklesecek\/","title":{"rendered":"(Turkish) &#8221;Ak\u0131lc\u0131 Bina \u00c7\u00f6z\u00fcmleri Bulu\u015fmalar\u0131&#8221; Salt Galata&#8217;da Ger\u00e7ekle\u015fecek&#8230;"},"content":{"rendered":"<p class=\"qtranxs-available-languages-message qtranxs-available-languages-message-en\">Sorry, this entry is only available in <a href=\"https:\/\/www.enerjigazetesi.ist\/tr\/wp-json\/wp\/v2\/posts\/52951\" class=\"qtranxs-available-language-link qtranxs-available-language-link-tr\" title=\"Turkish\">Turkish<\/a>. For the sake of viewer convenience, the content is shown below in the alternative language. You may click the link to switch the active language.<\/p><p><strong><a href=\"http:\/\/www.rigips.com.tr\/tr\/\">Rigips T\u00fcrkiye<\/a> taraf<\/strong><strong>\u0131<\/strong><strong>ndan bu y<\/strong><strong>\u0131<\/strong><strong>l 4. kez ger<\/strong><strong>\u00e7<\/strong><strong>ekle<\/strong><strong>\u015f<\/strong><strong>tirilecek olan <\/strong><strong>\u201c<\/strong><strong>Ak<\/strong><strong>\u0131<\/strong><strong>lc<\/strong><strong>\u0131<\/strong><strong> Bina <\/strong><strong>\u00c7\u00f6<\/strong><strong>z\u00fcmleri Bulu<\/strong><strong>\u015f<\/strong><strong>malar<\/strong><strong>\u0131<\/strong><strong>\u201d<\/strong><strong> mimarlar<\/strong><strong>\u0131<\/strong><strong>, i<\/strong><strong>\u00e7<\/strong><strong> mimarlar<\/strong><strong>\u0131<\/strong><strong>, dan<\/strong><strong>\u0131\u015f<\/strong><strong>manlar<\/strong><strong>\u0131<\/strong><strong> ve t<\/strong><strong>\u00fc<\/strong><strong>m di<\/strong><strong>\u011f<\/strong><strong>er sekt<\/strong><strong>\u00f6<\/strong><strong>r profesyonellerini 18 May<\/strong><strong>\u0131<\/strong><strong>s <\/strong><strong>\u00c7<\/strong><strong>ar<\/strong><strong>\u015f<\/strong><strong>amba g<\/strong><strong>\u00fc<\/strong><strong>n<\/strong><strong>\u00fc<\/strong><strong> Salt Galata<\/strong><strong>\u2019<\/strong><strong>da bir araya getirecek. <\/strong><\/p>\n<p>Rigips\u2019in binalar\u0131n tasar\u0131mlar\u0131nda fark yaratacak yeni sistem bile\u015fenlerinin uzmanlar taraf\u0131ndan ele al\u0131n<a href=\"https:\/\/www.enerjigazetesi.ist\/wp-content\/uploads\/2016\/05\/akilci-bina-cozumleri-bulusmalari-salt-galatada-gerceklesecek.jpg\"><img loading=\"lazy\" class=\"alignright size-medium wp-image-52952\" src=\"https:\/\/www.enerjigazetesi.ist\/wp-content\/uploads\/2016\/05\/akilci-bina-cozumleri-bulusmalari-salt-galatada-gerceklesecek-300x208.jpg\" alt=\"akilci-bina-cozumleri-bulusmalari-salt-galatada-gerceklesecek\" width=\"300\" height=\"208\" srcset=\"https:\/\/www.enerjigazetesi.ist\/wp-content\/uploads\/2016\/05\/akilci-bina-cozumleri-bulusmalari-salt-galatada-gerceklesecek-300x208.jpg 300w, https:\/\/www.enerjigazetesi.ist\/wp-content\/uploads\/2016\/05\/akilci-bina-cozumleri-bulusmalari-salt-galatada-gerceklesecek-1024x711.jpg 1024w, https:\/\/www.enerjigazetesi.ist\/wp-content\/uploads\/2016\/05\/akilci-bina-cozumleri-bulusmalari-salt-galatada-gerceklesecek-500x347.jpg 500w, https:\/\/www.enerjigazetesi.ist\/wp-content\/uploads\/2016\/05\/akilci-bina-cozumleri-bulusmalari-salt-galatada-gerceklesecek-71x50.jpg 71w, https:\/\/www.enerjigazetesi.ist\/wp-content\/uploads\/2016\/05\/akilci-bina-cozumleri-bulusmalari-salt-galatada-gerceklesecek.jpg 1475w\" sizes=\"(max-width: 300px) 100vw, 300px\" \/><\/a>aca\u011f\u0131\u201cAk\u0131lc\u0131\u00a0\u00d6zel \u00c7\u00f6z\u00fcmler Toplant\u0131s\u0131\u201dn\u0131n ard\u0131ndan T\u00fcrkiye\u2019nin \u00f6nde gelen mimarlar\u0131ndan Aydan Volkan, Ertun H\u0131z\u0131ro\u011flu, Murat Kader, Tuncer \u00c7akmakl\u0131 ve Yakup Hazan\u2019\u0131n kat\u0131l\u0131mlar\u0131yla ger\u00e7ekle\u015fecek olan panelde \u201cYa\u015fanabilir Mekanlar i\u00e7in Mimarl\u0131k\u201d konusu tart\u0131\u015f\u0131lacak.<\/p>\n<p>T\u00fcrkiye\u2019de yap\u0131 malzemeleri sekt\u00f6r\u00fcnde yap\u0131 al\u00e7\u0131lar\u0131, duvar ve asma tavan sistemleri konular\u0131nda uzun y\u0131llard\u0131r faaliyet g\u00f6steren <strong>Rigips<\/strong>, 2013 y\u0131l\u0131ndan beri ger\u00e7ekle\u015ftirdi\u011fi <strong>\u201cAk<\/strong><strong>\u0131<\/strong><strong>lc<\/strong><strong>\u0131<\/strong><strong> Bina <\/strong><strong>\u00c7\u00f6<\/strong><strong>z<\/strong><strong>\u00fc<\/strong><strong>mleri Bulu<\/strong><strong>\u015f<\/strong><strong>malar<\/strong><strong>\u0131<\/strong><strong>\u201d<\/strong>n\u0131n 4.\u2019s\u00fcn\u00fc bu y\u0131l 18 May\u0131s \u00c7ar\u015famba g\u00fcn\u00fc Beyo\u011flu Salt Galata\u2019da <strong>\u201cAk<\/strong><strong>\u0131<\/strong><strong>lc<\/strong><strong>\u0131\u00a0<\/strong><strong>\u00d6<\/strong><strong>zel <\/strong><strong>\u00c7\u00f6<\/strong><strong>z<\/strong><strong>\u00fc<\/strong><strong>mler Toplant<\/strong><strong>\u0131<\/strong><strong>s<\/strong><strong>\u0131<\/strong><strong>\u201d<\/strong> ve <strong>\u201cYa<\/strong><strong>\u015f<\/strong><strong>anabilir Mekanlar i<\/strong><strong>\u00e7<\/strong><strong>in Mimarl<\/strong><strong>\u0131<\/strong><strong>k Paneli<\/strong><strong>\u201d<\/strong> kapsam\u0131nda d\u00fczenleyecek.<\/p>\n<p><strong>Saint Gobain Rigips\u2019in<\/strong> uluslararas\u0131 d\u00fczeyde y\u00f6neticilerinin konu\u015fmac\u0131 olarak yer alaca\u011f\u0131 <strong>\u201cAk<\/strong><strong>\u0131<\/strong><strong>lc<\/strong><strong>\u0131<\/strong><strong>\u00d6<\/strong><strong>zel <\/strong><strong>\u00c7\u00f6<\/strong><strong>z<\/strong><strong>\u00fc<\/strong><strong>mler Toplant<\/strong><strong>\u0131<\/strong><strong>s<\/strong><strong>\u0131<\/strong><strong>\u201d<\/strong>nda, markan\u0131n binalar\u0131n tasar\u0131mlar\u0131nda fark yaratacak yeni sistem bile\u015fenleri farkl\u0131 a\u00e7\u0131lardan ele al\u0131nacak. Bulu\u015fman\u0131n ikinci b\u00f6l\u00fcm\u00fcnde duayen mimarlar\u0131n kat\u0131l\u0131mlar\u0131yla ger\u00e7ekle\u015fecek olan <strong>\u201cYa<\/strong><strong>\u015f<\/strong><strong>anabilir Mekanlar i<\/strong><strong>\u00e7<\/strong><strong>in Mimarl<\/strong><strong>\u0131<\/strong><strong>k\u201d<\/strong> panelinde ise insan ve mekan ili\u015fkileri, ya\u015fanabilir binalar i\u00e7in mimarlar\u0131n sorumluluklar\u0131 ve nitelikli ya\u015fam i\u00e7in nitelikli tasar\u0131m gibi konular masaya yat\u0131r\u0131lacak.<\/p>\n<p><strong>18 May\u0131s \u00c7ar\u015famba g\u00fcn\u00fc<\/strong> Beyo\u011flu <strong>Salt Galata<\/strong>\u2019da ger\u00e7ekle\u015fecek olan <strong>\u201cAk<\/strong><strong>\u0131<\/strong><strong>lc<\/strong><strong>\u0131<\/strong><strong> Bina <\/strong><strong>\u00c7\u00f6<\/strong><strong>z<\/strong><strong>\u00fc<\/strong><strong>mleri Bulu<\/strong><strong>\u015f<\/strong><strong>malar<\/strong><strong>\u0131<\/strong><strong>\u201d<\/strong>, <strong>Rigips <\/strong><strong>\u0130\u015f<\/strong><strong> Geli<\/strong><strong>\u015f<\/strong><strong>tirme ve Pazarlama M<\/strong><strong>\u00fc<\/strong><strong>d<\/strong><strong>\u00fc<\/strong><strong>r<\/strong><strong>\u00fc<\/strong><strong> Faruk Akel<\/strong>\u2019in a\u00e7\u0131l\u0131\u015f konu\u015fmas\u0131yla ba\u015flayacak.<\/p>\n<p>Ard\u0131ndan ba\u015flayacak olan<strong> \u201cAk<\/strong><strong>\u0131<\/strong><strong>lc<\/strong><strong>\u0131<\/strong><strong>\u00d6<\/strong><strong>zel <\/strong><strong>\u00c7\u00f6<\/strong><strong>z<\/strong><strong>\u00fc<\/strong><strong>mler Toplant<\/strong><strong>\u0131<\/strong><strong>s<\/strong><strong>\u0131<\/strong><strong>\u201d<\/strong>nda <strong>Saint-Gobain Metal Sistemler Global \u00dcr\u00fcn Y\u00f6neticisi Jonathan Cherry <\/strong>sahne alarak<strong> Saint-Gobain<\/strong> al\u00e7\u0131 grubunun d\u00fcnyadaki \u00e7e\u015fitli fabrikalar\u0131nda ileri teknoloji ile \u00fcretilen <strong>Habito<\/strong> al\u00e7\u0131 levhalar\u0131n\u0131 dayan\u0131kl\u0131l\u0131k ve akustik performans a\u00e7\u0131s\u0131ndan de\u011ferlendirecek. <strong>Saint-Gobain Global Pazarlama Y\u00f6neticisi Rupert Neumann\u2019<\/strong><strong>\u0131<\/strong><strong>n<\/strong> al\u00e7\u0131 levha sistemleri ile olu\u015fturulan duvar k\u00f6\u015felerinin sert \u00e7arpmalara kar\u015f\u0131 dayan\u0131kl\u0131 hale getirilebilmesi i\u00e7in geli\u015ftirilen sistem \u00e7\u00f6z\u00fcmlerini aktaraca\u011f\u0131 konu\u015fmas\u0131n\u0131n ard\u0131ndan <strong>Saint-Gobain Rigips<\/strong>\u2019in \u0131slak mekan \u00e7\u00f6z\u00fcmlerinde inovatif \u00fcr\u00fcnleriyle do\u011fru detay \u00e7\u00f6z\u00fcmlerine y\u00f6nelik sistemleri hakk\u0131ndaki konu\u015fmas\u0131yla <strong>Saint-Gobain Placo Islak Mekanlar Global \u00dcr\u00fcn Y\u00f6neticisi Fernando Martin Lopez<\/strong> sahne alarak, konferans kat\u0131l\u0131mc\u0131lar\u0131na su ve nemin do\u011fru detaylarla \u00e7\u00f6z\u00fcmlenmesi gerekti\u011fini aktaracak. Konu\u015fman\u0131n ard\u0131ndan <strong>Hadley Grubu Teknik ve <\/strong><strong>\u0130\u015f<\/strong><strong> Geli<\/strong><strong>\u015f<\/strong><strong>tirme Direkt<\/strong><strong>\u00f6<\/strong><strong>r<\/strong><strong>\u00fc<\/strong><strong> Mike Castellucci<\/strong>, al\u00e7\u0131 levha sistemlerinin iskeletini olu\u015fturan metal \u00e7er\u00e7evelerin profilleri hakk\u0131nda bilgilendirme yapacak. Son olarak <strong>Saint-Gobain Rigips T\u00fcrkiye Teknik Pazarlama Birim M\u00fcd\u00fcr\u00fc Kubilay B\u00fcy\u00fckl\u00fc<\/strong>\u2019n\u00fcn inovatif yakla\u015f\u0131m ve do\u011fru detay \u00e7\u00f6z\u00fcmleriyle ilgili konu\u015fmas\u0131n\u0131n ard\u0131ndan <strong>Gazi \u00dcniversitesi Mimarl<\/strong><strong>\u0131<\/strong><strong>k Fak<\/strong><strong>\u00fc<\/strong><strong>ltesi <\/strong><strong>\u00d6<\/strong><strong>\u011f<\/strong><strong>retim <\/strong><strong>\u00dc<\/strong><strong>yesi Prof. Dr. Figen Beyhan<\/strong>\u2019\u0131n moderat\u00f6rl\u00fc\u011f\u00fcnde <strong>\u201cYa<\/strong><strong>\u015f<\/strong><strong>anabilir Mekanlar i<\/strong><strong>\u00e7<\/strong><strong>in Mimarl<\/strong><strong>\u0131<\/strong><strong>k<\/strong><strong>\u201d<\/strong> paneli ba\u015flayacak.<\/p>\n<p>Panelde <strong>ERA Mimarl<\/strong><strong>\u0131<\/strong><strong>k <\/strong>kurucusu<strong> Prof. Dr. Ertun H<\/strong><strong>\u0131<\/strong><strong>z<\/strong><strong>\u0131<\/strong><strong>ro<\/strong><strong>\u011f<\/strong><strong>lu<\/strong>, <strong>Kreatif Mimarl<\/strong><strong>\u0131<\/strong><strong>k <\/strong>kurucusu<strong> Mimar Aydan Volkan<\/strong>, <strong>\u0130<\/strong><strong>ki Design Group <\/strong>kurucu orta\u011f\u0131<strong> Y\u00fcksek Mimar Murat Kader<\/strong>, <strong>Tuncer \u00c7akmakl<\/strong><strong>\u0131<\/strong><strong> Architects <\/strong>kurucusu <strong>Y\u00fcksek Mimar Tuncer \u00c7akmakl<\/strong><strong>\u0131<\/strong> ve <strong>Yakup Hazan Mimarl<\/strong><strong>\u0131<\/strong><strong>k <\/strong>kurucusu <strong>Y\u00fcksek Mimar Yakup Hazan<\/strong> ile mimarl\u0131k, de\u011fi\u015fen de\u011ferler ve beklentiler \u00e7er\u00e7evesinde mimarl\u0131ktan beklenilenler, binalardan beklenen performans \u00f6l\u00e7\u00fctleri ve ya\u015fanabilir binalar i\u00e7in mimarlar\u0131n sorumluluklar\u0131 hakk\u0131ndaki konular masaya yat\u0131r\u0131lacak.<\/p>\n<p>Panelin ard\u0131ndan ger\u00e7ekle\u015fecek kokteyl ile <strong>\u201cAk<\/strong><strong>\u0131<\/strong><strong>lc<\/strong><strong>\u0131<\/strong><strong> Bina <\/strong><strong>\u00c7\u00f6<\/strong><strong>z<\/strong><strong>\u00fc<\/strong><strong>mleri Bulu<\/strong><strong>\u015f<\/strong><strong>malar<\/strong><strong>\u0131<\/strong><strong>\u201d<\/strong> sona erecek.<\/p>\n<p>Kat\u0131l\u0131mc\u0131 kapasitesinin s\u0131n\u0131rl\u0131 olaca\u011f\u0131 <strong>Ak\u0131lc\u0131 Bina \u00c7\u00f6z\u00fcmleri Bulu\u015fmalar\u0131<\/strong> etkinli\u011fine izleyici olarak <span style=\"text-decoration: underline;\">kat\u0131lmak isteyen<\/span> <strong>mimarlar, i\u00e7 mimarlar, dan\u0131\u015fmanlar ve sekt\u00f6r profesyonelleri<\/strong> <a href=\"mailto:event@prchitect.com\">event@prchitect.com<\/a> adresine <strong>e-mail atarak<\/strong> rezervasyon yapt\u0131rabilecekler.<\/p>\n<p>Kaynak: B\u00fcltenler<\/p>","protected":false},"excerpt":{"rendered":"<p>Sorry, this entry is only available in Turkish. For the sake of viewer convenience, the content is shown below in the alternative language. You may click the link to switch the active language.Rigips T\u00fcrkiye taraf\u0131ndan bu y\u0131l 4. kez ger\u00e7ekle\u015ftirilecek olan \u201cAk\u0131lc\u0131 Bina \u00c7\u00f6z\u00fcmleri Bulu\u015fmalar\u0131\u201d mimarlar\u0131, i\u00e7 mimarlar\u0131, dan\u0131\u015fmanlar\u0131 ve t\u00fcm di\u011fer sekt\u00f6r profesyonellerini 18 [&hellip;]<\/p>\n","protected":false},"author":1,"featured_media":52952,"comment_status":"open","ping_status":"open","sticky":false,"template":"","format":"standard","meta":[],"categories":[53],"tags":[29666,67,1009,2698,165,29669,29665,29667,29668],"views":1658,"_links":{"self":[{"href":"https:\/\/www.enerjigazetesi.ist\/en\/wp-json\/wp\/v2\/posts\/52951"}],"collection":[{"href":"https:\/\/www.enerjigazetesi.ist\/en\/wp-json\/wp\/v2\/posts"}],"about":[{"href":"https:\/\/www.enerjigazetesi.ist\/en\/wp-json\/wp\/v2\/types\/post"}],"author":[{"embeddable":true,"href":"https:\/\/www.enerjigazetesi.ist\/en\/wp-json\/wp\/v2\/users\/1"}],"replies":[{"embeddable":true,"href":"https:\/\/www.enerjigazetesi.ist\/en\/wp-json\/wp\/v2\/comments?post=52951"}],"version-history":[{"count":1,"href":"https:\/\/www.enerjigazetesi.ist\/en\/wp-json\/wp\/v2\/posts\/52951\/revisions"}],"predecessor-version":[{"id":52953,"href":"https:\/\/www.enerjigazetesi.ist\/en\/wp-json\/wp\/v2\/posts\/52951\/revisions\/52953"}],"wp:featuredmedia":[{"embeddable":true,"href":"https:\/\/www.enerjigazetesi.ist\/en\/wp-json\/wp\/v2\/media\/52952"}],"wp:attachment":[{"href":"https:\/\/www.enerjigazetesi.ist\/en\/wp-json\/wp\/v2\/media?parent=52951"}],"wp:term":[{"taxonomy":"category","embeddable":true,"href":"https:\/\/www.enerjigazetesi.ist\/en\/wp-json\/wp\/v2\/categories?post=52951"},{"taxonomy":"post_tag","embeddable":true,"href":"https:\/\/www.enerjigazetesi.ist\/en\/wp-json\/wp\/v2\/tags?post=52951"}],"curies":[{"name":"wp","href":"https:\/\/api.w.org\/{rel}","templated":true}]}}