{"id":52832,"date":"2016-05-11T15:58:07","date_gmt":"2016-05-11T12:58:07","guid":{"rendered":"https:\/\/www.enerjigazetesi.ist\/?p=52832"},"modified":"2016-05-11T15:58:07","modified_gmt":"2016-05-11T12:58:07","slug":"avrupanin-gunes-enerjisi-kurulu-gucu-100-gw-seviyesine-ulasti","status":"publish","type":"post","link":"https:\/\/www.enerjigazetesi.ist\/en\/avrupanin-gunes-enerjisi-kurulu-gucu-100-gw-seviyesine-ulasti\/","title":{"rendered":"(Turkish) Avrupa\u2019n\u0131n G\u00fcne\u015f Enerjisi Kurulu G\u00fcc\u00fc 100 GW Seviyesine Ula\u015ft\u0131!"},"content":{"rendered":"<p class=\"qtranxs-available-languages-message qtranxs-available-languages-message-en\">Sorry, this entry is only available in <a href=\"https:\/\/www.enerjigazetesi.ist\/tr\/wp-json\/wp\/v2\/posts\/52832\" class=\"qtranxs-available-language-link qtranxs-available-language-link-tr\" title=\"Turkish\">Turkish<\/a>. For the sake of viewer convenience, the content is shown below in the alternative language. You may click the link to switch the active language.<\/p><p><\/p>\n<p class=\"selectionShareable\" style=\"color: #0a0a0a;\"><strong>Avrupa g\u00fcne\u015f enerjisinde \u00f6nemli\u00a0bir e\u015fi\u011fi yakald\u0131, elektrik sistemine ba\u011fl\u0131 (on-grid) g\u00fcne\u015f enerjisi santrallerinin k\u00fcm\u00fclatif toplam kurulu g\u00fcc\u00fc 100 GW\u2019a ula\u015ft\u0131.\u00a0<\/strong><\/p>\n<p class=\"selectionShareable\" style=\"color: #0a0a0a;\">ABD merkezli K\u00fcresel Enerji Piyasas\u0131 Veri ve Ara\u015ft\u0131rma Kurumu\u2019nun (IHS) \u015firketi ara\u015ft\u0131rmas\u0131n\u0131n sonu\u00e7lar\u0131n\u0131 duyurdu. Son y\u0131llara kadar enerji ekosisteminin ni\u015f alternatif teknolojisi olarak d\u00fc\u015f\u00fcn\u00fclen g\u00fcne\u015f, art\u0131k sistemin\u00a0\u00f6nemli\u00a0par\u00e7as\u0131 haline geldi. 2005 y\u0131l\u0131nda sadece\u00a0<strong>3 GW<\/strong>\u00a0olan g\u00fcne\u015f kurulu g\u00fcc\u00fc h\u0131zla artarak\u00a02016 ikinci \u00e7eyre\u011fi itibari ile\u00a0<strong>100 GW<\/strong>\u2018\u0131 ge\u00e7ti.<span id=\"more-80593\"><\/span><\/p>\n<p class=\"selectionShareable\" style=\"color: #0a0a0a;\"><strong>Avrupa\u2019n\u0131n g\u00fcne\u015fi\u00a0T\u00fcrkiye\u2019nin toplam g\u00fcc\u00fcn\u00fc ge\u00e7ti<\/strong><\/p>\n<p class=\"selectionShareable\" style=\"color: #0a0a0a;\">Avrupa\u2019n\u0131n ula\u015ft\u0131\u011f\u0131 bu rakam ayn\u0131 zamanda T\u00fcrkiye\u2019nin toplam kurulu g\u00fcc\u00fcn\u00fc a\u00e7\u0131k farkla ge\u00e7mi\u015f oldu. T\u00fcrkiye\u2019nin k\u00f6m\u00fcr, do\u011fal gaz, hes ve di\u011fer yenilenebilir kaynaklar dahil b\u00fct\u00fcn yak\u0131t tiplerinden elde etti\u011fi\u00a0toplam kurulu g\u00fcc\u00fc\u00a0<strong>74 GW<\/strong>d\u00fczeyinde bulunuyor. T\u00fcrkiye\u2019de son durum itibariyle\u00a0g\u00fcne\u015f enerjisi kurulu g\u00fcc\u00fc<strong>357 MW (0.3 GW)<\/strong>\u00a0civar\u0131nda bulunuyor.<\/p>\n<h3 style=\"font-weight: 400; color: #111111;\"><strong>Avrupa k\u00fcm\u00fclatif g\u00fcne\u015f enerjisi kapasitesi\u00a0(GW)<\/strong><\/h3>\n<p class=\"selectionShareable\"><a style=\"color: #1e73be;\" href=\"http:\/\/statik2.enerjienstitusu.com\/wp-content\/uploads\/avrupa-solar-gunes-enerjisi-kapasitesi.png\" target=\"_blank\"><img loading=\"lazy\" class=\"aligncenter size-full wp-image-80595 td-animation-stack-type0-1\" src=\"http:\/\/statik2.enerjienstitusu.com\/wp-content\/uploads\/avrupa-solar-gunes-enerjisi-kapasitesi.png\" alt=\"avrupa solar gunes enerjisi kapasitesi\" width=\"472\" height=\"222\" \/><\/a><\/p>\n<p class=\"selectionShareable\" style=\"color: #0a0a0a;\">Uzmanlar, bu ba\u015far\u0131n\u0131n alt\u0131nda 2 fakt\u00f6r\u00fcn oldu\u011funu ifade ediliyor. Buna g\u00f6re, Avrupa Birli\u011fi Yenilenebilir Enerji Direktifleri do\u011frultusunda yap\u0131lan d\u00fczenlemeler ile ortalama maliyetlerin %80 oran\u0131nda azalt\u0131lmas\u0131 ve b\u00fcrokrasinin ciddi manada d\u00fc\u015f\u00fcr\u00fclmesi\u00a0ana rol oynad\u0131.<\/p>\n<p class=\"selectionShareable\" style=\"color: #0a0a0a;\"><iframe loading=\"lazy\" src=\"https:\/\/www.youtube.com\/embed\/_wVUpCAN9BU?feature=oembed\" width=\"419\" height=\"209\" frameborder=\"0\" allowfullscreen=\"allowfullscreen\"><\/iframe><\/p>\n<p class=\"selectionShareable\" style=\"color: #0a0a0a;\">Kaynak: Enerji Enstit\u00fcs\u00fc<\/p>\n<p class=\"selectionShareable\">\n<p><\/p>","protected":false},"excerpt":{"rendered":"<p>Sorry, this entry is only available in Turkish. For the sake of viewer convenience, the content is shown below in the alternative language. You may click the link to switch the active language. Avrupa g\u00fcne\u015f enerjisinde \u00f6nemli\u00a0bir e\u015fi\u011fi yakald\u0131, elektrik sistemine ba\u011fl\u0131 (on-grid) g\u00fcne\u015f enerjisi santrallerinin k\u00fcm\u00fclatif toplam kurulu g\u00fcc\u00fc 100 GW\u2019a ula\u015ft\u0131.\u00a0 ABD merkezli [&hellip;]<\/p>\n","protected":false},"author":1,"featured_media":22513,"comment_status":"open","ping_status":"open","sticky":false,"template":"","format":"standard","meta":[],"categories":[53,49],"tags":[29597,29598,29599,29600,29601,63,67,1009,2698,165,2326,21886,227,13,2569,23133,4269],"views":841,"_links":{"self":[{"href":"https:\/\/www.enerjigazetesi.ist\/en\/wp-json\/wp\/v2\/posts\/52832"}],"collection":[{"href":"https:\/\/www.enerjigazetesi.ist\/en\/wp-json\/wp\/v2\/posts"}],"about":[{"href":"https:\/\/www.enerjigazetesi.ist\/en\/wp-json\/wp\/v2\/types\/post"}],"author":[{"embeddable":true,"href":"https:\/\/www.enerjigazetesi.ist\/en\/wp-json\/wp\/v2\/users\/1"}],"replies":[{"embeddable":true,"href":"https:\/\/www.enerjigazetesi.ist\/en\/wp-json\/wp\/v2\/comments?post=52832"}],"version-history":[{"count":1,"href":"https:\/\/www.enerjigazetesi.ist\/en\/wp-json\/wp\/v2\/posts\/52832\/revisions"}],"predecessor-version":[{"id":52833,"href":"https:\/\/www.enerjigazetesi.ist\/en\/wp-json\/wp\/v2\/posts\/52832\/revisions\/52833"}],"wp:featuredmedia":[{"embeddable":true,"href":"https:\/\/www.enerjigazetesi.ist\/en\/wp-json\/wp\/v2\/media\/22513"}],"wp:attachment":[{"href":"https:\/\/www.enerjigazetesi.ist\/en\/wp-json\/wp\/v2\/media?parent=52832"}],"wp:term":[{"taxonomy":"category","embeddable":true,"href":"https:\/\/www.enerjigazetesi.ist\/en\/wp-json\/wp\/v2\/categories?post=52832"},{"taxonomy":"post_tag","embeddable":true,"href":"https:\/\/www.enerjigazetesi.ist\/en\/wp-json\/wp\/v2\/tags?post=52832"}],"curies":[{"name":"wp","href":"https:\/\/api.w.org\/{rel}","templated":true}]}}