{"id":52816,"date":"2016-05-11T14:29:18","date_gmt":"2016-05-11T11:29:18","guid":{"rendered":"https:\/\/www.enerjigazetesi.ist\/?p=52816"},"modified":"2016-05-11T14:29:18","modified_gmt":"2016-05-11T11:29:18","slug":"sokakta-elektrik-tasarrufu-donemi-basliyor","status":"publish","type":"post","link":"https:\/\/www.enerjigazetesi.ist\/en\/sokakta-elektrik-tasarrufu-donemi-basliyor\/","title":{"rendered":"(Turkish) Sokakta Elektrik Tasarrufu D\u00f6nemi Ba\u015fl\u0131yor!"},"content":{"rendered":"<p class=\"qtranxs-available-languages-message qtranxs-available-languages-message-en\">Sorry, this entry is only available in <a href=\"https:\/\/www.enerjigazetesi.ist\/tr\/wp-json\/wp\/v2\/posts\/52816\" class=\"qtranxs-available-language-link qtranxs-available-language-link-tr\" title=\"Turkish\">Turkish<\/a>. For the sake of viewer convenience, the content is shown below in the alternative language. You may click the link to switch the active language.<\/p><p><\/p>\n<p class=\"selectionShareable\" style=\"color: #0a0a0a;\"><strong>Sokak ayd\u0131nlatma giderinin Hazine yerine Enerji ve Tabii Kaynaklar Bakanl\u0131\u011f\u0131 ile belediyelere b\u0131rak\u0131lmas\u0131n\u0131n ard\u0131ndan tasarruf d\u00f6nemi ba\u015fl\u0131yor.<\/strong><span id=\"more-80539\"><\/span><\/p>\n<p class=\"selectionShareable\" style=\"color: #0a0a0a;\">Y\u0131ll\u0131k 1.2 milyar liray\u0131 bulan sokak ayd\u0131nlatmas\u0131 giderini azaltacak ad\u0131m at\u0131ld\u0131. Resmi Gazete\u2019de yay\u0131mlanan y<a href=\"https:\/\/www.enerjigazetesi.ist\/wp-content\/uploads\/2016\/05\/sokakta-elektrik-tasarrufu-donemi-basliyor.jpg\"><img loading=\"lazy\" class=\"alignright size-medium wp-image-52817\" src=\"https:\/\/www.enerjigazetesi.ist\/wp-content\/uploads\/2016\/05\/sokakta-elektrik-tasarrufu-donemi-basliyor-300x192.jpg\" alt=\"sokakta-elektrik-tasarrufu-donemi-basliyor\" width=\"300\" height=\"192\" srcset=\"https:\/\/www.enerjigazetesi.ist\/wp-content\/uploads\/2016\/05\/sokakta-elektrik-tasarrufu-donemi-basliyor-300x192.jpg 300w, https:\/\/www.enerjigazetesi.ist\/wp-content\/uploads\/2016\/05\/sokakta-elektrik-tasarrufu-donemi-basliyor-1024x658.jpg 1024w, https:\/\/www.enerjigazetesi.ist\/wp-content\/uploads\/2016\/05\/sokakta-elektrik-tasarrufu-donemi-basliyor-500x321.jpg 500w, https:\/\/www.enerjigazetesi.ist\/wp-content\/uploads\/2016\/05\/sokakta-elektrik-tasarrufu-donemi-basliyor-77x50.jpg 77w, https:\/\/www.enerjigazetesi.ist\/wp-content\/uploads\/2016\/05\/sokakta-elektrik-tasarrufu-donemi-basliyor.jpg 1068w\" sizes=\"(max-width: 300px) 100vw, 300px\" \/><\/a>\u00f6netmelik de\u011fi\u015fikli\u011fine g\u00f6re park, bah\u00e7e ve y\u00fcr\u00fcy\u00fc\u015f yolu gibi yerlerdeki ayd\u0131nlatmalar enerji verimli\u011fi dikkate al\u0131narak t\u00fcketimleri azalt\u0131lacak. Star\u2019\u0131n haberine g\u00f6re, Enerji ve Tabii Kaynaklar Bakanl\u0131\u011f\u0131\u2019n\u0131n Genel Ayd\u0131nlatma Y\u00f6netmeli\u011fi\u2019nde yap\u0131lan de\u011fi\u015fik \u015f\u00f6yle yer ald\u0131: \u201c27\/7\/2013 tarihli ve 28720 say\u0131l\u0131 Resm\u00ee Gazete\u2019de yay\u0131mlanan Genel Ayd\u0131nlatma Y\u00f6netmeli\u011finin ge\u00e7ici d\u00f6rd\u00fcnc\u00fc maddesi de\u011fi\u015ftirilmi\u015ftir.<\/p>\n<p class=\"selectionShareable\" style=\"color: #0a0a0a;\">Genel ayd\u0131nlatma kapsam\u0131nda halk\u0131n \u00fccretsiz kullan\u0131m\u0131na a\u00e7\u0131k ve kamuya ait park, bah\u00e7e, tarihi ve \u00f6ren yerleri ile y\u00fcr\u00fcy\u00fc\u015f yolu gibi yerlerdeki mevcut ayd\u0131nlatma tesislerinde enerji verimlili\u011fi dikkate al\u0131narak, t\u00fcketim miktarlar\u0131n\u0131n azalt\u0131lmas\u0131na veya ayd\u0131nlatma d\u00fczeylerinin en ge\u00e7 saat 02:00\u2019den sonra y\u00fczde elli oran\u0131nda d\u00fc\u015f\u00fcr\u00fclmesine y\u00f6nelik yat\u0131r\u0131mlar 31\/12\/2017 tarihine kadar tamamlan\u0131r.\u201d S\u00f6z konusu y\u00f6netmelik 1 Ocak 2016 tarihinden itibaren ge\u00e7erli olmak \u00fczere yay\u0131m\u0131 tarihinde y\u00fcr\u00fcrl\u00fc\u011fe girdi.<\/p>\n<p class=\"selectionShareable\" style=\"color: #0a0a0a;\">Kaynak: Enerji Enstit\u00fcs\u00fc<\/p>\n<p><\/p>","protected":false},"excerpt":{"rendered":"<p>Sorry, this entry is only available in Turkish. For the sake of viewer convenience, the content is shown below in the alternative language. You may click the link to switch the active language. Sokak ayd\u0131nlatma giderinin Hazine yerine Enerji ve Tabii Kaynaklar Bakanl\u0131\u011f\u0131 ile belediyelere b\u0131rak\u0131lmas\u0131n\u0131n ard\u0131ndan tasarruf d\u00f6nemi ba\u015fl\u0131yor. Y\u0131ll\u0131k 1.2 milyar liray\u0131 bulan [&hellip;]<\/p>\n","protected":false},"author":1,"featured_media":52817,"comment_status":"open","ping_status":"open","sticky":false,"template":"","format":"standard","meta":[],"categories":[53,52],"tags":[29592,63,67,1009,2698,165,29593,1388,5028],"views":1118,"_links":{"self":[{"href":"https:\/\/www.enerjigazetesi.ist\/en\/wp-json\/wp\/v2\/posts\/52816"}],"collection":[{"href":"https:\/\/www.enerjigazetesi.ist\/en\/wp-json\/wp\/v2\/posts"}],"about":[{"href":"https:\/\/www.enerjigazetesi.ist\/en\/wp-json\/wp\/v2\/types\/post"}],"author":[{"embeddable":true,"href":"https:\/\/www.enerjigazetesi.ist\/en\/wp-json\/wp\/v2\/users\/1"}],"replies":[{"embeddable":true,"href":"https:\/\/www.enerjigazetesi.ist\/en\/wp-json\/wp\/v2\/comments?post=52816"}],"version-history":[{"count":1,"href":"https:\/\/www.enerjigazetesi.ist\/en\/wp-json\/wp\/v2\/posts\/52816\/revisions"}],"predecessor-version":[{"id":52818,"href":"https:\/\/www.enerjigazetesi.ist\/en\/wp-json\/wp\/v2\/posts\/52816\/revisions\/52818"}],"wp:featuredmedia":[{"embeddable":true,"href":"https:\/\/www.enerjigazetesi.ist\/en\/wp-json\/wp\/v2\/media\/52817"}],"wp:attachment":[{"href":"https:\/\/www.enerjigazetesi.ist\/en\/wp-json\/wp\/v2\/media?parent=52816"}],"wp:term":[{"taxonomy":"category","embeddable":true,"href":"https:\/\/www.enerjigazetesi.ist\/en\/wp-json\/wp\/v2\/categories?post=52816"},{"taxonomy":"post_tag","embeddable":true,"href":"https:\/\/www.enerjigazetesi.ist\/en\/wp-json\/wp\/v2\/tags?post=52816"}],"curies":[{"name":"wp","href":"https:\/\/api.w.org\/{rel}","templated":true}]}}