{"id":52799,"date":"2016-05-10T07:22:58","date_gmt":"2016-05-10T04:22:58","guid":{"rendered":"https:\/\/www.enerjigazetesi.ist\/?p=52799"},"modified":"2016-05-10T07:22:58","modified_gmt":"2016-05-10T04:22:58","slug":"akenerjinin-2016-yili-ilk-ceyrek-kari-53-milyon-tl","status":"publish","type":"post","link":"https:\/\/www.enerjigazetesi.ist\/en\/akenerjinin-2016-yili-ilk-ceyrek-kari-53-milyon-tl\/","title":{"rendered":"(Turkish) Akenerji\u2019nin 2016 Y\u0131l\u0131 \u0130lk \u00c7eyrek Kar\u0131 53 Milyon TL&#8230;"},"content":{"rendered":"<p class=\"qtranxs-available-languages-message qtranxs-available-languages-message-en\">Sorry, this entry is only available in <a href=\"https:\/\/www.enerjigazetesi.ist\/tr\/wp-json\/wp\/v2\/posts\/52799\" class=\"qtranxs-available-language-link qtranxs-available-language-link-tr\" title=\"Turkish\">Turkish<\/a>. For the sake of viewer convenience, the content is shown below in the alternative language. You may click the link to switch the active language.<\/p><p><\/p>\n<p class=\"selectionShareable\" style=\"color: #0a0a0a;\"><strong>Dan\u0131\u015fman, piyasada 2016 y\u0131l\u0131nda do\u011falgaz fiyatlar\u0131nda a\u015fa\u011f\u0131 y\u00f6nl\u00fc bir revizyon beklentisinin bulundu\u011funu ancak hen\u00fcz bunun zaman\u0131 ve miktar\u0131 konusunda bir a\u00e7\u0131klama yap\u0131lmad\u0131\u011f\u0131n\u0131 s\u00f6yledi.\u00a0Akenerji\u2019nin, 2016 y\u0131l\u0131 ilk \u00e7eyrek kar\u0131n\u0131n 53 milyon TL olarak ger\u00e7ekle\u015fti\u011fi bildirildi.<\/strong><span id=\"more-80528\"><\/span><\/p>\n<p class=\"selectionShareable\" style=\"color: #0a0a0a;\">\u015eirketten yap\u0131lan a\u00e7\u0131klamaya g\u00f6re, Akenerji\u2019nin Faiz, Amortisman ve Vergi \u00d6ncesi Kar\u0131 (FAV\u00d6K) 2016 birinci \u00e7eyrekte, beklenti dahilinde 120 m<a href=\"https:\/\/www.enerjigazetesi.ist\/wp-content\/uploads\/2016\/05\/akenerjinin-2016-yili-ilk-ceyrek-kari-53-milyon-tl.jpg\"><img loading=\"lazy\" class=\"alignleft size-medium wp-image-52800\" src=\"https:\/\/www.enerjigazetesi.ist\/wp-content\/uploads\/2016\/05\/akenerjinin-2016-yili-ilk-ceyrek-kari-53-milyon-tl-300x230.jpg\" alt=\"akenerjinin-2016-yili-ilk-ceyrek-kari-53-milyon-tl\" width=\"300\" height=\"230\" srcset=\"https:\/\/www.enerjigazetesi.ist\/wp-content\/uploads\/2016\/05\/akenerjinin-2016-yili-ilk-ceyrek-kari-53-milyon-tl-300x230.jpg 300w, https:\/\/www.enerjigazetesi.ist\/wp-content\/uploads\/2016\/05\/akenerjinin-2016-yili-ilk-ceyrek-kari-53-milyon-tl-500x384.jpg 500w, https:\/\/www.enerjigazetesi.ist\/wp-content\/uploads\/2016\/05\/akenerjinin-2016-yili-ilk-ceyrek-kari-53-milyon-tl-65x50.jpg 65w, https:\/\/www.enerjigazetesi.ist\/wp-content\/uploads\/2016\/05\/akenerjinin-2016-yili-ilk-ceyrek-kari-53-milyon-tl.jpg 696w\" sizes=\"(max-width: 300px) 100vw, 300px\" \/><\/a>ilyon TL ve FAV\u00d6K marj\u0131 ise d\u00f6nem sonu itibariyle y\u00fczde 35 oldu.<\/p>\n<p class=\"selectionShareable\" style=\"color: #0a0a0a;\">Akocak Hidroelektrik Santrali\u2019nin devir i\u015flemlerinin tamamland\u0131\u011f\u0131 ilk \u00e7eyrek sonu itibariyle kurulu g\u00fcc\u00fc 1.211 Megavat (MW) olan Akenerji\u2019nin, bu d\u00f6nemde net sat\u0131\u015f geliri 342 milyon TL\u2019ye ula\u015f\u0131rken, esas faaliyet kar\u0131 ise bir \u00f6nceki y\u0131la g\u00f6re yakla\u015f\u0131k y\u00fczde 60 artarak 78 milyon TL\u2019ye \u00e7\u0131kt\u0131. \u015eirketin, yat\u0131r\u0131mlar\u0131 dolay\u0131s\u0131yla sahip oldu\u011fu finansal y\u00fck\u00fcml\u00fcl\u00fcklerinden olu\u015fan kur fark\u0131 ve faiz giderlerinin etkisiyle vergi sonras\u0131 net kar\u0131 ise 53 milyon TL oldu.<\/p>\n<p class=\"selectionShareable\" style=\"color: #0a0a0a;\">Erzin Do\u011fal Gaz Kombine \u00c7evrim Santrali\u2019nin etkisiyle d\u00f6nem boyunca, Akenerji\u2019nin elektrik \u00fcretimi 829 milyon kilovat saat (kWh), yenilenebilir kaynaklar\u0131n \u00fcretimdeki pay\u0131 ise y\u00fczde 45 olarak ger\u00e7ekle\u015fti.<\/p>\n<p class=\"selectionShareable\" style=\"color: #0a0a0a;\">Akenerji, ger\u00e7ekle\u015ftirdi\u011fi toplam 1 milyar 922 milyon kWh elektrik sat\u0131\u015f\u0131n\u0131n y\u00fczde 30\u2019unu DUY piyasas\u0131nda, kalan\u0131n\u0131 ise ikili anla\u015fmalar yoluyla yapt\u0131.<\/p>\n<p class=\"selectionShareable\" style=\"color: #0a0a0a;\">A\u00e7\u0131klamada g\u00f6r\u00fc\u015flerine yer verilen Akenerji Genel M\u00fcd\u00fcr\u00fc Ahmet \u00dcmit Dan\u0131\u015fman, 2016 ilk \u00e7eyre\u011finde T\u00fcrkiye\u2019de elektrik talebinde y\u00fczde 4,2\u2018lik bir b\u00fcy\u00fcme ya\u015fand\u0131\u011f\u0131na dikkat \u00e7ekerek \u015funlar\u0131 kaydetti: \u201c2015 y\u0131l\u0131nda karl\u0131l\u0131\u011f\u0131m\u0131z iki temel sebebe dayan\u0131yordu. Ya\u011f\u0131\u015fl\u0131 bir y\u0131l olmas\u0131 nedeniyle artan hidroelektrik \u00fcretimi ve elektrik ticaretinde ya\u015fanan art\u0131\u015f. 2016 y\u0131l\u0131 boyunca da benzer \u015fekilde bir pozitif getiri sa\u011flayaca\u011f\u0131m\u0131za inan\u0131yoruz. Ancak bu y\u0131l ya\u011f\u0131\u015flar ge\u00e7en seneki gibi de\u011fil. Ayr\u0131ca piyasada fiyatlar arz fazlas\u0131ndan dolay\u0131 2015\u2019in ayn\u0131 d\u00f6nemine g\u00f6re ortalama y\u00fczde 17 d\u00fc\u015ferek 121 TL\/MWh seviyesinde ger\u00e7ekle\u015fti. Elektrikte arz fazlas\u0131n\u0131n, talep art\u0131\u015f\u0131n\u0131n da \u00fczerinde ger\u00e7ekle\u015fmesiyle elektrik fiyatlar\u0131 \u00fczerinde olu\u015fan bask\u0131n\u0131n 2016 y\u0131l\u0131nda da devam edece\u011fini \u00f6ng\u00f6r\u00fcyoruz.\u201d<\/p>\n<p class=\"selectionShareable\" style=\"color: #0a0a0a;\">Dan\u0131\u015fman, piyasada 2016 y\u0131l\u0131nda do\u011falgaz fiyatlar\u0131nda a\u015fa\u011f\u0131 y\u00f6nl\u00fc bir revizyon beklentisinin bulundu\u011funu ancak hen\u00fcz bunun zaman\u0131 ve miktar\u0131 konusunda bir a\u00e7\u0131klama yap\u0131lmad\u0131\u011f\u0131n\u0131 s\u00f6yledi.<\/p>\n<p class=\"selectionShareable\" style=\"color: #0a0a0a;\">Kaynak: B\u00fcltenler<\/p>\n<p><\/p>","protected":false},"excerpt":{"rendered":"<p>Sorry, this entry is only available in Turkish. For the sake of viewer convenience, the content is shown below in the alternative language. You may click the link to switch the active language. Dan\u0131\u015fman, piyasada 2016 y\u0131l\u0131nda do\u011falgaz fiyatlar\u0131nda a\u015fa\u011f\u0131 y\u00f6nl\u00fc bir revizyon beklentisinin bulundu\u011funu ancak hen\u00fcz bunun zaman\u0131 ve miktar\u0131 konusunda bir a\u00e7\u0131klama yap\u0131lmad\u0131\u011f\u0131n\u0131 [&hellip;]<\/p>\n","protected":false},"author":1,"featured_media":52800,"comment_status":"open","ping_status":"open","sticky":false,"template":"","format":"standard","meta":[],"categories":[46,53],"tags":[3762,29582,29583,29584,63,67,1009,2698,165],"views":955,"_links":{"self":[{"href":"https:\/\/www.enerjigazetesi.ist\/en\/wp-json\/wp\/v2\/posts\/52799"}],"collection":[{"href":"https:\/\/www.enerjigazetesi.ist\/en\/wp-json\/wp\/v2\/posts"}],"about":[{"href":"https:\/\/www.enerjigazetesi.ist\/en\/wp-json\/wp\/v2\/types\/post"}],"author":[{"embeddable":true,"href":"https:\/\/www.enerjigazetesi.ist\/en\/wp-json\/wp\/v2\/users\/1"}],"replies":[{"embeddable":true,"href":"https:\/\/www.enerjigazetesi.ist\/en\/wp-json\/wp\/v2\/comments?post=52799"}],"version-history":[{"count":1,"href":"https:\/\/www.enerjigazetesi.ist\/en\/wp-json\/wp\/v2\/posts\/52799\/revisions"}],"predecessor-version":[{"id":52801,"href":"https:\/\/www.enerjigazetesi.ist\/en\/wp-json\/wp\/v2\/posts\/52799\/revisions\/52801"}],"wp:featuredmedia":[{"embeddable":true,"href":"https:\/\/www.enerjigazetesi.ist\/en\/wp-json\/wp\/v2\/media\/52800"}],"wp:attachment":[{"href":"https:\/\/www.enerjigazetesi.ist\/en\/wp-json\/wp\/v2\/media?parent=52799"}],"wp:term":[{"taxonomy":"category","embeddable":true,"href":"https:\/\/www.enerjigazetesi.ist\/en\/wp-json\/wp\/v2\/categories?post=52799"},{"taxonomy":"post_tag","embeddable":true,"href":"https:\/\/www.enerjigazetesi.ist\/en\/wp-json\/wp\/v2\/tags?post=52799"}],"curies":[{"name":"wp","href":"https:\/\/api.w.org\/{rel}","templated":true}]}}