{"id":52783,"date":"2016-05-09T16:41:08","date_gmt":"2016-05-09T13:41:08","guid":{"rendered":"https:\/\/www.enerjigazetesi.ist\/?p=52783"},"modified":"2016-05-09T16:41:08","modified_gmt":"2016-05-09T13:41:08","slug":"iklim-mucadelesi-icin-gunes-enerjisi-olmazsa-olmaz","status":"publish","type":"post","link":"https:\/\/www.enerjigazetesi.ist\/en\/iklim-mucadelesi-icin-gunes-enerjisi-olmazsa-olmaz\/","title":{"rendered":"(Turkish) \u0130klim M\u00fccadelesi \u0130\u00e7in G\u00fcne\u015f Enerjisi Olmazsa Olmaz!"},"content":{"rendered":"<p class=\"qtranxs-available-languages-message qtranxs-available-languages-message-en\">Sorry, this entry is only available in <a href=\"https:\/\/www.enerjigazetesi.ist\/tr\/wp-json\/wp\/v2\/posts\/52783\" class=\"qtranxs-available-language-link qtranxs-available-language-link-tr\" title=\"Turkish\">Turkish<\/a>. For the sake of viewer convenience, the content is shown below in the alternative language. You may click the link to switch the active language.<\/p><p><\/p>\n<p class=\"selectionShareable\" style=\"color: #0a0a0a;\"><strong>2015 y\u0131l\u0131nda AB, elektrik talebinin y\u00fczde 4\u2019\u00fcn\u00fc PV\u2019den kar\u015f\u0131lad\u0131. Ko\u015fullar sa\u011fland\u0131\u011f\u0131 takdirde g\u00fcne\u015f enerjisinin k\u00fcresel elektrik \u00fcretimindeki mevcut y\u00fczde 1\u2019lik pay\u0131 2030\u2019da y\u00fczde 10\u2019a \u00e7\u0131ka<a href=\"https:\/\/www.enerjigazetesi.ist\/wp-content\/uploads\/2016\/05\/iklim-mucadelesi-icin-gunes-enerjisi-olmazsa-olmaz.jpg\"><img loading=\"lazy\" class=\"alignright size-medium wp-image-52784\" src=\"https:\/\/www.enerjigazetesi.ist\/wp-content\/uploads\/2016\/05\/iklim-mucadelesi-icin-gunes-enerjisi-olmazsa-olmaz-300x200.jpg\" alt=\"iklim-mucadelesi-icin-gunes-enerjisi-olmazsa-olmaz\" width=\"300\" height=\"200\" srcset=\"https:\/\/www.enerjigazetesi.ist\/wp-content\/uploads\/2016\/05\/iklim-mucadelesi-icin-gunes-enerjisi-olmazsa-olmaz-300x200.jpg 300w, https:\/\/www.enerjigazetesi.ist\/wp-content\/uploads\/2016\/05\/iklim-mucadelesi-icin-gunes-enerjisi-olmazsa-olmaz-1024x682.jpg 1024w, https:\/\/www.enerjigazetesi.ist\/wp-content\/uploads\/2016\/05\/iklim-mucadelesi-icin-gunes-enerjisi-olmazsa-olmaz-500x333.jpg 500w, https:\/\/www.enerjigazetesi.ist\/wp-content\/uploads\/2016\/05\/iklim-mucadelesi-icin-gunes-enerjisi-olmazsa-olmaz-75x50.jpg 75w, https:\/\/www.enerjigazetesi.ist\/wp-content\/uploads\/2016\/05\/iklim-mucadelesi-icin-gunes-enerjisi-olmazsa-olmaz.jpg 1068w\" sizes=\"(max-width: 300px) 100vw, 300px\" \/><\/a>bilir.<\/strong><span id=\"more-80487\"><\/span><\/p>\n<p class=\"selectionShareable\" style=\"color: #0a0a0a;\">G\u00fcne\u015f enerjisi sekt\u00f6r\u00fc halihaz\u0131rda Uluslararas\u0131 Enerji Ajans\u0131\u2019n\u0131n da belirtti\u011fi gibi k\u00fcresel \u00f6l\u00e7ekte en fazla yat\u0131r\u0131m yap\u0131lan yenilenebilir enerji alan\u0131 ve \u00e7ok h\u0131zl\u0131 b\u00fcy\u00fcyen bir sekt\u00f6r, ancak yat\u0131r\u0131m i\u00e7in gerekli ko\u015fullar sa\u011flanmas\u0131 ve uygun politikalar\u0131n istikrarl\u0131 bir \u015fekilde h\u0131zla uygulamaya ge\u00e7irilmesi gerekiyor.<\/p>\n<p class=\"selectionShareable\" style=\"color: #0a0a0a;\">T\u00fcrkiye\u2019de ve d\u00fcnyada, geli\u015fmesi i\u00e7in gerekli ko\u015fullar sa\u011fland\u0131\u011f\u0131 takdirde g\u00fcne\u015f enerjisi sekt\u00f6r\u00fc iklim de\u011fi\u015fikli\u011fi ile m\u00fccadeleye \u00f6nemli katk\u0131 sa\u011flayabilir. T\u00fcrkiye g\u00fcne\u015f enerjisi potansiyelini yeterince de\u011ferlendirebilirse; bir yandan enerji ba\u011f\u0131ms\u0131zl\u0131\u011f\u0131n\u0131 sa\u011flarken, di\u011fer bir yandan iklim m\u00fccadelesinin \u00f6nemli akt\u00f6rlerinden olabilir.<\/p>\n<p class=\"selectionShareable\" style=\"color: #0a0a0a;\"><strong>T\u00fcrkiye g\u00fcne\u015f enerjisi hedeflerini y\u00fckseltmeli\u00a0<\/strong><\/p>\n<p class=\"selectionShareable\" style=\"color: #0a0a0a;\">T\u00fcrkiye, Paris \u0130klim Anla\u015fmas\u0131 kapsam\u0131nda sekteryaya sundu\u011fu Ulusal Niyet Katk\u0131 Beyan\u0131\u2019nda belirtildi\u011fi \u00fczere 2030 y\u0131l\u0131nda 10 bin MW\u2019luk kurulu g\u00fc\u00e7 hedefl iyor. Bug\u00fcn itibari ile \u00fclkemizde onaylam\u0131\u015f mevcut projelerin g\u00fcc\u00fc 3 bin MW\u2019\u0131 a\u015farken, 400 MW\u2019lk kurulu g\u00fcce ula\u015ft\u0131k. G\u00dcNDER Y\u00f6netim Kurulu Ba\u015fkan\u0131 Dr. Kemal Gani Bayraktar \u201cT\u00fcrkiye\u2019nin g\u00fcne\u015f enerjisindeki potansiyeli, \u00fclke ihtiya\u00e7lar\u0131 ve enerji yat\u0131r\u0131mc\u0131lar\u0131n\u0131n g\u00fcne\u015fe olan ilgisini g\u00f6z \u00f6n\u00fcne al\u0131nca bu hedef rahatl\u0131kla \u00e7ok daha y\u00fcksek olarak ger\u00e7ekle\u015febilir\u201d diyor. T\u00fcrkiye\u2019nin co\u011frafi konumu gere\u011fi g\u00fcne\u015f a\u00e7\u0131s\u0131ndan \u00e7ok \u00f6nemli bir potansiyele sahip oldu\u011funa dikkat \u00e7eken Bayraktar, \u201cT\u00fcrkiye\u2019nin ve b\u00f6lgenin gelece\u011finde g\u00fcne\u015f enerjisi \u00e7ok \u00f6nemli bir rol oynayacak. G\u00fcne\u015f enerjisi h\u0131zl\u0131, kolay eri\u015filebilir, \u0131s\u0131nmadan elektri\u011fe kadar bir \u00e7ok alanda kullan\u0131labilir, y\u00fcksek istihdam yaratan bir sekt\u00f6r olarak hem d\u00fc\u015f\u00fck karbonlu geli\u015febilecek ekonomimize hem de enerji ihtiyac\u0131m\u0131za katk\u0131 sa\u011flayacak temiz ve yerli bir enerji kayna\u011f\u0131\u201d diye ekliyor.<\/p>\n<p class=\"selectionShareable\" style=\"color: #0a0a0a;\"><strong>G\u00fcne\u015f en ucuz enerji kaynaklar\u0131ndan\u00a0<\/strong><\/p>\n<p class=\"selectionShareable\" style=\"color: #0a0a0a;\">Aral\u0131k ay\u0131nda Paris\u2019te ger\u00e7ekle\u015fen COP21 iklim g\u00f6r\u00fc\u015fmeleri s\u0131ras\u0131nda g\u00fcne\u015f enerjisi alan\u0131nda d\u00fcnyan\u0131n \u00f6nde gelen sivil toplum kurulu\u015flar\u0131 birle\u015ferek K\u00fcresel G\u00fcne\u015f Enerjisi Konseyi\u2019ni kurmu\u015ftu. Kurulu\u015fu destekleyenler aras\u0131nda G\u00dcNDER\u2019in de oldu\u011fu Konsey taraf\u0131ndan yap\u0131lan ilk a\u00e7\u0131klamada g\u00fcne\u015f enerjisinin hali haz\u0131rda en h\u0131zl\u0131 ve kolay eri\u015filebilir enerji kaynaklar\u0131ndan biri oldu\u011fu ve teknoloji fiyatlar\u0131n\u0131n h\u0131zla gerilemeye devam etti\u011fi ifade edilmi\u015fti. Uluslararas\u0131 Enerji Ajans\u0131 ve Uluslararas\u0131 Yenilenebilir Enerji Ajans\u0131 2015 y\u0131l\u0131 istatistiklerine g\u00f6re, 2015 y\u0131l\u0131nda g\u00fcne\u015f kapasitesi 50 GW (%29) artarken, maliyetler ise 2010 y\u0131l\u0131na g\u00f6re yakla\u015f\u0131k y\u00fczde 80 d\u00fc\u015fm\u00fc\u015f durumda. 2015\u2019te AB, elektrik talebinin y\u00fczde 4\u2019\u00fcn\u00fc PV\u2019den kar\u015f\u0131lad\u0131. Ko\u015fullar sa\u011fland\u0131\u011f\u0131 takdirde g\u00fcne\u015f enerjisinin k\u00fcresel elektrik \u00fcretimindeki mevcut y\u00fczde 1\u2019lik pay\u0131 2030\u2019da y\u00fczde 10\u2019a \u00e7\u0131kabilir.<\/p>\n<p class=\"selectionShareable\" style=\"color: #0a0a0a;\"><strong>G\u00fcnder\u2019den \u00f6neriler<\/strong><\/p>\n<p class=\"selectionShareable\" style=\"color: #0a0a0a;\">G\u00fcnder\u2019in 2015 y\u0131l\u0131nda yapt\u0131\u011f\u0131 ara\u015ft\u0131rmalar T\u00fcrkiye\u2019nin var olan potansiyelini harekete ge\u00e7irmesi i\u00e7in gerekli olan politika \u00f6nerilerini ortaya koyuyor. \u00d6ne \u00e7\u0131kan \u00f6neriler \u015f\u00f6yle: X 2023 y\u0131l\u0131na kadar en az 20,000 MW yeni lisans kapasitesi ihdas edilmeli, bununla ilgili ba\u015fvuru b\u00f6lgeleri ve \u015fartlar\u0131 acilen a\u00e7\u0131klanmal\u0131.<\/p>\n<p class=\"selectionShareable\" style=\"color: #0a0a0a;\">\u25ba Karap\u0131nar, Karaman, Ni\u011fde ve Van gibi g\u00fcne\u015f enerjisi ihtisas yat\u0131r\u0131m alanlar\u0131 ile ilgili mevzuat ve altyap\u0131 eksiklikleri tamamlanmal\u0131.<\/p>\n<p class=\"selectionShareable\" style=\"color: #0a0a0a;\">\u25ba \u00d6zellikle ihtisas b\u00f6lgeleri ile ilgili lisans ba\u015fvuru \u015fartlar\u0131 \u015feff af ve adil olmal\u0131, \u00f6nlisans ba\u015fvuru y\u00f6netmeli\u011fi \u00f6l\u00e7\u00fcm \u015fart\u0131 gibi gereksiz b\u00fcrokrasiden ar\u0131nd\u0131r\u0131larak yeniden olu\u015fturulmal\u0131. X Yerli \u00fcr\u00fcn kullan\u0131m\u0131na y\u00f6nelik te\u015fvikler g\u00f6zden ge\u00e7irilmeli ve bu katk\u0131lar\u0131n al\u0131nma s\u00fcre\u00e7leri basitle\u015ftirilmeli.<\/p>\n<p class=\"selectionShareable\" style=\"color: #0a0a0a;\">\u25ba\u201cG\u00fcne\u015f kentleri\u201d konseptiyle, belediyelere hibe destekleri verilerek, t\u00fcketimlerini bu kaynaktan kar\u015f\u0131lamalar\u0131 sa\u011flanmal\u0131.<\/p>\n<p class=\"selectionShareable\" style=\"color: #0a0a0a;\">\u25baBinalar\u0131n ve \u015fehirlerin tasar\u0131m\u0131nda g\u00fcne\u015ften yararlanma \u00f6ncelikli olmal\u0131, binalar\u0131n g\u00fcne\u015fle enerji verimli renovasyonu ve b\u00fct\u00fcnle\u015fik g\u00fcne\u015f enerjisi sistemleri kullan\u0131m\u0131 ilgili mevzuatlar \u00e7er\u00e7evesinde g\u00fcvence alt\u0131na al\u0131nmal\u0131.<\/p>\n<p class=\"selectionShareable\" style=\"color: #0a0a0a;\">\u25ba Ulusal enerji t\u00fcketiminin en az \u00fc\u00e7te birini olu\u015fturan \u0131s\u0131tma ve so\u011futma ihtiya\u00e7lar\u0131n\u0131n giderilmesinde \u00f6ncelikli olarak g\u00fcne\u015f \u0131s\u0131l teknolojilerinden yararlan\u0131lmas\u0131na ve bu sayede kademeli olarak do\u011fal gaz t\u00fcketiminin azalt\u0131lmas\u0131na y\u00f6nelik bir eylem plan\u0131 olu\u015fturulmal\u0131.<br \/>\n\u25ba Mevcut \u00e7at\u0131lar g\u00fcne\u015ften hem elektrik hem de \u0131s\u0131 \u00fcretimi a\u00e7\u0131s\u0131ndan azami fayda sa\u011flayacak \u015fekilde \u00fclkemiz d\u00fc\u015f\u00fck karbon h\u0131zl\u0131 b\u00fcy\u00fcme s\u00fcrecine ivedi dahil edilmeli.<\/p>\n<p class=\"selectionShareable\" style=\"color: #0a0a0a;\">\u25ba T\u00dcB\u0130TAK b\u00fcnyesinde yeni bir \u00e7a\u011fr\u0131 olu\u015fturularak, g\u00fcne\u015f teknolojilerinin geli\u015ftirilmesine y\u00f6nelik 5 y\u0131ll\u0131k bir program ba\u015flat\u0131lmal\u0131, bu alandaki yerli \u00fcreticilerin bu programda yer almas\u0131 sa\u011flanmal\u0131.<\/p>\n<p class=\"selectionShareable\" style=\"color: #0a0a0a;\">Kaynak: Enerji Enstit\u00fcs\u00fc<\/p>\n<p><\/p>","protected":false},"excerpt":{"rendered":"<p>Sorry, this entry is only available in Turkish. For the sake of viewer convenience, the content is shown below in the alternative language. You may click the link to switch the active language. 2015 y\u0131l\u0131nda AB, elektrik talebinin y\u00fczde 4\u2019\u00fcn\u00fc PV\u2019den kar\u015f\u0131lad\u0131. Ko\u015fullar sa\u011fland\u0131\u011f\u0131 takdirde g\u00fcne\u015f enerjisinin k\u00fcresel elektrik \u00fcretimindeki mevcut y\u00fczde 1\u2019lik pay\u0131 2030\u2019da [&hellip;]<\/p>\n","protected":false},"author":1,"featured_media":52784,"comment_status":"open","ping_status":"open","sticky":false,"template":"","format":"standard","meta":[],"categories":[53,49],"tags":[2990,19,63,67,1009,2698,165,1382,227,13,2206,23133,22975,4269,29570,19759],"views":902,"_links":{"self":[{"href":"https:\/\/www.enerjigazetesi.ist\/en\/wp-json\/wp\/v2\/posts\/52783"}],"collection":[{"href":"https:\/\/www.enerjigazetesi.ist\/en\/wp-json\/wp\/v2\/posts"}],"about":[{"href":"https:\/\/www.enerjigazetesi.ist\/en\/wp-json\/wp\/v2\/types\/post"}],"author":[{"embeddable":true,"href":"https:\/\/www.enerjigazetesi.ist\/en\/wp-json\/wp\/v2\/users\/1"}],"replies":[{"embeddable":true,"href":"https:\/\/www.enerjigazetesi.ist\/en\/wp-json\/wp\/v2\/comments?post=52783"}],"version-history":[{"count":1,"href":"https:\/\/www.enerjigazetesi.ist\/en\/wp-json\/wp\/v2\/posts\/52783\/revisions"}],"predecessor-version":[{"id":52785,"href":"https:\/\/www.enerjigazetesi.ist\/en\/wp-json\/wp\/v2\/posts\/52783\/revisions\/52785"}],"wp:featuredmedia":[{"embeddable":true,"href":"https:\/\/www.enerjigazetesi.ist\/en\/wp-json\/wp\/v2\/media\/52784"}],"wp:attachment":[{"href":"https:\/\/www.enerjigazetesi.ist\/en\/wp-json\/wp\/v2\/media?parent=52783"}],"wp:term":[{"taxonomy":"category","embeddable":true,"href":"https:\/\/www.enerjigazetesi.ist\/en\/wp-json\/wp\/v2\/categories?post=52783"},{"taxonomy":"post_tag","embeddable":true,"href":"https:\/\/www.enerjigazetesi.ist\/en\/wp-json\/wp\/v2\/tags?post=52783"}],"curies":[{"name":"wp","href":"https:\/\/api.w.org\/{rel}","templated":true}]}}