{"id":52738,"date":"2016-05-07T09:34:25","date_gmt":"2016-05-07T06:34:25","guid":{"rendered":"https:\/\/www.enerjigazetesi.ist\/?p=52738"},"modified":"2016-05-07T10:27:19","modified_gmt":"2016-05-07T07:27:19","slug":"yenilenebilir-enerji-kaynaklari-tesvik-mekanizmalari-enerji-ekonomisi-dernegi-konferansi-ile-irdelendi","status":"publish","type":"post","link":"https:\/\/www.enerjigazetesi.ist\/en\/yenilenebilir-enerji-kaynaklari-tesvik-mekanizmalari-enerji-ekonomisi-dernegi-konferansi-ile-irdelendi\/","title":{"rendered":"(Turkish) YEK Te\u015fvik Mekanizmalar\u0131 Enerji Ekonomisi Derne\u011fi Konferans\u0131 \u0130le \u0130rdelendi!"},"content":{"rendered":"<p class=\"qtranxs-available-languages-message qtranxs-available-languages-message-en\">Sorry, this entry is only available in <a href=\"https:\/\/www.enerjigazetesi.ist\/tr\/wp-json\/wp\/v2\/posts\/52738\" class=\"qtranxs-available-language-link qtranxs-available-language-link-tr\" title=\"Turkish\">Turkish<\/a>. For the sake of viewer convenience, the content is shown below in the alternative language. You may click the link to switch the active language.<\/p><p><strong>Yenilenebilir Enerji Kaynaklar\u0131 (YEK) ile ilgili politikalar, d\u00fczenlemeler ve teknolojik geli\u015fmeler Avrupa Birli\u011fi (AB) enerji \u00e7e\u015fitlili\u011fi ve iklim de\u011fi\u015fikli\u011fi ile m\u00fccadele politikalar\u0131n\u0131n \u00e7ok \u00f6nemli bir unsurudur. Bu \u00e7er\u00e7evede, Almanya, \u0130spanya, \u0130talya ba\u015fta olmak \u00fczere pek \u00e7ok \u00fclke YEK i\u00e7in sa\u011flad\u0131klar\u0131 te\u015fvikler ile bu kaynaklar\u0131n enerji arz se\u00e7enekleri aras\u0131nda daha b\u00fcy\u00fck bir paya sahip olmas\u0131n\u0131 \u00f6zendirme yoluna gittiler. <\/strong><\/p>\n<p>\u00d6zellikle Tarife Garantisi (feed-in premium, feed-in tariff), Ye\u015fil Sertifika (green certificate) gibi \u00f6ze<img loading=\"lazy\" class=\"alignright size-medium wp-image-52739\" src=\"https:\/\/www.enerjigazetesi.ist\/wp-content\/uploads\/2016\/05\/yenilenebilir-enerji-kaynaklari-tesvik-mekanizmalari-konferans-ile-irdelendi-300x212.jpg\" alt=\"yenilenebilir-enerji-kaynaklari-tesvik-mekanizmalari-konferans-ile-irdelendi\" width=\"300\" height=\"212\" srcset=\"https:\/\/www.enerjigazetesi.ist\/wp-content\/uploads\/2016\/05\/yenilenebilir-enerji-kaynaklari-tesvik-mekanizmalari-konferans-ile-irdelendi-300x212.jpg 300w, https:\/\/www.enerjigazetesi.ist\/wp-content\/uploads\/2016\/05\/yenilenebilir-enerji-kaynaklari-tesvik-mekanizmalari-konferans-ile-irdelendi-1024x725.jpg 1024w, https:\/\/www.enerjigazetesi.ist\/wp-content\/uploads\/2016\/05\/yenilenebilir-enerji-kaynaklari-tesvik-mekanizmalari-konferans-ile-irdelendi-500x354.jpg 500w, https:\/\/www.enerjigazetesi.ist\/wp-content\/uploads\/2016\/05\/yenilenebilir-enerji-kaynaklari-tesvik-mekanizmalari-konferans-ile-irdelendi-70x50.jpg 70w\" sizes=\"(max-width: 300px) 100vw, 300px\" \/>l te\u015fvik mekanizmalar\u0131 uygulamalar\u0131 sonucunda belli \u00f6l\u00e7\u00fclerde ba\u015far\u0131ya ula\u015f\u0131ld\u0131. Ancak te\u015fviklerin sebep oldu\u011fu faydalar yan\u0131 s\u0131ra, piyasalar\u0131n rekabet\u00e7i i\u015fleyi\u015fine yap\u0131lan m\u00fcdahale ve kaynak transferlerinden kaynaklanan makroekonomik maliyetler de son y\u0131llarda mercek alt\u0131na al\u0131nmaya ba\u015flad\u0131 ve geriye d\u00f6n\u00fck de\u011ferlendirmeler s\u00fcrmektedir.<\/p>\n<p>T\u00fcrkiye enerji piyasalar\u0131nda da YEK te\u015fvikleri 2005 y\u0131l\u0131ndan sonra en ba\u015fta r\u00fczg\u00e2r enerjisi yat\u0131r\u0131mlar\u0131 olmak \u00fczere yenilenebilir enerji yat\u0131r\u0131mlar\u0131n\u0131 h\u0131zland\u0131rm\u0131\u015ft\u0131r. Halen g\u00fcne\u015f i\u00e7in b\u00fcy\u00fck bir ilgi bulunmaktad\u0131r. 2010 y\u0131l\u0131 sonunda \u201cYenilenebilir Enerji Kaynaklar\u0131n\u0131n Elektrik Enerjisi \u00dcretimi Ama\u00e7l\u0131 Kullan\u0131m\u0131na \u0130li\u015fkin Kanunda De\u011fi\u015fiklik Yap\u0131lmas\u0131na Dair Kanun\u201d ile tarife garantisi kayna\u011f\u0131na g\u00f6re ve yerli \u00fcretim pay\u0131na g\u00f6re \u00e7e\u015fitlendirilerek revize edilmi\u015ftir.Di\u011fer yandan Yenilenebilir Enerji Kaynaklar\u0131 Destekleme Mekanizmas\u0131 (YEKDEM) Y\u00f6netmeli\u011fi konusundaki geli\u015fmeler de yenilenebilir kaynakl\u0131 enerji yat\u0131r\u0131mc\u0131lar\u0131n\u0131n \u00f6n\u00fcndedir.<\/p>\n<p>T\u00fcrkiye ve AB&#8217;nin bundan sonraki politikalar\u0131n\u0131n hangi rotay\u0131 izleyece\u011fi yat\u0131r\u0131mc\u0131lar a\u00e7\u0131s\u0131ndan b\u00fcy\u00fck \u00f6nem arz etmekte ve merak uyand\u0131rmaktad\u0131r. Bu g\u00fcncel ve \u00f6nemli konuyu analiz etmek \u00fczere Enerji Ekonomisi Derne\u011fi (EED) taraf\u0131ndan, 29 Nisan 2016 tarihinde, yerli ve yabanc\u0131 uzmanlar\u0131n kat\u0131ld\u0131\u011f\u0131 \u00a0konferans 29 Nisan 2016 tarihinde Bo\u011fazi\u00e7i \u00dcniversitesi Vedat Yerlici K\u00fclt\u00fcr Merkezi&#8217;nde d\u00fczenlendi.<\/p>\n<p>Ba\u015fkanl\u0131\u011f\u0131n\u0131 Bo\u011fazi\u00e7i \u00dcniversitesi \u00d6\u011fretim \u00dcyesi ve EED Y\u00f6netim Kurulu \u00dcyesi Prof. Dr. \u0130lhan Or&#8217;un yapt\u0131\u011f\u0131 konferans\u0131n ilk b\u00f6l\u00fcm\u00fcnde, yenilenebilir kaynakl\u0131 enerji tarife garantileri, \u00e7\u0131kar\u0131mlar ve gelecek planlar\u0131 konusundaki AB tecr\u00fcbesi konusunda, Berlin Teknik \u00dcniversitesi \u00d6\u011fretim \u00dcyesi ve Uluslararas\u0131 Enerji Ekonomisi Birli\u011fi (IAEE)\u00a0 Ge\u00e7mi\u015f D\u00f6nem Ba\u015fkan\u0131 Prof. Georg Erdmann ile Avrupa Komisyonu Enerji Hareketi Genel M\u00fcd\u00fcrl\u00fc\u011f\u00fc (DG-ENERGY) Direkt\u00f6r Dan\u0131\u015fman\u0131 Prof. Samuele Furfari g\u00f6r\u00fc\u015flerini sundular. Yenilenebilir enerji kurulu g\u00fc\u00e7 ve tarife y\u00f6netmeli\u011finin tarihsel geli\u015fimi, yenilenebilir enerjiye do\u011frudan sa\u011flanan kald\u0131ra\u00e7lama ve \u00f6demeler, yenilenebilir enerji t\u00fcr\u00fc ve ortalama birim fiyat de\u011fi\u015fimi aktar\u0131l\u0131rken, yenilenebilir enerji te\u015fvik mekanizmalar\u0131ndan Fiyat Temelli (\u015eebeke operat\u00f6rlerinin belirlenen tarifeden, sabit fiyattan al\u0131m yapt\u0131\u011f\u0131, \u00fcreticinin sat\u0131\u015f\u0131 ger\u00e7ekle\u015ftirdi\u011fi piyasa)\u00a0 ve Miktar Temelli (Da\u011f\u0131t\u0131m ve perakende elektrik \u015febeke operat\u00f6rlerinin almas\u0131 gereken YEK sertifikas\u0131n\u0131n tan\u0131mland\u0131\u011f\u0131, ihaleler ile en d\u00fc\u015f\u00fck piyasa priminin, ilave kapasite ve yat\u0131r\u0131mc\u0131n\u0131n belirlendi\u011fi ve son m\u00fc\u015fteriye elektrik sat\u0131\u015f\u0131nda minimum yenilenebilir miktar\u0131n\u0131n belirlendi\u011fi piyasa) mekanizmalar ve alt ba\u015fl\u0131klar\u0131 ele al\u0131nd\u0131.<\/p>\n<p>Yan\u0131 s\u0131ra yenilenebilir enerjinin fosil k\u00f6kenli \u00fcretim santralleri ile olan etkile\u015fimleri ve G\u00fcn \u00d6ncesi Fiyatlamas\u0131 (PTF) etkileri de\u011ferlendirildi.\u00a0 2030 y\u0131l\u0131nda \u00a0%27 oran\u0131nda yenilenebilir enerji kullan\u0131m pay\u0131 AB hedefi i\u00e7in, sa\u011fl\u0131kl\u0131 bir yenilenebilir enerji geli\u015fiminin sa\u011flanmas\u0131 gereklili\u011fi vurgulan\u0131rken, piyasa dengelemesi ve tasar\u0131m\u0131 ile yeni uygulamalara dair \u00f6nemli \u00fclke tecr\u00fcbeleri de aktar\u0131ld\u0131.<\/p>\n<p>RECYDIA Genel M\u00fcd\u00fcr\u00fc ve EED Y\u00f6netim Kurulu \u00dcyesi Dr. O\u011fuz Can ba\u015fkanl\u0131\u011f\u0131ndaki oturumda konu T\u00fcrkiye a\u00e7\u0131s\u0131ndan ele al\u0131nd\u0131. Dr. Can &#8220;T\u00fcrkiye\u2019nin yenilenebilir enerji tarihsel geli\u015fimi, mevcut potansiyeli, 2023 hedefleri ve projeksiyonlar\u0131, teknolojik geli\u015fmeler, ilave kapasite de\u011ferlendirebilme f\u0131rsatlar\u0131, jeotermal yat\u0131r\u0131mlarda teknik ve m\u00fchendislik alt yap\u0131 \u00e7al\u0131\u015fmalar\u0131n\u0131n ve detay fizibilitenin \u00f6nemi, jeotermal elektrik \u00fcretimi-\u00e7evre etkisi, g\u00fcne\u015f potansiyelinin g\u00fcc\u00fc ve b\u00fcrokratik s\u00fcre\u00e7lerin basitle\u015ftirilmesine dair \u00f6neri ve talepler ile r\u00fczg\u00e2r ve g\u00fcne\u015f potansiyelimize uygun iyile\u015ftirici d\u00fczenlemeler ve odaklanma ile daha h\u0131zl\u0131 bir geli\u015fim sa\u011flanabilece\u011fi i\u00e7 ve d\u0131\u015f piyasaya y\u00f6nelik ve f\u0131rsatlar oturumumuzda de\u011ferlendirildi&#8221; dedi. YEKDEM tarife ve te\u015fviklerine odaklan\u0131ld\u0131\u011f\u0131n\u0131, yerli \u00fcretimin artmas\u0131 i\u00e7in e\u015fik de\u011ferler ve d\u00fczenleme ihtiya\u00e7lar\u0131na gerek oldu\u011funun \u00f6n plana \u00e7\u0131kt\u0131\u011f\u0131n\u0131 vurgulayan Dr. Can, &#8220;2016 y\u0131l\u0131nda dolar kuru ve perakende elektrik fiyat\u0131n\u0131n d\u00fc\u015f\u00fck kalmas\u0131 etkisi ile YEKDEM&#8217;e giri\u015f yapan santral say\u0131s\u0131n\u0131n artmas\u0131 ve son d\u00fczenlemelerin etki analizine dair \u00e7er\u00e7eve incelendi&#8221; dedi.<\/p>\n<p>G\u00dcR\u0130\u015e Genel M\u00fcd\u00fcr Yard\u0131mc\u0131s\u0131 Ali Karaduman\u00a0 &#8220;Yat\u0131r\u0131mlarda \u00e7evresel etkinin dikkate al\u0131nmas\u0131 gereklili\u011fini vurgulay\u0131p, son mevzuat \u00e7al\u0131\u015fmalar\u0131na at\u0131f yaparak ma\u00e7 devam ederken kural de\u011fi\u015fmemeli&#8221; diyerek yat\u0131r\u0131mc\u0131lar\u0131n sesini duyurdu. T\u00fcrkiye R\u00fczgar Enerjisi Birli\u011fi (T\u00dcREB) Ba\u015fkan\u0131 Mustafa Serdar Ataseven konu\u015fmas\u0131nda\u00a0 &#8220;Y\u00fcr\u00fcmek i\u00e7in deste\u011fe ihtiyac\u0131m\u0131z var. H\u0131zl\u0131 yat\u0131r\u0131m i\u00e7in destekler k\u0131s\u0131tlanmamal\u0131. Tam deste\u011fe ihtiya\u00e7 duyuldu\u011funda k\u0131s\u0131da gidilmemeli&#8221; diyerek kaynak planlama, havza trafo merkezleri planlanmas\u0131, ba\u011flanabilir kapasite \u00f6nemini vurgulad\u0131.<\/p>\n<p>Uluslararas\u0131 G\u00fcne\u015f Enerjisi Toplulu\u011fu T\u00fcrkiye B\u00f6l\u00fcm\u00fc (G\u00dcNDER) Ba\u015fkan\u0131 Dr. Kemal Bayraktar &#8220;T\u00fcrkiye g\u00fcne\u015f enerjisi potansiyelini yeterince de\u011ferlendirebilirse bir yandan enerji ba\u011f\u0131ms\u0131zl\u0131\u011f\u0131 sa\u011flanabilir. Di\u011fer yandan g\u00fcne\u015f, \u00fclkemizin iklim de\u011fi\u015fikli\u011fi ile m\u00fccadelesinin \u00f6nemli akt\u00f6rlerinden biri olabilir<strong>.<\/strong> G\u00fcne\u015f dostu geli\u015fim, b\u00fcy\u00fcme sa\u011flamal\u0131y\u0131z.<\/p>\n<p>Geli\u015fen sanayi ve artan yetkinlikleri, \u00e7ok y\u00f6nl\u00fc y\u00fckselen bilin\u00e7, g\u00fcne\u015f enerjisi yat\u0131r\u0131mlar\u0131nda devam eden olumlu geli\u015fim, Yenilenebilir Enerji Genel M\u00fcd\u00fcrl\u00fc\u011f\u00fc e\u015fg\u00fcd\u00fcm\u00fcnde 100.000 \u00e7at\u0131 projesi ve Ulusal Enerji Verimlili\u011fi Eylem Plan\u0131, IPARD-2 Program\u0131 kapsam\u0131nda g\u00fcne\u015f enerjisinin hibe ve deste\u011fi, geli\u015ftirilmekte olan Enerji \u0130htisas B\u00f6lgeleri, Yenilenebilir Enerji Eylem Plan\u0131nda 2023 y\u0131l\u0131 itibar\u0131 ile \u0131s\u0131tma ve so\u011futmada enerji ihtiyac\u0131n\u0131n en az % 15\u2019inin ve elektrik \u00fcretiminde de 2023 itibariyle % 30\u2019unun yenilenebilir enerjiden kar\u015f\u0131lanma hedefleri, Enerji ve Tabii Kaynaklar Bakanl\u0131\u011f\u0131m\u0131z\u0131n a\u00e7\u0131klam\u0131\u015f oldu\u011fu 2015-2019 Strateji Plan\u0131 \u00e7er\u00e7evesinde g\u00fcne\u015f enerjisiyle elektrik \u00fcretiminde 2019\u2019da en az 3.000 MW, 2023\u2019de 5.000 MW, Birle\u015fmi\u015f Milletler \u0130klim De\u011fi\u015fikli\u011fi \u00c7er\u00e7eve S\u00f6zle\u015fmesi kapsam\u0131nda Niyet Edilen Ulusal Katk\u0131 Beyan\u0131m\u0131zda ise 2030 itibariyle 10.000 MW\u2019a ula\u015f\u0131m hedefleri umut vermekle birlikte g\u00fcne\u015ften elektrik \u00fcretiminde 400 MW\u2019l\u0131k kurulu g\u00fcce yeni ula\u015f\u0131lm\u0131\u015ft\u0131r.<\/p>\n<p>Co\u011frafi konumu gere\u011fi g\u00fcne\u015f a\u00e7\u0131s\u0131ndan \u00e7ok \u00f6nemli bir potansiyele sahip T\u00fcrkiye\u2019mizin ve B\u00f6lge\u2019nin gelece\u011finde g\u00fcne\u015f enerjisi \u00e7ok \u00f6nemli bir rol oynayacakt\u0131r. G\u00fcne\u015f enerjisi h\u0131zl\u0131, kolay eri\u015filebilir, \u0131s\u0131nmadan elektri\u011fe kadar bir\u00e7ok alanda kullan\u0131labilir. G\u00fcne\u015f y\u00fcksek istihdam yaratan bir sekt\u00f6r olarak hem d\u00fc\u015f\u00fck karbonlu geli\u015febilecek ekonomimize hem de enerji ihtiyac\u0131m\u0131za katk\u0131 sa\u011flayacak temiz ve yerli bir enerji kayna\u011f\u0131d\u0131r. Karar vericilerimizden daha iddial\u0131 hedefler belirlemesini bekliyoruz. Kentsel d\u00f6n\u00fc\u015f\u00fcmden, sanayiye g\u00fcne\u015f enerjisinde yararlanmak \u00fczere uygulamalar\u0131n yayg\u0131nla\u015ft\u0131rmas\u0131, sekt\u00f6r\u00fcn geli\u015fimini h\u0131zland\u0131r\u0131c\u0131 tedbirler al\u0131nmas\u0131 ve geli\u015ftirilen politikalar\u0131n istikrarl\u0131 uygulamas\u0131 gerekmektedir.<\/p>\n<p>G\u00fcne\u015f temelli geli\u015fiminin h\u0131zlanabilmesi i\u00e7in yeni lisans kapasiteleri ihdas edilerek ba\u015fvuru b\u00f6lgeleri ve \u015fartlar\u0131 acilen a\u00e7\u0131klanarak g\u00fcne\u015f enerjisi ihtisas yat\u0131r\u0131m alanlar\u0131 ile ilgili mevzuat ve altyap\u0131 eksiklikleri acilen tamamlanmal\u0131d\u0131r. Yat\u0131r\u0131m s\u00fcre\u00e7leri gereksiz b\u00fcrokrasiden ar\u0131nd\u0131r\u0131lmal\u0131, yat\u0131r\u0131mlar\u0131n en k\u0131sa s\u00fcrede ger\u00e7ekle\u015fmesi i\u00e7in gerekli tedbirler al\u0131narak, \u00f6zellikle \u00e7at\u0131lar\u0131n da enerji \u00fcretim alan\u0131 olarak etkin de\u011ferlendirilmesine y\u00f6nelik altyap\u0131 h\u0131zla tamamlanmal\u0131, finans ko\u015fullar\u0131 ve sigorta s\u00fcre\u00e7leri iyile\u015ftirilmelidir. R\u00fczg\u00e2rdan \u00f6\u011frendiklerimizle g\u00fcne\u015f i\u00e7in daha kuvvetli ilerleyebiliriz. Ta\u015f\u0131tlarda g\u00fcne\u015f elektri\u011fi kullan\u0131m\u0131 konusu da \u00f6nceliklerimiz aras\u0131nda olmal\u0131 &#8220;dedi.<\/p>\n<p>Kaynak: B\u00fcltenler<\/p>","protected":false},"excerpt":{"rendered":"<p>Sorry, this entry is only available in Turkish. For the sake of viewer convenience, the content is shown below in the alternative language. You may click the link to switch the active language.Yenilenebilir Enerji Kaynaklar\u0131 (YEK) ile ilgili politikalar, d\u00fczenlemeler ve teknolojik geli\u015fmeler Avrupa Birli\u011fi (AB) enerji \u00e7e\u015fitlili\u011fi ve iklim de\u011fi\u015fikli\u011fi ile m\u00fccadele politikalar\u0131n\u0131n \u00e7ok [&hellip;]<\/p>\n","protected":false},"author":1,"featured_media":52739,"comment_status":"open","ping_status":"open","sticky":false,"template":"","format":"standard","meta":[],"categories":[53,49,50],"tags":[67,1009,2698,165,508,29380],"views":2196,"_links":{"self":[{"href":"https:\/\/www.enerjigazetesi.ist\/en\/wp-json\/wp\/v2\/posts\/52738"}],"collection":[{"href":"https:\/\/www.enerjigazetesi.ist\/en\/wp-json\/wp\/v2\/posts"}],"about":[{"href":"https:\/\/www.enerjigazetesi.ist\/en\/wp-json\/wp\/v2\/types\/post"}],"author":[{"embeddable":true,"href":"https:\/\/www.enerjigazetesi.ist\/en\/wp-json\/wp\/v2\/users\/1"}],"replies":[{"embeddable":true,"href":"https:\/\/www.enerjigazetesi.ist\/en\/wp-json\/wp\/v2\/comments?post=52738"}],"version-history":[{"count":1,"href":"https:\/\/www.enerjigazetesi.ist\/en\/wp-json\/wp\/v2\/posts\/52738\/revisions"}],"predecessor-version":[{"id":52740,"href":"https:\/\/www.enerjigazetesi.ist\/en\/wp-json\/wp\/v2\/posts\/52738\/revisions\/52740"}],"wp:featuredmedia":[{"embeddable":true,"href":"https:\/\/www.enerjigazetesi.ist\/en\/wp-json\/wp\/v2\/media\/52739"}],"wp:attachment":[{"href":"https:\/\/www.enerjigazetesi.ist\/en\/wp-json\/wp\/v2\/media?parent=52738"}],"wp:term":[{"taxonomy":"category","embeddable":true,"href":"https:\/\/www.enerjigazetesi.ist\/en\/wp-json\/wp\/v2\/categories?post=52738"},{"taxonomy":"post_tag","embeddable":true,"href":"https:\/\/www.enerjigazetesi.ist\/en\/wp-json\/wp\/v2\/tags?post=52738"}],"curies":[{"name":"wp","href":"https:\/\/api.w.org\/{rel}","templated":true}]}}