{"id":52731,"date":"2016-05-06T08:19:59","date_gmt":"2016-05-06T05:19:59","guid":{"rendered":"https:\/\/www.enerjigazetesi.ist\/?p=52731"},"modified":"2016-05-06T08:19:59","modified_gmt":"2016-05-06T05:19:59","slug":"elektrik-aboneleri-25-milyon-liralik-kayip-kacak-bedelini-geri-aldi","status":"publish","type":"post","link":"https:\/\/www.enerjigazetesi.ist\/en\/elektrik-aboneleri-25-milyon-liralik-kayip-kacak-bedelini-geri-aldi\/","title":{"rendered":"(Turkish) Elektrik Aboneleri 25 milyon Liral\u0131k Kay\u0131p-Ka\u00e7ak Bedelini Geri Ald\u0131!"},"content":{"rendered":"<p class=\"qtranxs-available-languages-message qtranxs-available-languages-message-en\">Sorry, this entry is only available in <a href=\"https:\/\/www.enerjigazetesi.ist\/tr\/wp-json\/wp\/v2\/posts\/52731\" class=\"qtranxs-available-language-link qtranxs-available-language-link-tr\" title=\"Turkish\">Turkish<\/a>. For the sake of viewer convenience, the content is shown below in the alternative language. You may click the link to switch the active language.<\/p><p><\/p>\n<p class=\"selectionShareable\" style=\"color: #0a0a0a;\"><strong>Vatanda\u015f\u0131n, elektrikte kay\u0131p ka\u00e7ak bedeline kar\u015f\u0131 y\u00fcr\u00fctt\u00fc\u011f\u00fc m\u00fccadelede bug\u00fcne kadar da\u011f\u0131t\u0131m \u015firketlerinden yarg\u0131 karar\u0131yla tahsil etti\u011fi tutar ilk kez ortaya \u00e7\u0131kt\u0131. Elektrik faturas\u0131nda kay\u0131p-ka\u00e7ak bedeline itiraz ederek dava a\u00e7an aboneler \u015fimdiye kadar toplam 25 milyon liray\u0131 geri ald\u0131.<\/strong><\/p>\n<p class=\"selectionShareable\" style=\"color: #0a0a0a;\">\u00d6zellikle b\u00fcy\u00fck miktarda elektrik \u00e7eken sanayi tesislerinin ve i\u015fletmelerin milyonlarca liral\u0131k kay\u0131p-ka<a href=\"https:\/\/www.enerjigazetesi.ist\/wp-content\/uploads\/2016\/05\/elektrik-aboneleri-25-milyon-liralik-kayip-kacak-bedelini-geri-aldi.png\"><img loading=\"lazy\" class=\"alignright  wp-image-52732\" src=\"https:\/\/www.enerjigazetesi.ist\/wp-content\/uploads\/2016\/05\/elektrik-aboneleri-25-milyon-liralik-kayip-kacak-bedelini-geri-aldi-300x139.png\" alt=\"elektrik-aboneleri-25-milyon-liralik-kayip-kacak-bedelini-geri-aldi\" width=\"300\" height=\"173\" \/><\/a>\u00e7ak bedeli tahsilat\u0131 yapt\u0131\u011f\u0131 belirtildi. Y\u00fczlerce dava s\u00fcrd\u00fc\u011f\u00fc i\u00e7in tahsilat\u0131n y\u00fcz milyonlar\u0131 bulmas\u0131 bekleniyor.<\/p>\n<p class=\"selectionShareable\" style=\"color: #0a0a0a;\">Meclis\u2019te bulunan Elektrik Piyasas\u0131 Yasas\u0131\u2019nda de\u011fi\u015fiklik yapan yasa teklifinde, da\u011f\u0131t\u0131m \u015firketlerinin abonelerine \u00f6dedi\u011fi kay\u0131p ka\u00e7ak bedelinin elektrik tarifelerine yans\u0131t\u0131lmas\u0131n\u0131 \u00f6ng\u00f6ren bir maddenin de yer almas\u0131 g\u00fcndeme geldi. Madde \u00fczerinde \u00e7al\u0131\u015fma yap\u0131ld\u0131 ancak d\u00fczenleme teklifte yer almad\u0131. Habert\u00fcrk\u2019\u00fcn haberine g\u00f6re, Ankara\u2019da enerji y\u00f6netimin ve sekt\u00f6rden al\u0131nan bilgiye g\u00f6re yasa \u00e7al\u0131\u015fmas\u0131 s\u0131ras\u0131nda 21 elektrik da\u011f\u0131t\u0131m b\u00f6lgesinden, abonelerine, kay\u0131p-ka\u00e7ak kapsam\u0131nda iade ettikleri tutarlar\u0131 hesaplamas\u0131 istendi. Da\u011f\u0131t\u0131m \u015firketleri, tek tek hesaplama yapt\u0131.<\/p>\n<p class=\"selectionShareable\" style=\"color: #0a0a0a;\">Teklife g\u00f6re elektrik da\u011f\u0131t\u0131m tarifeleri; da\u011f\u0131t\u0131m sistemi yat\u0131r\u0131m harcamalar\u0131, sistem i\u015fletim maliyeti, teknik ve teknik olmayan kay\u0131p maliyeti, kesme-ba\u011flama hizmet maliyeti, saya\u00e7 okuma maliyeti gibi bedellerden olu\u015facak. Meclis\u2019te bulunan yasa teklifi uyar\u0131nca elektrik tarifelerine ili\u015fkin olarak a\u00e7\u0131lan davalara, adli yarg\u0131 ve t\u00fcketici hakem heyetleri yerine idari yarg\u0131 bakacak. Sekt\u00f6r uzmanlar\u0131, bu d\u00fczenlemenin devam eden davalar\u0131 etkilemeyece\u011fini belirttiler.<\/p>\n<p class=\"selectionShareable\" style=\"color: #0a0a0a;\">Kaynak: Enerji Enstit\u00fcs\u00fc<\/p>\n<p><\/p>","protected":false},"excerpt":{"rendered":"<p>Sorry, this entry is only available in Turkish. For the sake of viewer convenience, the content is shown below in the alternative language. You may click the link to switch the active language. Vatanda\u015f\u0131n, elektrikte kay\u0131p ka\u00e7ak bedeline kar\u015f\u0131 y\u00fcr\u00fctt\u00fc\u011f\u00fc m\u00fccadelede bug\u00fcne kadar da\u011f\u0131t\u0131m \u015firketlerinden yarg\u0131 karar\u0131yla tahsil etti\u011fi tutar ilk kez ortaya \u00e7\u0131kt\u0131. Elektrik [&hellip;]<\/p>\n","protected":false},"author":1,"featured_media":52732,"comment_status":"open","ping_status":"open","sticky":false,"template":"","format":"standard","meta":[],"categories":[51,53],"tags":[4258,28109,68,7921,29548,61,1229,19638,1451,28439,2873,63,67,1009,2698,165,498],"views":1177,"_links":{"self":[{"href":"https:\/\/www.enerjigazetesi.ist\/en\/wp-json\/wp\/v2\/posts\/52731"}],"collection":[{"href":"https:\/\/www.enerjigazetesi.ist\/en\/wp-json\/wp\/v2\/posts"}],"about":[{"href":"https:\/\/www.enerjigazetesi.ist\/en\/wp-json\/wp\/v2\/types\/post"}],"author":[{"embeddable":true,"href":"https:\/\/www.enerjigazetesi.ist\/en\/wp-json\/wp\/v2\/users\/1"}],"replies":[{"embeddable":true,"href":"https:\/\/www.enerjigazetesi.ist\/en\/wp-json\/wp\/v2\/comments?post=52731"}],"version-history":[{"count":1,"href":"https:\/\/www.enerjigazetesi.ist\/en\/wp-json\/wp\/v2\/posts\/52731\/revisions"}],"predecessor-version":[{"id":52733,"href":"https:\/\/www.enerjigazetesi.ist\/en\/wp-json\/wp\/v2\/posts\/52731\/revisions\/52733"}],"wp:featuredmedia":[{"embeddable":true,"href":"https:\/\/www.enerjigazetesi.ist\/en\/wp-json\/wp\/v2\/media\/52732"}],"wp:attachment":[{"href":"https:\/\/www.enerjigazetesi.ist\/en\/wp-json\/wp\/v2\/media?parent=52731"}],"wp:term":[{"taxonomy":"category","embeddable":true,"href":"https:\/\/www.enerjigazetesi.ist\/en\/wp-json\/wp\/v2\/categories?post=52731"},{"taxonomy":"post_tag","embeddable":true,"href":"https:\/\/www.enerjigazetesi.ist\/en\/wp-json\/wp\/v2\/tags?post=52731"}],"curies":[{"name":"wp","href":"https:\/\/api.w.org\/{rel}","templated":true}]}}