{"id":52721,"date":"2016-05-06T08:02:46","date_gmt":"2016-05-06T05:02:46","guid":{"rendered":"https:\/\/www.enerjigazetesi.ist\/?p=52721"},"modified":"2016-05-06T08:04:23","modified_gmt":"2016-05-06T05:04:23","slug":"uluslararasi-akilli-sehirler-konferansi-ankarada-duzenlenecek","status":"publish","type":"post","link":"https:\/\/www.enerjigazetesi.ist\/en\/uluslararasi-akilli-sehirler-konferansi-ankarada-duzenlenecek\/","title":{"rendered":"(Turkish) Uluslararas\u0131 Ak\u0131ll\u0131 \u015eehirler Konferans\u0131 Ankara\u2019da D\u00fczenlenecek!"},"content":{"rendered":"<p class=\"qtranxs-available-languages-message qtranxs-available-languages-message-en\">Sorry, this entry is only available in <a href=\"https:\/\/www.enerjigazetesi.ist\/tr\/wp-json\/wp\/v2\/posts\/52721\" class=\"qtranxs-available-language-link qtranxs-available-language-link-tr\" title=\"Turkish\">Turkish<\/a>. For the sake of viewer convenience, the content is shown below in the alternative language. You may click the link to switch the active language.<\/p><p><\/p>\n<p style=\"color: #666666;\"><strong>\u201cUluslararas\u0131 Ak\u0131ll\u0131 \u015eehirler Konferans\u0131\u201d 4-5 May\u0131s 2016 tarihinde Rixos Grand Ankara\u2019da d\u00fczenlenecek. <\/strong><\/p>\n<p style=\"color: #666666;\">Konferans kapsam\u0131nda kamu kurumlar\u0131n\u0131n yetkilileri, belediye ba\u015fkanlar\u0131, teknoloji kurulu\u015flar\u0131 ve akademik d\u00fcnya<\/p>\n<p style=\"color: #666666;\">ak\u0131ll\u0131 \u015fehirlerin gelece\u011fini masaya yat\u0131racak.<\/p>\n<p style=\"color: #666666;\"><a href=\"https:\/\/www.enerjigazetesi.ist\/wp-content\/uploads\/2016\/05\/uluslararasi-akilli-sehirler-konferansi-ankarada-duzenlenecek.png\"><img loading=\"lazy\" class=\"alignright  wp-image-52722\" src=\"https:\/\/www.enerjigazetesi.ist\/wp-content\/uploads\/2016\/05\/uluslararasi-akilli-sehirler-konferansi-ankarada-duzenlenecek-300x110.png\" alt=\"uluslararasi-akilli-sehirler-konferansi-ankarada-duzenlenecek\" width=\"300\" height=\"176\" \/><\/a><\/p>\n<p style=\"color: #666666;\">Uluslararas\u0131 Ak\u0131ll\u0131 \u015eehirler Konferans\u0131 belediyelere \u201cAk\u0131ll\u0131 \u015eehir\u201d kavram\u0131n\u0131 anlatmak yerine \u201cAk\u0131ll\u0131 \u015eehirler D\u00f6n\u00fc\u015f\u00fcm Hareketi\u201d projesiyle kamu-\u00f6zel sekt\u00f6r yat\u0131r\u0131m\u0131 alan bir b\u00f6lge \u00fczerinde d\u00f6n\u00fc\u015f\u00fcm sa\u011flayan pilot bir uygulama \u00fczerinden tecr\u00fcbe payla\u015f\u0131m\u0131na, ilham almaya ve i\u015fbirliklerine katk\u0131 sa\u011flayacak \u00f6nemli bir f\u0131rsat sunuyor.<\/p>\n<p style=\"color: #666666;\">D\u00fcnyadaki ak\u0131ll\u0131 \u015fehirlerin y\u00f6neticileri ve ilgili heyetleri tecr\u00fcbelerini aktarmak \u00fczere Ankara Sanayi Odas\u0131 ve Kamu Teknoloji Platformu davetlisi olarak kat\u0131l\u0131mc\u0131larla bir araya geliyor.<\/p>\n<p style=\"color: #666666;\">Bunlara ek olarak konferans kapsam\u0131nda bir ilke daha imza at\u0131larak, \u201cDo! Smart City\u201d etkinli\u011fi ile i\u015fbirli\u011fi i\u00e7erisinde ak\u0131ll\u0131 \u015fehir kavram\u0131n\u0131n T\u00fcrkiye\u2019nin b\u00fct\u00fcn b\u00f6lgelerine yayg\u0131nla\u015ft\u0131r\u0131lmas\u0131 hedefleniyor.<\/p>\n<p style=\"color: #666666;\">Program \u0130\u00e7in\u00a0<a style=\"color: #fc8d8d;\" href=\"http:\/\/www.akillisehirlerkonferansi.com\/program\/\" target=\"_blank\">T\u0131klay\u0131n\u0131z&gt;&gt;&gt;<\/a><\/p>\n<p><\/p>","protected":false},"excerpt":{"rendered":"<p>Sorry, this entry is only available in Turkish. For the sake of viewer convenience, the content is shown below in the alternative language. You may click the link to switch the active language. \u201cUluslararas\u0131 Ak\u0131ll\u0131 \u015eehirler Konferans\u0131\u201d 4-5 May\u0131s 2016 tarihinde Rixos Grand Ankara\u2019da d\u00fczenlenecek. Konferans kapsam\u0131nda kamu kurumlar\u0131n\u0131n yetkilileri, belediye ba\u015fkanlar\u0131, teknoloji kurulu\u015flar\u0131 ve [&hellip;]<\/p>\n","protected":false},"author":1,"featured_media":52722,"comment_status":"open","ping_status":"open","sticky":false,"template":"","format":"standard","meta":[],"categories":[53],"tags":[67,1009,2698,165,29547],"views":1245,"_links":{"self":[{"href":"https:\/\/www.enerjigazetesi.ist\/en\/wp-json\/wp\/v2\/posts\/52721"}],"collection":[{"href":"https:\/\/www.enerjigazetesi.ist\/en\/wp-json\/wp\/v2\/posts"}],"about":[{"href":"https:\/\/www.enerjigazetesi.ist\/en\/wp-json\/wp\/v2\/types\/post"}],"author":[{"embeddable":true,"href":"https:\/\/www.enerjigazetesi.ist\/en\/wp-json\/wp\/v2\/users\/1"}],"replies":[{"embeddable":true,"href":"https:\/\/www.enerjigazetesi.ist\/en\/wp-json\/wp\/v2\/comments?post=52721"}],"version-history":[{"count":3,"href":"https:\/\/www.enerjigazetesi.ist\/en\/wp-json\/wp\/v2\/posts\/52721\/revisions"}],"predecessor-version":[{"id":52725,"href":"https:\/\/www.enerjigazetesi.ist\/en\/wp-json\/wp\/v2\/posts\/52721\/revisions\/52725"}],"wp:featuredmedia":[{"embeddable":true,"href":"https:\/\/www.enerjigazetesi.ist\/en\/wp-json\/wp\/v2\/media\/52722"}],"wp:attachment":[{"href":"https:\/\/www.enerjigazetesi.ist\/en\/wp-json\/wp\/v2\/media?parent=52721"}],"wp:term":[{"taxonomy":"category","embeddable":true,"href":"https:\/\/www.enerjigazetesi.ist\/en\/wp-json\/wp\/v2\/categories?post=52721"},{"taxonomy":"post_tag","embeddable":true,"href":"https:\/\/www.enerjigazetesi.ist\/en\/wp-json\/wp\/v2\/tags?post=52721"}],"curies":[{"name":"wp","href":"https:\/\/api.w.org\/{rel}","templated":true}]}}