{"id":52663,"date":"2016-05-04T22:45:08","date_gmt":"2016-05-04T19:45:08","guid":{"rendered":"https:\/\/www.enerjigazetesi.ist\/?p=52663"},"modified":"2016-05-04T22:45:08","modified_gmt":"2016-05-04T19:45:08","slug":"iklim-icin-en-etkili-gunes-enerjisi","status":"publish","type":"post","link":"https:\/\/www.enerjigazetesi.ist\/en\/iklim-icin-en-etkili-gunes-enerjisi\/","title":{"rendered":"(Turkish) \u0130klim \u0130\u00e7in En Etkili G\u00fcne\u015f Enerjisi!"},"content":{"rendered":"<p class=\"qtranxs-available-languages-message qtranxs-available-languages-message-en\">Sorry, this entry is only available in <a href=\"https:\/\/www.enerjigazetesi.ist\/tr\/wp-json\/wp\/v2\/posts\/52663\" class=\"qtranxs-available-language-link qtranxs-available-language-link-tr\" title=\"Turkish\">Turkish<\/a>. For the sake of viewer convenience, the content is shown below in the alternative language. You may click the link to switch the active language.<\/p><p><\/p>\n<p class=\"selectionShareable\" style=\"color: #0a0a0a;\"><strong>K\u00fcresel iklim de\u011fi\u015fikli\u011fi m\u00fccadelesi i\u00e7in tarihi nitelikte olan Paris \u0130klim Anla\u015fmas\u0131, 22 Nisan g\u00fcn\u00fc New York\u2019ta aralar\u0131nda T\u00fcrkiye\u2019nin de bulundu\u011fu 175 \u00fclkenin temsilcisi taraf\u0131ndan imzaland\u0131.<\/strong><span id=\"more-80273\"><\/span><\/p>\n<p class=\"selectionShareable\" style=\"color: #0a0a0a;\">T\u00fcrkiye, Paris \u0130klim Anla\u015fmas\u0131 kapsam\u0131nda Sekteryaya sundu\u011fu Ulusal Niyet Katk\u0131 Beyan\u0131\u2019nda belirtildi\u011fi \u00fczere 2030 y\u0131l\u0131nda 10 bin megavat (MW) g\u00fcne\u015f enerjisi kapasitesine ula\u015fmay\u0131 hedefliyor. Bug\u00fcn itibari ile T\u00fcrkiye\u2019de kurulu g\u00fcc\u00fcn 400 MW civar\u0131nda <a href=\"https:\/\/www.enerjigazetesi.ist\/wp-content\/uploads\/2016\/05\/iklim-icin-en-etkili-gunes-enerjisi.jpg\"><img loading=\"lazy\" class=\"alignleft size-medium wp-image-52664\" src=\"https:\/\/www.enerjigazetesi.ist\/wp-content\/uploads\/2016\/05\/iklim-icin-en-etkili-gunes-enerjisi-300x177.jpg\" alt=\"iklim-icin-en-etkili-gunes-enerjisi\" width=\"300\" height=\"177\" srcset=\"https:\/\/www.enerjigazetesi.ist\/wp-content\/uploads\/2016\/05\/iklim-icin-en-etkili-gunes-enerjisi-300x177.jpg 300w, https:\/\/www.enerjigazetesi.ist\/wp-content\/uploads\/2016\/05\/iklim-icin-en-etkili-gunes-enerjisi-1024x605.jpg 1024w, https:\/\/www.enerjigazetesi.ist\/wp-content\/uploads\/2016\/05\/iklim-icin-en-etkili-gunes-enerjisi-500x295.jpg 500w, https:\/\/www.enerjigazetesi.ist\/wp-content\/uploads\/2016\/05\/iklim-icin-en-etkili-gunes-enerjisi-80x47.jpg 80w, https:\/\/www.enerjigazetesi.ist\/wp-content\/uploads\/2016\/05\/iklim-icin-en-etkili-gunes-enerjisi.jpg 1068w\" sizes=\"(max-width: 300px) 100vw, 300px\" \/><\/a>oldu\u011funa dikkat \u00e7eken Uluslararas\u0131 G\u00fcne\u015f Enerjisi Toplulu\u011fu T\u00fcrkiye B\u00f6l\u00fcm\u00fc (G\u00dcNDER) Ba\u015fkan\u0131 Kemal Bayraktar, \u201c\u201cFosil yak\u0131tlardan ka\u00e7\u0131\u015f ve enerjide d\u00f6n\u00fc\u015f\u00fcm hali haz\u0131rda d\u00fcnyada ba\u015flad\u0131. Bu d\u00f6n\u00fc\u015f\u00fcm, T\u00fcrkiye i\u00e7in \u00f6nemli bir f\u0131rsat penceresi a\u00e7\u0131yor.<\/p>\n<p class=\"selectionShareable\" style=\"color: #0a0a0a;\">G\u00fcne\u015f potansiyeli ile T\u00fcrkiye bu s\u00fcreci ka\u00e7\u0131rmamal\u0131 ve gelece\u011fimiz ve s\u00fcrd\u00fcr\u00fclebilirlik i\u00e7in harekete ge\u00e7irmeli. \u00dclkemizin enerji gelece\u011fi g\u00fcne\u015fte\u201d yorumunu yap\u0131yor. G\u00dcNDER, ayr\u0131ca g\u00fcne\u015f enerjisinde T\u00fcrkiye\u2019nin atmas\u0131 gereken ad\u0131mlar\u0131 s\u0131ral\u0131yor.<\/p>\n<p class=\"selectionShareable\" style=\"color: #0a0a0a;\">Paris \u0130klim Anla\u015fmas\u0131\u2019n\u0131 de\u011ferlendiren G\u00dcNDER Ba\u015fkan\u0131 Bayraktar, T\u00fcrkiye\u2019nin ve b\u00f6lgenin gelece\u011finde g\u00fcne\u015f enerjisinin \u00e7ok \u00f6nemli rol oynayaca\u011f\u0131na i\u015faret ederek, \u201cG\u00fcne\u015f enerjisi h\u0131zl\u0131, kolay eri\u015filebilir, \u0131s\u0131nmadan elektri\u011fe kadar bir \u00e7ok alanda kullan\u0131labilir, y\u00fcksek istihdam yaratan bir sekt\u00f6r olarak, hem d\u00fc\u015f\u00fck karbonlu geli\u015febilecek ekonomimize, hem de enerji ihtiyac\u0131m\u0131za katk\u0131 sa\u011flayacak temiz ve yerli bir enerji kayna\u011f\u0131\u201d \u015feklinde konu\u015fuyor.<\/p>\n<p class=\"selectionShareable\" style=\"color: #0a0a0a;\">Kaynak: H\u00fcrriyet<\/p>\n<p><\/p>","protected":false},"excerpt":{"rendered":"<p>Sorry, this entry is only available in Turkish. For the sake of viewer convenience, the content is shown below in the alternative language. You may click the link to switch the active language. K\u00fcresel iklim de\u011fi\u015fikli\u011fi m\u00fccadelesi i\u00e7in tarihi nitelikte olan Paris \u0130klim Anla\u015fmas\u0131, 22 Nisan g\u00fcn\u00fc New York\u2019ta aralar\u0131nda T\u00fcrkiye\u2019nin de bulundu\u011fu 175 \u00fclkenin [&hellip;]<\/p>\n","protected":false},"author":1,"featured_media":52664,"comment_status":"open","ping_status":"open","sticky":false,"template":"","format":"standard","meta":[],"categories":[53,49],"tags":[63,67,1009,2698,165,1382,227,13,23133,22975,4269,21753,27449,29520],"views":954,"_links":{"self":[{"href":"https:\/\/www.enerjigazetesi.ist\/en\/wp-json\/wp\/v2\/posts\/52663"}],"collection":[{"href":"https:\/\/www.enerjigazetesi.ist\/en\/wp-json\/wp\/v2\/posts"}],"about":[{"href":"https:\/\/www.enerjigazetesi.ist\/en\/wp-json\/wp\/v2\/types\/post"}],"author":[{"embeddable":true,"href":"https:\/\/www.enerjigazetesi.ist\/en\/wp-json\/wp\/v2\/users\/1"}],"replies":[{"embeddable":true,"href":"https:\/\/www.enerjigazetesi.ist\/en\/wp-json\/wp\/v2\/comments?post=52663"}],"version-history":[{"count":1,"href":"https:\/\/www.enerjigazetesi.ist\/en\/wp-json\/wp\/v2\/posts\/52663\/revisions"}],"predecessor-version":[{"id":52665,"href":"https:\/\/www.enerjigazetesi.ist\/en\/wp-json\/wp\/v2\/posts\/52663\/revisions\/52665"}],"wp:featuredmedia":[{"embeddable":true,"href":"https:\/\/www.enerjigazetesi.ist\/en\/wp-json\/wp\/v2\/media\/52664"}],"wp:attachment":[{"href":"https:\/\/www.enerjigazetesi.ist\/en\/wp-json\/wp\/v2\/media?parent=52663"}],"wp:term":[{"taxonomy":"category","embeddable":true,"href":"https:\/\/www.enerjigazetesi.ist\/en\/wp-json\/wp\/v2\/categories?post=52663"},{"taxonomy":"post_tag","embeddable":true,"href":"https:\/\/www.enerjigazetesi.ist\/en\/wp-json\/wp\/v2\/tags?post=52663"}],"curies":[{"name":"wp","href":"https:\/\/api.w.org\/{rel}","templated":true}]}}