{"id":52624,"date":"2016-05-03T21:52:38","date_gmt":"2016-05-03T18:52:38","guid":{"rendered":"https:\/\/www.enerjigazetesi.ist\/?p=52624"},"modified":"2016-05-03T21:52:38","modified_gmt":"2016-05-03T18:52:38","slug":"gayrimenkul-dunyasi-10-mayista-bir-araya-geliyor","status":"publish","type":"post","link":"https:\/\/www.enerjigazetesi.ist\/en\/gayrimenkul-dunyasi-10-mayista-bir-araya-geliyor\/","title":{"rendered":"(Turkish) Gayrimenkul D\u00fcnyas\u0131 10 May\u0131s\u2019ta Bir Araya Geliyor&#8230;"},"content":{"rendered":"<p class=\"qtranxs-available-languages-message qtranxs-available-languages-message-en\">Sorry, this entry is only available in <a href=\"https:\/\/www.enerjigazetesi.ist\/tr\/wp-json\/wp\/v2\/posts\/52624\" class=\"qtranxs-available-language-link qtranxs-available-language-link-tr\" title=\"Turkish\">Turkish<\/a>. For the sake of viewer convenience, the content is shown below in the alternative language. You may click the link to switch the active language.<\/p><p><strong>T\u00fcrkiye\u2019nin Gayrimenkul Platformu GYODER (Gayrimenkul ve Gayrimenkul Yat\u0131r\u0131m Ortakl\u0131\u011f\u0131 Derne\u011fi) taraf\u0131ndan bu y\u0131l 15.\u2019si ger\u00e7ekle\u015ftirilecek Gayrimenkul Zirvesi i\u00e7in geri say\u0131m ba\u015flad\u0131. T\u00fcrkiye gayrimenkul sekt\u00f6r\u00fcn\u00fcn nabz\u0131n\u0131 tutan ve \u00f6nemli bir bulu\u015fma noktas\u0131 haline gelen zirve bu y\u0131l \u201c\u0130\u015fimiz MeTRekare\u201d temas\u0131 ile 10 May\u0131s 2016 tarihinde Raffles Hotel \u0130stanbul\u2019da d\u00fczenlenecek.<\/strong><\/p>\n<p>T\u00fcrkiye\u2019nin Gayrimenkul Platformu GYODER taraf\u0131ndan 2000 y\u0131l\u0131ndan bu yana ger\u00e7ekle\u015ftirilen ve sekt\u00f6r\u00fcn en \u00f6nemli organizasyonu o<img loading=\"lazy\" class=\"alignleft size-medium wp-image-52625\" src=\"https:\/\/www.enerjigazetesi.ist\/wp-content\/uploads\/2016\/05\/gayrimenkul-dunyasi-10-mayista-bir-araya-geliyor-300x183.jpg\" alt=\"gayrimenkul-dunyasi-10-mayista-bir-araya-geliyor\" width=\"300\" height=\"183\" srcset=\"https:\/\/www.enerjigazetesi.ist\/wp-content\/uploads\/2016\/05\/gayrimenkul-dunyasi-10-mayista-bir-araya-geliyor-300x183.jpg 300w, https:\/\/www.enerjigazetesi.ist\/wp-content\/uploads\/2016\/05\/gayrimenkul-dunyasi-10-mayista-bir-araya-geliyor-80x48.jpg 80w, https:\/\/www.enerjigazetesi.ist\/wp-content\/uploads\/2016\/05\/gayrimenkul-dunyasi-10-mayista-bir-araya-geliyor.jpg 485w\" sizes=\"(max-width: 300px) 100vw, 300px\" \/>larak nitelendirilen Gayrimenkul Zirvesi bu y\u0131l <strong>\u201c\u0130\u015fimiz MeTRekare\u201d<\/strong> temas\u0131 ile sekt\u00f6r liderlerini 15. kez ayn\u0131 \u00e7at\u0131 alt\u0131nda toplamaya haz\u0131rlan\u0131yor. Gayrimenkul sekt\u00f6r\u00fcn\u00fcn g\u00fcndemini belirleyen zirve, zengin i\u00e7eri\u011fi ve alan\u0131nda uzman isimlerin kat\u0131l\u0131mlar\u0131yla yine y\u0131l\u0131n en de\u011ferli etkinli\u011fi olacak.<\/p>\n<p>15 y\u0131ld\u0131r T\u00fcrkiye gayrimenkul sekt\u00f6r\u00fcn\u00fcn nabz\u0131n\u0131 tutan ve uluslararas\u0131 bir markaya d\u00f6n\u00fc\u015fen Gayrimenkul Zirvesi\u2019nde bu y\u0131l da kat\u0131l\u0131mc\u0131lara bilgi y\u00fckl\u00fc, geni\u015f perspektifli ve keyifli bir program sunuluyor. Sekt\u00f6r\u00fc yak\u0131ndan ilgilendiren konu ba\u015fl\u0131klar\u0131, \u00e7arp\u0131c\u0131 konuklar\u0131yla \u201c<strong>Yabanc\u0131 Yat\u0131r\u0131mc\u0131lar G\u00f6z\u00fcyle T\u00fcrkiye\u2019de Gayrimenkul Sekt\u00f6r\u00fc<\/strong>\u201d , \u201c<strong>Gayrimenkulde Yeni Finansman Modeli: Gayrimenkul Yat\u0131r\u0131m Fonu<\/strong> \u201c, \u201c<strong>Metrekare ve Yeni Jenerasyon \u0130li\u015fkisi<\/strong>\u201d, \u201c<strong>Rakamlar Bize Ne S\u00f6yl\u00fcyor?<\/strong> \u201c, \u201c<strong>Metrekarenin Evrimi ve Y\u00f6netimi<\/strong>\u201d gibi sekt\u00f6re ili\u015fkin bir\u00e7ok konu ba\u015fl\u0131\u011f\u0131n\u0131 zirveye ta\u015f\u0131yacak.<\/p>\n<p>Her y\u0131l oldu\u011fu gibi bu y\u0131l da gayrimenkul sekt\u00f6r\u00fcne ili\u015fkin bir\u00e7ok konuyu zirveye ta\u015f\u0131yan GYODER, alan\u0131nda uzman yerli ve yabanc\u0131 \u00f6nemli isimleri 15. Gayrimenkul Zirvesi\u2019nde a\u011f\u0131rlayacak. A\u00e7\u0131l\u0131\u015f konu\u015fmalar\u0131na \u00c7evre ve \u015eehircilik Bakan\u0131 <strong>Fatma G\u00fcldemet Sar\u0131\u2019n\u0131n<\/strong> davet edildi\u011fi Zirve\u2019nin, \u00f6\u011fleden sonraki a\u00e7\u0131l\u0131\u015f\u0131n\u0131 ise \u0130stanbul B\u00fcy\u00fck\u015fehir Belediye Ba\u015fkan\u0131 <strong>Dr. Kadir Topba\u015f<\/strong> ger\u00e7ekle\u015ftirecek. T\u00fcrkiye\u2019nin en \u00f6nemli gayrimenkul \u015firketleri, sekt\u00f6r temsilcileri, kamu yetkilileri ve uzmanlar\u0131n bir araya gelece\u011fi Zirve\u2019de \u00fcnl\u00fc gazeteci <strong>Emin \u00c7apa\u2019da <\/strong>de\u011ferli g\u00f6r\u00fc\u015flerini ve yorumlar\u0131n\u0131 payla\u015facak. Zirve\u2019nin en ilgin\u00e7 ve dikkat \u00e7ekici ismi ise \u201c Fark\u0131nda m\u0131s\u0131n\u0131z? \u201d ba\u015fl\u0131kl\u0131 konu\u015fmas\u0131yla Yazar <strong>Metin Hara<\/strong> olacak.<\/p>\n<p><span style=\"text-decoration: underline;\"><strong>Ayr\u0131nt\u0131l\u0131 Bilgi \u0130\u00e7in:<\/strong><\/span><\/p>\n<p><strong>Salt \u0130leti\u015fim Grup :<\/strong> 0212 217 47 48<\/p>\n<p>Fatma Selvi \/ <a href=\"mailto:fatma.selvi@saltiletisimgrup.com\">fatma.selvi@saltiletisimgrup.com<\/a> \/ 0543 449 49 66<\/p>\n<p>Arzu K\u0131zmaz \/ <a href=\"mailto:arzu.kizmaz@saltiletisimgrup.com\">arzu.kizmaz@saltiletisimgrup.com<\/a> \/ 0537 201 61 71<\/p>\n<p>Sudi Yamak \/ <a href=\"mailto:sudi@saltiletisimgrup.com\">sudi@saltiletisimgrup.com<\/a> \/ 0532 563 78 69<\/p>\n<p>Kaynak: B\u00fcltenler<\/p>","protected":false},"excerpt":{"rendered":"<p>Sorry, this entry is only available in Turkish. For the sake of viewer convenience, the content is shown below in the alternative language. You may click the link to switch the active language.T\u00fcrkiye\u2019nin Gayrimenkul Platformu GYODER (Gayrimenkul ve Gayrimenkul Yat\u0131r\u0131m Ortakl\u0131\u011f\u0131 Derne\u011fi) taraf\u0131ndan bu y\u0131l 15.\u2019si ger\u00e7ekle\u015ftirilecek Gayrimenkul Zirvesi i\u00e7in geri say\u0131m ba\u015flad\u0131. T\u00fcrkiye gayrimenkul [&hellip;]<\/p>\n","protected":false},"author":1,"featured_media":52625,"comment_status":"open","ping_status":"open","sticky":false,"template":"","format":"standard","meta":[],"categories":[53,4],"tags":[29495,12431,29497,2696,29498,29496],"views":915,"_links":{"self":[{"href":"https:\/\/www.enerjigazetesi.ist\/en\/wp-json\/wp\/v2\/posts\/52624"}],"collection":[{"href":"https:\/\/www.enerjigazetesi.ist\/en\/wp-json\/wp\/v2\/posts"}],"about":[{"href":"https:\/\/www.enerjigazetesi.ist\/en\/wp-json\/wp\/v2\/types\/post"}],"author":[{"embeddable":true,"href":"https:\/\/www.enerjigazetesi.ist\/en\/wp-json\/wp\/v2\/users\/1"}],"replies":[{"embeddable":true,"href":"https:\/\/www.enerjigazetesi.ist\/en\/wp-json\/wp\/v2\/comments?post=52624"}],"version-history":[{"count":1,"href":"https:\/\/www.enerjigazetesi.ist\/en\/wp-json\/wp\/v2\/posts\/52624\/revisions"}],"predecessor-version":[{"id":52626,"href":"https:\/\/www.enerjigazetesi.ist\/en\/wp-json\/wp\/v2\/posts\/52624\/revisions\/52626"}],"wp:featuredmedia":[{"embeddable":true,"href":"https:\/\/www.enerjigazetesi.ist\/en\/wp-json\/wp\/v2\/media\/52625"}],"wp:attachment":[{"href":"https:\/\/www.enerjigazetesi.ist\/en\/wp-json\/wp\/v2\/media?parent=52624"}],"wp:term":[{"taxonomy":"category","embeddable":true,"href":"https:\/\/www.enerjigazetesi.ist\/en\/wp-json\/wp\/v2\/categories?post=52624"},{"taxonomy":"post_tag","embeddable":true,"href":"https:\/\/www.enerjigazetesi.ist\/en\/wp-json\/wp\/v2\/tags?post=52624"}],"curies":[{"name":"wp","href":"https:\/\/api.w.org\/{rel}","templated":true}]}}