{"id":52551,"date":"2016-05-01T23:25:49","date_gmt":"2016-05-01T20:25:49","guid":{"rendered":"https:\/\/www.enerjigazetesi.ist\/?p=52551"},"modified":"2016-05-01T23:27:49","modified_gmt":"2016-05-01T20:27:49","slug":"enerjinin-oykusu-enerji-ekonomisi-zirvesi-12-mayista-bogazici-universitesinde","status":"publish","type":"post","link":"https:\/\/www.enerjigazetesi.ist\/en\/enerjinin-oykusu-enerji-ekonomisi-zirvesi-12-mayista-bogazici-universitesinde\/","title":{"rendered":"(Turkish) Enerjinin \u00d6yk\u00fcs\u00fc: Enerji Ekonomisi Zirvesi 12 May\u0131s&#8217;ta Bo\u011fazi\u00e7i \u00dcnv.&#8217;de!"},"content":{"rendered":"<p class=\"qtranxs-available-languages-message qtranxs-available-languages-message-en\">Sorry, this entry is only available in <a href=\"https:\/\/www.enerjigazetesi.ist\/tr\/wp-json\/wp\/v2\/posts\/52551\" class=\"qtranxs-available-language-link qtranxs-available-language-link-tr\" title=\"Turkish\">Turkish<\/a>. For the sake of viewer convenience, the content is shown below in the alternative language. You may click the link to switch the active language.<\/p><p><strong>Bo\u011fazi\u00e7i \u00dcniversitesi M\u00fchendislik Kul\u00fcb\u00fc (ENSO) ve Anbean Tan\u0131t\u0131m Dan\u0131\u015fmanl\u0131k i\u015f ortakl\u0131\u011f\u0131yla yap\u0131lan Enerji Ekonomisi Zirvesi, bu y\u0131l \u201cEnerjinin \u00d6yk\u00fcs\u00fc\u201d mottosuyla d\u00fczenleniyor.<\/strong><\/p>\n<p>Zirvede; Hem T\u00fcrkiye, hem d\u00fcnya ekonomisinin en \u00f6nemli sekt\u00f6rlerinden olan Enerji Ekonomisi\u2019nin <a href=\"https:\/\/www.enerjigazetesi.ist\/wp-content\/uploads\/2016\/05\/enerjinin-oykusu-enerji-ekonomisi-zirvesi-12-mayista.jpg\"><img loading=\"lazy\" class=\"alignright size-medium wp-image-52552\" src=\"https:\/\/www.enerjigazetesi.ist\/wp-content\/uploads\/2016\/05\/enerjinin-oykusu-enerji-ekonomisi-zirvesi-12-mayista-300x191.jpg\" alt=\"enerjinin-oykusu-enerji-ekonomisi-zirvesi-12-mayista\" width=\"300\" height=\"191\" srcset=\"https:\/\/www.enerjigazetesi.ist\/wp-content\/uploads\/2016\/05\/enerjinin-oykusu-enerji-ekonomisi-zirvesi-12-mayista-300x191.jpg 300w, https:\/\/www.enerjigazetesi.ist\/wp-content\/uploads\/2016\/05\/enerjinin-oykusu-enerji-ekonomisi-zirvesi-12-mayista-78x50.jpg 78w, https:\/\/www.enerjigazetesi.ist\/wp-content\/uploads\/2016\/05\/enerjinin-oykusu-enerji-ekonomisi-zirvesi-12-mayista.jpg 336w\" sizes=\"(max-width: 300px) 100vw, 300px\" \/><\/a>ge\u00e7mi\u015fi, bug\u00fcn\u00fc ve gelece\u011fi kapsaml\u0131ca incelenecektir. Enerji ekosisteminin t\u00fcm bile\u015fenlerinin yer alaca\u011f\u0131 zirvede sekt\u00f6re ili\u015fkin t\u00fcm ba\u015fl\u0131klar,\u00a0 \u00f6zg\u00fcn ve \u00f6nc\u00fc bir program e\u015fli\u011finde ger\u00e7ekle\u015fecektir.<\/p>\n<p>Bir g\u00fcn boyunca s\u00fcrecek Enerji\u2019nin \u00d6yk\u00fcs\u00fc: \u201cEnerji Ekonomisi Zirvesi\u201d, enerji ekonomisi kariyeri d\u00fc\u015f\u00fcnen \u00f6\u011frencilere, sekt\u00f6r profesyonellerine, konusunda uzman konu\u015fmac\u0131lara de\u011ferli ba\u011flant\u0131lar kuracak bir atmosfer yarat\u0131yor; gelecekte de \u00fclkedeki enerji sekt\u00f6r\u00fcne dair bilgi, ara\u015ft\u0131rma ve birikim umuduyla, s\u00fcrd\u00fcr\u00fclebilir bir organizasyon olmay\u0131 hedefliyor.<\/p>\n<p>Zirve; <strong>12 May\u0131s\u2019ta<\/strong> <span style=\"text-decoration: underline;\">Bo\u011fazi\u00e7i \u00dcniversitesi<\/span> <strong>U\u00e7aksavar Kamp\u00fcs\u00fc, Garanti K\u00fclt\u00fcr Merkezi\u2019nde<\/strong> yap\u0131lacakt\u0131r.<\/p>\n<p>7 oturum ve 1 panel olarak, tek g\u00fcn s\u00fcrecektir.<\/p>\n<p><strong>ENERJ\u0130 FUARI<\/strong><\/p>\n<p>T\u00fcm g\u00fcn s\u00fcrecek zirvenin yan\u0131 s\u0131ra; firmalar geni\u015f fuaye alan\u0131nda interaktif sunumlar a\u00e7abilecektir.<\/p>\n<p><strong>Kay\u0131t \u0130\u00e7in:<\/strong>\u00a0<a href=\"http:\/\/enerjininoykusu.com\/kayit\/\">http:\/\/enerjininoykusu.com\/kayit\/<\/a><\/p>","protected":false},"excerpt":{"rendered":"<p>Sorry, this entry is only available in Turkish. For the sake of viewer convenience, the content is shown below in the alternative language. You may click the link to switch the active language.Bo\u011fazi\u00e7i \u00dcniversitesi M\u00fchendislik Kul\u00fcb\u00fc (ENSO) ve Anbean Tan\u0131t\u0131m Dan\u0131\u015fmanl\u0131k i\u015f ortakl\u0131\u011f\u0131yla yap\u0131lan Enerji Ekonomisi Zirvesi, bu y\u0131l \u201cEnerjinin \u00d6yk\u00fcs\u00fc\u201d mottosuyla d\u00fczenleniyor. Zirvede; Hem [&hellip;]<\/p>\n","protected":false},"author":1,"featured_media":52552,"comment_status":"open","ping_status":"open","sticky":false,"template":"","format":"standard","meta":[],"categories":[53],"tags":[29445,5446,63,29446,67,1009,2698,165,29447,29444,13122],"views":994,"_links":{"self":[{"href":"https:\/\/www.enerjigazetesi.ist\/en\/wp-json\/wp\/v2\/posts\/52551"}],"collection":[{"href":"https:\/\/www.enerjigazetesi.ist\/en\/wp-json\/wp\/v2\/posts"}],"about":[{"href":"https:\/\/www.enerjigazetesi.ist\/en\/wp-json\/wp\/v2\/types\/post"}],"author":[{"embeddable":true,"href":"https:\/\/www.enerjigazetesi.ist\/en\/wp-json\/wp\/v2\/users\/1"}],"replies":[{"embeddable":true,"href":"https:\/\/www.enerjigazetesi.ist\/en\/wp-json\/wp\/v2\/comments?post=52551"}],"version-history":[{"count":2,"href":"https:\/\/www.enerjigazetesi.ist\/en\/wp-json\/wp\/v2\/posts\/52551\/revisions"}],"predecessor-version":[{"id":52554,"href":"https:\/\/www.enerjigazetesi.ist\/en\/wp-json\/wp\/v2\/posts\/52551\/revisions\/52554"}],"wp:featuredmedia":[{"embeddable":true,"href":"https:\/\/www.enerjigazetesi.ist\/en\/wp-json\/wp\/v2\/media\/52552"}],"wp:attachment":[{"href":"https:\/\/www.enerjigazetesi.ist\/en\/wp-json\/wp\/v2\/media?parent=52551"}],"wp:term":[{"taxonomy":"category","embeddable":true,"href":"https:\/\/www.enerjigazetesi.ist\/en\/wp-json\/wp\/v2\/categories?post=52551"},{"taxonomy":"post_tag","embeddable":true,"href":"https:\/\/www.enerjigazetesi.ist\/en\/wp-json\/wp\/v2\/tags?post=52551"}],"curies":[{"name":"wp","href":"https:\/\/api.w.org\/{rel}","templated":true}]}}