{"id":52521,"date":"2016-05-01T16:47:34","date_gmt":"2016-05-01T13:47:34","guid":{"rendered":"https:\/\/www.enerjigazetesi.ist\/?p=52521"},"modified":"2016-05-01T16:54:09","modified_gmt":"2016-05-01T13:54:09","slug":"irenec-2016-6-uluslararasi-yuzde-100-yenilenebilir-enerji-konferansi-26-mayista","status":"publish","type":"post","link":"https:\/\/www.enerjigazetesi.ist\/en\/irenec-2016-6-uluslararasi-yuzde-100-yenilenebilir-enerji-konferansi-26-mayista\/","title":{"rendered":"(Turkish) 6. Uluslararas\u0131 %100 Yenilenebilir Enerji Konferans\u0131 26 May\u0131s&#8217;ta!"},"content":{"rendered":"<p class=\"qtranxs-available-languages-message qtranxs-available-languages-message-en\">Sorry, this entry is only available in <a href=\"https:\/\/www.enerjigazetesi.ist\/tr\/wp-json\/wp\/v2\/posts\/52521\" class=\"qtranxs-available-language-link qtranxs-available-language-link-tr\" title=\"Turkish\">Turkish<\/a>. For the sake of viewer convenience, the content is shown below in the alternative language. You may click the link to switch the active language.<\/p><p><strong>Toplumlar\u0131n, \u00fclkelerin ve b\u00f6lgelerin %100 yenilenebilir enerjiye ge\u00e7i\u015fi ancak \u00e7\u00f6z\u00fcm taraf\u0131nda olan yerel, ulusal ve b\u00f6lgesel h\u00fck\u00fcmetlerle ger\u00e7ekle\u015febilir.<\/strong><\/p>\n<p>Enerji alan\u0131ndaki ye\u015fil \u00e7\u00f6z\u00fcm, mevcut en iyi teknolojilerin kullan\u0131ld\u0131\u011f\u0131 ak\u0131ll\u0131 \u015febekelerin, yenilenebilir e<a href=\"https:\/\/www.enerjigazetesi.ist\/wp-content\/uploads\/2016\/05\/irenec-2016-6-uluslararasi-yuzde-100-yenilenebilir-enerji-konferansi-26-mayista.jpg\"><img loading=\"lazy\" class=\"alignright size-medium wp-image-52522\" src=\"https:\/\/www.enerjigazetesi.ist\/wp-content\/uploads\/2016\/05\/irenec-2016-6-uluslararasi-yuzde-100-yenilenebilir-enerji-konferansi-26-mayista-300x181.jpg\" alt=\"irenec-2016-6-uluslararasi-yuzde-100-yenilenebilir-enerji-konferansi-26-mayista\" width=\"300\" height=\"181\" srcset=\"https:\/\/www.enerjigazetesi.ist\/wp-content\/uploads\/2016\/05\/irenec-2016-6-uluslararasi-yuzde-100-yenilenebilir-enerji-konferansi-26-mayista-300x181.jpg 300w, https:\/\/www.enerjigazetesi.ist\/wp-content\/uploads\/2016\/05\/irenec-2016-6-uluslararasi-yuzde-100-yenilenebilir-enerji-konferansi-26-mayista-80x48.jpg 80w, https:\/\/www.enerjigazetesi.ist\/wp-content\/uploads\/2016\/05\/irenec-2016-6-uluslararasi-yuzde-100-yenilenebilir-enerji-konferansi-26-mayista.jpg 480w\" sizes=\"(max-width: 300px) 100vw, 300px\" \/><\/a>nerji depolama sistemlerinin ve enerjinin son kullan\u0131m verimlili\u011finin entegrasyonuyla %100 yenilenebilir enerji hedefine ula\u015f\u0131lmas\u0131d\u0131r.<\/p>\n<p>K\u00fcresel ya\u015fam alan\u0131m\u0131zda gelece\u011fin enerji sistemlerinin gelece\u011fin teknolojileriyle planlanmas\u0131 ve eski teknolojilerin bir pazardan di\u011ferine kayd\u0131r\u0131lmas\u0131n\u0131n \u00f6n\u00fcne ge\u00e7ilmesi i\u00e7in enerji-ekonomi-ekoloji alan\u0131nda karar verme modelleri ve d\u0131\u015f maliyetlerin i\u00e7selle\u015ftirilmesi gereklidir.<\/p>\n<p>T\u00fcrkiye Yenilenebilir Enerji Birli\u011fi (EUROSOLAR T\u00fcrkiye), birli\u011fin vizyonu do\u011frultusunda %100 yenilenebilir enerjiye ge\u00e7i\u015fin teknik, ekonomik ve siyasi boyutlar\u0131n\u0131n ve sanayide, mimaride, ula\u015f\u0131mda ve e\u011fitimde hayata ge\u00e7me yollar\u0131n\u0131n tart\u0131\u015f\u0131laca\u011f\u0131 uluslararas\u0131 bir platform yaratmak i\u00e7in her y\u0131l IRENEC Uluslararas\u0131 %100 Yenilenebilir Enerji Konferans\u0131\u2019n\u0131 d\u00fczenlemektedir. Konferans bu y\u0131l <strong>26-28 May\u0131s 2016<\/strong> tarihlerinde <strong>Maltepe\u00a0T\u00fcrkan Saylan\u00a0<\/strong><strong>K\u00fclt\u00fcr Merkezi&#8217;nde<\/strong> d\u00fczenlenecektir.<\/p>\n<p>Mevcut enerji a\u011f\u0131n\u0131 gelecekte t\u00fcm\u00fcyle %100 Yenilenebilir Enerjiye d\u00f6n\u00fc\u015ft\u00fcrme y\u00f6n\u00fcndeki k\u00fcresel hedef, IRENEC 2016\u2019n\u0131n ana temas\u0131d\u0131r.<\/p>\n<p><span style=\"text-decoration: underline;\"><strong>Daha Detayl\u0131 Bilgi\u00a0ve Kay\u0131t\u00a0\u0130\u00e7in:<\/strong><\/span> <a href=\"http:\/\/www.irenec.org\" target=\"_blank\">www.irenec.org<\/a> web sitesini ziyaret edebilirsiniz.<\/p>","protected":false},"excerpt":{"rendered":"<p>Sorry, this entry is only available in Turkish. For the sake of viewer convenience, the content is shown below in the alternative language. You may click the link to switch the active language.Toplumlar\u0131n, \u00fclkelerin ve b\u00f6lgelerin %100 yenilenebilir enerjiye ge\u00e7i\u015fi ancak \u00e7\u00f6z\u00fcm taraf\u0131nda olan yerel, ulusal ve b\u00f6lgesel h\u00fck\u00fcmetlerle ger\u00e7ekle\u015febilir. Enerji alan\u0131ndaki ye\u015fil \u00e7\u00f6z\u00fcm, mevcut [&hellip;]<\/p>\n","protected":false},"author":1,"featured_media":52522,"comment_status":"open","ping_status":"open","sticky":false,"template":"","format":"standard","meta":[],"categories":[22893,53,49,50],"tags":[29426,67,1009,2698,165,6319,29425,24756,4810],"views":1368,"_links":{"self":[{"href":"https:\/\/www.enerjigazetesi.ist\/en\/wp-json\/wp\/v2\/posts\/52521"}],"collection":[{"href":"https:\/\/www.enerjigazetesi.ist\/en\/wp-json\/wp\/v2\/posts"}],"about":[{"href":"https:\/\/www.enerjigazetesi.ist\/en\/wp-json\/wp\/v2\/types\/post"}],"author":[{"embeddable":true,"href":"https:\/\/www.enerjigazetesi.ist\/en\/wp-json\/wp\/v2\/users\/1"}],"replies":[{"embeddable":true,"href":"https:\/\/www.enerjigazetesi.ist\/en\/wp-json\/wp\/v2\/comments?post=52521"}],"version-history":[{"count":7,"href":"https:\/\/www.enerjigazetesi.ist\/en\/wp-json\/wp\/v2\/posts\/52521\/revisions"}],"predecessor-version":[{"id":52529,"href":"https:\/\/www.enerjigazetesi.ist\/en\/wp-json\/wp\/v2\/posts\/52521\/revisions\/52529"}],"wp:featuredmedia":[{"embeddable":true,"href":"https:\/\/www.enerjigazetesi.ist\/en\/wp-json\/wp\/v2\/media\/52522"}],"wp:attachment":[{"href":"https:\/\/www.enerjigazetesi.ist\/en\/wp-json\/wp\/v2\/media?parent=52521"}],"wp:term":[{"taxonomy":"category","embeddable":true,"href":"https:\/\/www.enerjigazetesi.ist\/en\/wp-json\/wp\/v2\/categories?post=52521"},{"taxonomy":"post_tag","embeddable":true,"href":"https:\/\/www.enerjigazetesi.ist\/en\/wp-json\/wp\/v2\/tags?post=52521"}],"curies":[{"name":"wp","href":"https:\/\/api.w.org\/{rel}","templated":true}]}}