{"id":52514,"date":"2016-04-30T11:00:37","date_gmt":"2016-04-30T08:00:37","guid":{"rendered":"https:\/\/www.enerjigazetesi.ist\/?p=52514"},"modified":"2016-04-30T11:00:37","modified_gmt":"2016-04-30T08:00:37","slug":"yekdem-duzenlemesi-resmi-gazetede-yayimlanarak-yururluge-girdi","status":"publish","type":"post","link":"https:\/\/www.enerjigazetesi.ist\/en\/yekdem-duzenlemesi-resmi-gazetede-yayimlanarak-yururluge-girdi\/","title":{"rendered":"(Turkish) YEKDEM D\u00fczenlemesi Resmi Gazete\u2019de Yay\u0131mlanarak Y\u00fcr\u00fcrl\u00fc\u011fe Girdi!"},"content":{"rendered":"<p class=\"qtranxs-available-languages-message qtranxs-available-languages-message-en\">Sorry, this entry is only available in <a href=\"https:\/\/www.enerjigazetesi.ist\/tr\/wp-json\/wp\/v2\/posts\/52514\" class=\"qtranxs-available-language-link qtranxs-available-language-link-tr\" title=\"Turkish\">Turkish<\/a>. For the sake of viewer convenience, the content is shown below in the alternative language. You may click the link to switch the active language.<\/p><p><\/p>\n<p style=\"color: #0a0a0a;\"><strong>Yenilenebilir Enerji Kaynaklar\u0131n\u0131 Destekleme Mekanizmas\u0131 (YEKDEM) mevzuat\u0131 de\u011fi\u015fti. Portf\u00f6y y\u00f6netimi ve dengesizlik konusunda de\u011fi\u015fikler getiren YEKDEM d\u00fczenlemesi Resmi Gazete\u2019de yay\u0131mland\u0131.<\/strong><span id=\"more-80036\"><\/span><\/p>\n<p style=\"color: #0a0a0a;\">Buna g\u00f6re, YEKDEM san<a href=\"https:\/\/www.enerjigazetesi.ist\/wp-content\/uploads\/2016\/04\/yekdem-duzenlemesi-resmi-gazetede-yayimlanarak-yururluge-girdi.jpg\"><img loading=\"lazy\" class=\"alignleft size-medium wp-image-52515\" src=\"https:\/\/www.enerjigazetesi.ist\/wp-content\/uploads\/2016\/04\/yekdem-duzenlemesi-resmi-gazetede-yayimlanarak-yururluge-girdi-300x199.jpg\" alt=\"yekdem-duzenlemesi-resmi-gazetede-yayimlanarak-yururluge-girdi\" width=\"300\" height=\"199\" srcset=\"https:\/\/www.enerjigazetesi.ist\/wp-content\/uploads\/2016\/04\/yekdem-duzenlemesi-resmi-gazetede-yayimlanarak-yururluge-girdi-300x199.jpg 300w, https:\/\/www.enerjigazetesi.ist\/wp-content\/uploads\/2016\/04\/yekdem-duzenlemesi-resmi-gazetede-yayimlanarak-yururluge-girdi-500x331.jpg 500w, https:\/\/www.enerjigazetesi.ist\/wp-content\/uploads\/2016\/04\/yekdem-duzenlemesi-resmi-gazetede-yayimlanarak-yururluge-girdi-75x50.jpg 75w, https:\/\/www.enerjigazetesi.ist\/wp-content\/uploads\/2016\/04\/yekdem-duzenlemesi-resmi-gazetede-yayimlanarak-yururluge-girdi.jpg 696w\" sizes=\"(max-width: 300px) 100vw, 300px\" \/><\/a>trallerinde \u00fcretilen elektrik sadece g\u00fcn \u00f6ncesi piyasas\u0131na de\u011fil, g\u00fcn \u00f6ncesi dahil olmak \u00fczere g\u00fcn i\u00e7i piyasas\u0131,\u00a0dengesizlik piyasas\u0131, serbest t\u00fcketici ve ikili anla\u015fmalar yoluyla tezgah\u00fcst\u00fc piyasalara sat\u0131labilecek.\u00a0De\u011fi\u015fiklikle, gereken durumlarda g\u00fcn i\u00e7i piyasas\u0131nda ticaret yap\u0131larak \u00a0dengesizliklerin en aza indirilmesi, portf\u00f6y\u00fcn do\u011fru bir bi\u00e7imde y\u00f6netilerek \u00a0\u00fcretim tahminlerinin en do\u011fru \u015fekilde yap\u0131lmas\u0131 ve piyasaya arz edilmesi, \u00a0rezervuarl\u0131 hidrolik santrallerin \u00fcretimlerinin portf\u00f6y gelirini maksimize edecek \u00a0\u015fekilde optimize edilmesi ve YEKDEM kapsam\u0131ndaki tesislerin dengeleme g\u00fc\u00e7 \u00a0piyasas\u0131nda yer almaya devam ederek hizmet sa\u011flayabilmesi ama\u00e7lan\u0131yor.<\/p>\n<h3 style=\"font-weight: 400; color: #111111;\"><strong>Dengesizli\u011fe %2 tolerans verildi<\/strong><\/h3>\n<p style=\"color: #0a0a0a;\">YEKDEM santrallerinin dengesizliklerini art\u0131k y\u00f6netmeleri gerekiyor, EPDK taraf\u0131ndan y\u00f6netmelikle tolerans ba\u015flang\u0131\u00e7 katsay\u0131s\u0131 0,98 olarak belirlenerek %2 tolerans pay\u0131 verildi. Buna g\u00f6re, g\u00fcn \u00f6ncesinde olu\u015fan ve referans olacak Piyasa Takas Fiyat\u0131 (PTF) ile dengeleme piyasas\u0131nda olu\u015fan Sistem Marjinal Fiyat\u0131 (SMF) aras\u0131ndaki farka ba\u011fl\u0131 olarak %2\u2019ye kadar olu\u015fan dengesizlikler bir maliyet olu\u015fturmayabilecek. Mesela, santral g\u00fcn \u00f6ncesinde ger\u00e7ekten daha d\u00fc\u015f\u00fck veya y\u00fcksek \u00fcretim planlamas\u0131 yaparsa, dengeleme piyasas\u0131nda belirlenen SMF\u2019nin PTF ile fark\u0131na ba\u011fl\u0131 olarak dengesizlik maliyetine maruz kalacak.<\/p>\n<h3 style=\"font-weight: 400; color: #111111;\"><strong>Portf\u00f6y\u00fcn\u00fc iyi y\u00f6neten ek gelir elde edebilir<\/strong><\/h3>\n<p style=\"color: #0a0a0a;\">\u00d6nceki d\u00f6nemde, \u00fcreticiler, basit bir hesap ile \u00fcretti\u011fi elektrik miktar\u0131 ile te\u015fvik fiyat\u0131n\u0131n \u00e7arp\u0131m\u0131 \u00fczerinden \u00f6demesini alabiliyor, herhangi bir dengesizlik riski bulunmuyordu. Yeni d\u00f6nemde, portf\u00f6y\u00fcn\u00fc d\u00fczg\u00fcn y\u00f6neten, piyasalarda iyi pozisyon alan ve dengesizliklerini en aza indiren kat\u0131l\u0131mc\u0131lar\u0131n sa\u011fl\u0131kl\u0131 \u00fcretim planlamas\u0131, dengesizliklerin \u00a0azalt\u0131lmas\u0131, tersiyer yedek ve yan hizmetler gibi sa\u011flad\u0131klar\u0131 ek hizmetler kar\u015f\u0131l\u0131\u011f\u0131 eski te\u015fvik mekanizmas\u0131na g\u00f6re ek gelir elde edebilecek. \u00a0Di\u011fer taraftan,\u00a0piyasalarda iyi ticaret yapamayan ve dengesizliklerini azaltamayan kat\u0131l\u0131mc\u0131lar\u0131n riskleri kendilerine y\u00fcklenmi\u015f oldu.<\/p>\n<h3 style=\"font-weight: 400; color: #111111;\"><strong>Haks\u0131z rekabet ortam\u0131\u00a0giderildi<\/strong><\/h3>\n<p style=\"color: #0a0a0a;\">2016 y\u0131l\u0131 itibari ile yakla\u015f\u0131k 15.000 MW kurulu g\u00fcce\u00a0ula\u015fan dev YEKDEM portf\u00f6y\u00fc iletim operator\u00fc (TE\u0130A\u015e) taraf\u0131ndan y\u00f6netilmeye \u00e7al\u0131\u015f\u0131l\u0131yor, sistem i\u015fletim problemleri ortaya \u00e7\u0131k\u0131yordu. Santraller herhangi bir y\u00fck\u00fcml\u00fcl\u00fckleri bulunmad\u0131\u011f\u0131 i\u00e7in \u00fcretim planlamas\u0131 yapm\u0131yorlard\u0131, bu durum g\u00fcn \u00f6ncesi ile g\u00fcn i\u00e7inde ger\u00e7ek \u00fcretim de\u011ferlerinden sapmalara neden olarak piyasada pozitif dengesizlik olu\u015fturuyordu. Ayn\u0131 zamanda, YEKDEM d\u0131\u015f\u0131ndaki piyasa kat\u0131l\u0131mc\u0131lar\u0131n\u0131n dengesizlik y\u00fck\u00fcml\u00fcl\u00fc\u011f\u00fc d\u00fc\u015f\u00fcn\u00fcld\u00fc\u011f\u00fcnde kat\u0131l\u0131mc\u0131lar aras\u0131nda haks\u0131z rekabet ortam\u0131 vard\u0131.\u00a0YEKDEM kapsam\u0131ndaki santrallerin do\u011fru bir \u015fekilde y\u00f6netilmesini te\u015fvik eden bu d\u00fczenleme ile\u00a0t\u00fcketicilerin \u00fczerindeki y\u00fck azalacak.<\/p>\n<h3 style=\"font-weight: 400; color: #111111;\"><strong>G\u00fcn i\u00e7i piyasas\u0131nda hacimler artacak<\/strong><\/h3>\n<p style=\"color: #0a0a0a;\">\u00d6zellikle, r\u00fczgar enerjisi santrallerinde dengesizlik oran\u0131n\u0131n ortalama %6 civar\u0131nda oldu\u011fu biliniyor, bu nedenle r\u00fczgar santrallerinde, \u00f6nceki d\u00f6neme g\u00f6re r\u00fczgar \u00fcreticileri a\u00e7\u0131s\u0131ndan yakla\u015f\u0131k %4 gelir kayb\u0131n\u0131n olu\u015fabilece\u011fi\u00a0belirtiliyor. Dengesizlik maliyetini d\u00fc\u015f\u00fcrmek i\u00e7in, g\u00fcn \u00f6ncesinde \u00fcretece\u011fi elektri\u011fi tam tahmin edemeyen r\u00fczgar santrallerinin daha kesin \u00fcretim tahminler elde etmeleriyle g\u00fcn i\u00e7i al\u0131m-sat\u0131m piyasas\u0131na yo\u011funla\u015fmalar\u0131 gerekecek. Dolay\u0131s\u0131yla, yeni d\u00fczenleme ile birlikte g\u00fcn i\u00e7i piyasas\u0131n\u0131n likiditesinin\u00a0artmas\u0131 ve piyasan\u0131n canlanmas\u0131 bekleniyor.<\/p>\n<p><strong>Resmi Gazete Ba\u011flant\u0131s\u0131 \u0130\u00e7in\u00a0<a style=\"color: #1e73be;\" href=\"http:\/\/resmigazete.gov.tr\/eskiler\/2016\/04\/20160429-8.htm\" target=\"_blank\" rel=\"nofollow\">T\u0131klay\u0131n\u0131z<\/a>&gt;&gt;&gt;<\/strong><\/p>\n<p>Kaynak: B\u00fcltenler<\/p>","protected":false},"excerpt":{"rendered":"<p>Sorry, this entry is only available in Turkish. For the sake of viewer convenience, the content is shown below in the alternative language. You may click the link to switch the active language. Yenilenebilir Enerji Kaynaklar\u0131n\u0131 Destekleme Mekanizmas\u0131 (YEKDEM) mevzuat\u0131 de\u011fi\u015fti. Portf\u00f6y y\u00f6netimi ve dengesizlik konusunda de\u011fi\u015fikler getiren YEKDEM d\u00fczenlemesi Resmi Gazete\u2019de yay\u0131mland\u0131. Buna g\u00f6re, [&hellip;]<\/p>\n","protected":false},"author":1,"featured_media":52515,"comment_status":"open","ping_status":"open","sticky":false,"template":"","format":"standard","meta":[],"categories":[53],"tags":[63,67,1009,2698,165,750,1388,8275,105,10396],"views":2459,"_links":{"self":[{"href":"https:\/\/www.enerjigazetesi.ist\/en\/wp-json\/wp\/v2\/posts\/52514"}],"collection":[{"href":"https:\/\/www.enerjigazetesi.ist\/en\/wp-json\/wp\/v2\/posts"}],"about":[{"href":"https:\/\/www.enerjigazetesi.ist\/en\/wp-json\/wp\/v2\/types\/post"}],"author":[{"embeddable":true,"href":"https:\/\/www.enerjigazetesi.ist\/en\/wp-json\/wp\/v2\/users\/1"}],"replies":[{"embeddable":true,"href":"https:\/\/www.enerjigazetesi.ist\/en\/wp-json\/wp\/v2\/comments?post=52514"}],"version-history":[{"count":1,"href":"https:\/\/www.enerjigazetesi.ist\/en\/wp-json\/wp\/v2\/posts\/52514\/revisions"}],"predecessor-version":[{"id":52516,"href":"https:\/\/www.enerjigazetesi.ist\/en\/wp-json\/wp\/v2\/posts\/52514\/revisions\/52516"}],"wp:featuredmedia":[{"embeddable":true,"href":"https:\/\/www.enerjigazetesi.ist\/en\/wp-json\/wp\/v2\/media\/52515"}],"wp:attachment":[{"href":"https:\/\/www.enerjigazetesi.ist\/en\/wp-json\/wp\/v2\/media?parent=52514"}],"wp:term":[{"taxonomy":"category","embeddable":true,"href":"https:\/\/www.enerjigazetesi.ist\/en\/wp-json\/wp\/v2\/categories?post=52514"},{"taxonomy":"post_tag","embeddable":true,"href":"https:\/\/www.enerjigazetesi.ist\/en\/wp-json\/wp\/v2\/tags?post=52514"}],"curies":[{"name":"wp","href":"https:\/\/api.w.org\/{rel}","templated":true}]}}