{"id":52468,"date":"2016-04-28T20:50:38","date_gmt":"2016-04-28T17:50:38","guid":{"rendered":"https:\/\/www.enerjigazetesi.ist\/?p=52468"},"modified":"2016-04-28T20:50:38","modified_gmt":"2016-04-28T17:50:38","slug":"9-ekodesign-konferansi-yeni-nesil-yesil-temasiyla-26-nisanda-duzenlendi","status":"publish","type":"post","link":"https:\/\/www.enerjigazetesi.ist\/en\/9-ekodesign-konferansi-yeni-nesil-yesil-temasiyla-26-nisanda-duzenlendi\/","title":{"rendered":"(Turkish) 9. Ekodes\u0131gn Konferans\u0131, \u201cYeni Nesil Ye\u015fil\u201d Temas\u0131yla 26 Nisan&#8217;da D\u00fczenlendi!"},"content":{"rendered":"<p class=\"qtranxs-available-languages-message qtranxs-available-languages-message-en\">Sorry, this entry is only available in <a href=\"https:\/\/www.enerjigazetesi.ist\/tr\/wp-json\/wp\/v2\/posts\/52468\" class=\"qtranxs-available-language-link qtranxs-available-language-link-tr\" title=\"Turkish\">Turkish<\/a>. For the sake of viewer convenience, the content is shown below in the alternative language. You may click the link to switch the active language.<\/p><p><\/p>\n<p style=\"text-align: left;\" align=\"center\"><strong>Birle\u015fmi\u015f Milletler yetkilisi Asl\u0131 Karabacak\u2019a g\u00f6re T\u00fcrkiye\u2019de herkesin yeni nesil ye\u015fil binalarda oturmas\u0131 uzak bir hayal de\u011fil \u00e7\u00fcnk\u00fc bu binalar\u0131n geri \u00f6deme s\u00fcreleri 4,5 y\u0131l gibi k\u0131sa olabiliyor. Mimar Prof. Dr. Celal Abdi G\u00fczer; \u201cEnerjiyi de b\u00f6yle b\u00fcy\u00fck form\u00fcllere s\u0131k\u0131\u015fm\u0131\u015f \u015fekilde anlatmaya gerek yok. \u00d6rne\u011fin; \u2018Ger\u00e7ekten bu yap\u0131ya ihtiyac\u0131m var m\u0131, bu kadar b\u00fcy\u00fck olmas\u0131na ihtiyac\u0131m var m\u0131?\u2019 sorusu ile de\u011fi\u015fime ba\u015flayabiliriz.\u201d<\/strong><\/p>\n<p>48 y\u0131ld\u0131r \u2018Yap\u0131 d\u00fcnyas\u0131n\u0131n bilgi merkezi\u2019 olma i\u015flevini s\u00fcrd\u00fcren Yap\u0131-End\u00fcstri Merkezi (YEM) taraf\u0131ndan yeni nesil d\u00fc\u015f\u00fcnme bi\u00e7imleriyle \u201cS\u00fcrd\u00fcr\u00fclebilir tasar\u0131m<a href=\"https:\/\/www.enerjigazetesi.ist\/wp-content\/uploads\/2016\/04\/9-ekodesign-konferansi-yeni-nesil-yesil-temasiyla-26-nisanda-duzenlendi.jpg\"><img loading=\"lazy\" class=\"alignleft size-medium wp-image-52469\" src=\"https:\/\/www.enerjigazetesi.ist\/wp-content\/uploads\/2016\/04\/9-ekodesign-konferansi-yeni-nesil-yesil-temasiyla-26-nisanda-duzenlendi-300x200.jpg\" alt=\"9-ekodesign-konferansi-yeni-nesil-yesil-temasiyla-26-nisanda-duzenlendi\" width=\"300\" height=\"200\" srcset=\"https:\/\/www.enerjigazetesi.ist\/wp-content\/uploads\/2016\/04\/9-ekodesign-konferansi-yeni-nesil-yesil-temasiyla-26-nisanda-duzenlendi-300x200.jpg 300w, https:\/\/www.enerjigazetesi.ist\/wp-content\/uploads\/2016\/04\/9-ekodesign-konferansi-yeni-nesil-yesil-temasiyla-26-nisanda-duzenlendi-500x333.jpg 500w, https:\/\/www.enerjigazetesi.ist\/wp-content\/uploads\/2016\/04\/9-ekodesign-konferansi-yeni-nesil-yesil-temasiyla-26-nisanda-duzenlendi-74x50.jpg 74w, https:\/\/www.enerjigazetesi.ist\/wp-content\/uploads\/2016\/04\/9-ekodesign-konferansi-yeni-nesil-yesil-temasiyla-26-nisanda-duzenlendi.jpg 883w\" sizes=\"(max-width: 300px) 100vw, 300px\" \/><\/a> ve kentle\u015fme\u201d kavramlar\u0131n\u0131n \u00f6n\u00fcn\u00fc a\u00e7mak, s\u00fcrd\u00fcr\u00fclebilir kentle\u015fme politikalar\u0131n\u0131 de\u011ferlendirerek yap\u0131 sekt\u00f6r\u00fcnde fark\u0131ndal\u0131k yaratmak amac\u0131yla d\u00fczenlenen EKODesign Konferans\u0131 <strong>Poncebloc<\/strong> sponsorlu\u011funda, <strong>YAPI Dergisi<\/strong> bilgi sponsorlu\u011funda ve \u00c7EDB\u0130K, GYODER, \u0130NDER, ICVB, T\u00fcrkiye \u0130MSAD ve ULI T\u00fcrkiye destekleriyle YEM\u2019in Fulya\u2019daki merkezinde d\u00fczenlendi.<\/p>\n<p>Bu y\u0131l 9\u2019uncusu d\u00fczenlenen EKODesign Konferans\u0131\u2019na Prof. Dr. Celal Abdi G\u00fczer, Jonas Lundberg, Luca Molinari, Prof. Dr. P\u0131nar Meng\u00fc\u00e7, Emre G\u00fcrsoy, Alper Derinbo\u011faz, Asl\u0131 Karabacak ve Nilay \u00d6zeler Kanan gibi \u2018ye\u015fil tasar\u0131m\u2019la ilgili \u00f6nemli isimler d\u0131\u015f\u0131nda Enerji ve \u00c7evre bakanl\u0131klar\u0131ndan yetkililer kat\u0131ld\u0131.<\/p>\n<p><strong>ENERJ\u0130 VE TAB\u0130\u0130 KAYNAKLAR BAKANLI\u011eI, YEN\u0130LEB\u0130L\u0130R ENERJ\u0130 GENEL M\u00dcD\u00dcRL\u00dc\u011e\u00dc, ENERJ\u0130 VER\u0130ML\u0130L\u0130\u011e\u0130 DA\u0130RE BA\u015eKANLI\u011eI &#8211; KORKMAZ G\u00dcL;<\/strong><\/p>\n<p>\u201cB\u00fct\u00fcnle\u015fik Bina Tasar\u0131m Yakla\u015f\u0131m\u0131n\u0131n T\u00fcrkiye Ortam ve Ko\u015fullar\u0131na Uyarlama S\u00fcreci\u201d ba\u015fl\u0131kl\u0131 oturumda konu\u015fan Enerji ve Tabii Kaynaklar Bakanl\u0131\u011f\u0131 Yenilenebilir Enerji Genel M\u00fcd\u00fcrl\u00fc\u011f\u00fc Enerji Verimlili\u011fi Daire Ba\u015fkanl\u0131\u011f\u0131\u2019ndan Makine M\u00fchendisi Korkmaz G\u00fcl; binalara y\u00f6nelik enerji performans s\u00f6zle\u015fmelerini hayata ge\u00e7irmek i\u00e7in kanun tasar\u0131s\u0131 haz\u0131rlay\u0131p meclise g\u00f6nderdiklerini belirtti. G\u00fcl, bakanl\u0131ktaki teknik \u00e7al\u0131\u015fmalar\u0131n yan\u0131 s\u0131ra b\u00fcnyesinde kamu kurumlar\u0131 ve sivil toplum kurulu\u015flar\u0131 gibi konu ile ilgili t\u00fcm payda\u015flar\u0131n bulundu\u011fu Enerji Verimlili\u011fi Koordinasyon Kurulu \u00e7al\u0131\u015fmalar\u0131na da d\u00fczenlemelerde yer verildi\u011fini s\u00f6yledi.<\/p>\n<p>G\u00fcl; \u201c\u00d6ncelik temel standartlar\u0131 sa\u011flamaya y\u00f6nelik. Kentsel d\u00f6n\u00fc\u015f\u00fcm kapsam\u0131nda yal\u0131t\u0131m\u0131 iyile\u015ftirmeye y\u00f6nelik \u00e7al\u0131\u015fmalar yap\u0131lmas\u0131 bizim i\u00e7in \u00e7ok \u00f6nemli. Biz do\u011fadan ilham ald\u0131k. S\u00fcrd\u00fcr\u00fclebilir kalk\u0131nma d\u00fc\u015f\u00fcncesi b\u00f6yle do\u011fdu. Bu d\u00fc\u015f\u00fcncenin 3 sacaya\u011f\u0131 var; ekonomik, \u00e7evresel, sosyal. \u0130\u015fte \u2018B\u00fct\u00fcnle\u015fik Bina Tasar\u0131m\u0131 Yakla\u015f\u0131m\u0131\u2019 bunlar\u0131 bir araya getiriyor\u201d dedi.<\/p>\n<p><strong>ODT\u00dc M\u0130MARLIK FAK\u00dcLTES\u0130 \u00d6\u011eRET\u0130M \u00dcYES\u0130 &#8211; PROF. DR. CELAL ABD\u0130 G\u00dcZER;<\/strong><\/p>\n<p>B\u00fct\u00fcnle\u015fik Bina Tasar\u0131m Yakla\u015f\u0131m\u0131n\u0131n T\u00fcrkiye\u2019ye uyarlanmas\u0131 konusunda geni\u015f kapsaml\u0131 \u00e7al\u0131\u015fmalar yapan Prof. Dr. Celal Abdi G\u00fczer, bu yakla\u015f\u0131m\u0131n yayg\u0131n bir k\u00fclt\u00fcr olarak yerle\u015fmesinin hayati derecede \u00f6nemli oldu\u011funu belirtti. G\u00fczer; \u201c\u00dc\u00e7 be\u015f tane ayr\u0131cal\u0131kl\u0131 yap\u0131y\u0131 herkes yapar, d\u00fcnyan\u0131n en geri kalm\u0131\u015f yerlerinde bile b\u00f6yle yap\u0131lar var. Bunun yayg\u0131n kabul g\u00f6rmesi, genel k\u00fclt\u00fcr olarak \u00f6z\u00fcmsenmesi, bilincin yay\u0131lmas\u0131 gerekiyor. Bunda da rol model olan kamu sekt\u00f6r\u00fcn\u00fcn \u00f6nc\u00fcl\u00fck yapmas\u0131 gerekiyor. B\u00fct\u00fcnle\u015fik Bina Tasar\u0131m Yakla\u015f\u0131m\u0131 ile in\u015fa edilecek yeni nesil ye\u015fil binalar bu a\u00e7\u0131dan \u00e7ok \u00f6nemli\u201d dedi. Prof. Dr. G\u00fczer, s\u00f6z konusu yakla\u015f\u0131m\u0131n mevcut sistemde daha iyi, \u00e7evreye duyarl\u0131 binalar\u0131n yap\u0131labilece\u011fini ve kat\u0131l\u0131mc\u0131 s\u00fcre\u00e7lerin i\u015fleyebilir oldu\u011funu g\u00f6sterdi\u011fini belirtti.<\/p>\n<p>Son y\u0131llar\u0131n g\u00fcndemden d\u00fc\u015fmeyen konular\u0131nda olan kentsel d\u00f6n\u00fc\u015f\u00fcme vurgu yapan Prof. Dr. Celal Abdi G\u00fczer; \u201cT\u00fcrkiye\u2019de ciddi bir yap\u0131 sto\u011fu var. S\u0131f\u0131r noktas\u0131ndan ba\u015flam\u0131yoruz. Yeni ye\u015fil binalar\u0131 yaparken var olan\u0131 da iyile\u015ftirmemiz gerekiyor. Kentsel d\u00f6n\u00fc\u015f\u00fcm m\u00fcthi\u015f bir \u015fans. Ancak bunu iyi kullanmad\u0131\u011f\u0131m\u0131z y\u00f6n\u00fcnde endi\u015felerim var. Kentsel d\u00f6n\u00fc\u015f\u00fcm yerinde yeniden yapmaya d\u00f6n\u00fc\u015ft\u00fc\u011f\u00fc zaman amac\u0131n\u0131n d\u0131\u015f\u0131na \u00e7\u0131k\u0131yor. B\u00f6yle yaparak faydalan\u0131labilecek bir\u00e7ok \u015feyden faydalanmam\u0131\u015f oluyoruz. Kentsel d\u00f6n\u00fc\u015f\u00fcm do\u011fru uygulan\u0131rsa b\u00fcnyesine enerji meselesi ve ba\u015fka \u015feyler rahatl\u0131kla kat\u0131labilir. Enerjiyi de b\u00f6yle b\u00fcy\u00fck form\u00fcllere s\u0131k\u0131\u015fm\u0131\u015f \u015fekilde anlatmaya gerek yok. \u00d6rne\u011fin; \u2018Ger\u00e7ekten bu yap\u0131ya ihtiyac\u0131m var m\u0131, bu kadar b\u00fcy\u00fck olmas\u0131na ihtiyac\u0131m var m\u0131?\u2019 sorusu ile de\u011fi\u015fime ba\u015flayabiliriz\u201d dedi.<\/p>\n<p><strong>\u201cHERKES YEN\u0130 NES\u0130L YE\u015e\u0130L B\u0130NALARDA OTURAB\u0130L\u0130R, MAL\u0130 SIKINTI YOK\u201d<\/strong><\/p>\n<p>Enerji verimlili\u011fi y\u00fcksek yeni nesil ye\u015fil binalar\u0131n in\u015fas\u0131nda finansman ile ilgili bir s\u0131k\u0131nt\u0131 oldu\u011funu d\u00fc\u015f\u00fcnmedi\u011fini s\u00f6yleyen Prof. Dr. G\u00fczer; T\u00fcrkiye\u2019de enerjiye m\u00fcthi\u015f miktarda para harcand\u0131\u011f\u0131n\u0131, maliyetin azalaca\u011f\u0131na inand\u0131\u011f\u0131 zaman vatanda\u015flar\u0131n bununla ilgili yat\u0131r\u0131m yapaca\u011f\u0131n\u0131 s\u00f6yledi. Y\u00fcksek enerji maliyetinin k\u00fclt\u00fcrel \u00f6nlemlerle ve alternatif enerjilere ge\u00e7erek d\u00fc\u015f\u00fcrmenin m\u00fcmk\u00fcn oldu\u011funu belirten G\u00fczer, bu ba\u011flamda g\u00fcne\u015f enerjisinin iyi bir \u00f6rnek olaca\u011f\u0131n\u0131 vurgulad\u0131. G\u00fczer; \u201cG\u00fcne\u015f enerjisi ile ilgili yasal d\u00fczenlemeler yap\u0131l\u0131r ve insanlara da imk\u00e2n verilirse d\u00f6n\u00fc\u015f\u00fcm\u00fc T\u00fcrkiye\u2019de cep telefonlar\u0131 modellerinin de\u011fi\u015fimi kadar h\u0131zl\u0131 olur. Yeter ki sa\u011flam bir altyap\u0131s\u0131 ve te\u015fvik sistemi olsun. Ba\u015farmak i\u00e7in mali y\u00fckten ziyade b\u00fcrokratik kolayl\u0131k ve te\u015fvik sistemi \u00e7ok \u00f6nemli. Almanya gibi uluslararas\u0131 ba\u015far\u0131 \u00f6yk\u00fclerine bakt\u0131\u011f\u0131m\u0131zda iyi planlanm\u0131\u015f te\u015fvik sistemlerinin etkili oldu\u011funu g\u00f6r\u00fcyoruz\u201d dedi.<\/p>\n<p><strong>\u201cKAYNAKLARI DO\u011eRU KULLANMAZSAK G\u00dcNE\u015e B\u0130LE \u0130\u015eE YARAMAYACAK\u201d<\/strong><\/p>\n<p>Prof. Dr. Celal Abdi G\u00fczer, \u201cD\u00fcnyada t\u00fcketim k\u00fclt\u00fcr\u00fc pompalan\u0131yorken, kimlikler yar\u0131\u015fmalarla belirleniyorken bunu s\u00f6ylemek kolay de\u011fil ama insanlar\u0131n daha minimal t\u00fcketimlerle ya\u015famalar\u0131 m\u00fcmk\u00fcn. At\u0131k d\u00f6n\u00fc\u015f\u00fcm meselesi de bir zorunluluk olarak g\u00fcndeme gelecek \u00e7\u00fcnk\u00fc kaynaklar bitiyor. \u00d6nlem almazsak pil yapam\u0131yor olaca\u011f\u0131z mesela, bir s\u00fcre sonra g\u00fcne\u015f enerjisi bile i\u015fe yaramayacak hale gelecek\u201d dedi.<\/p>\n<p>ODT\u00dc Mimarl\u0131k Fak\u00fcltesi \u00d6\u011fretim \u00dcyesi olan Prof. Dr. Celal Abdi G\u00fczer s\u00f6zlerine \u015f\u00f6yle son verdi: \u201c\u0130nsanlar bu d\u00f6n\u00fc\u015f\u00fcm\u00fcn kendisi ile ilgili oldu\u011funu, kendisine dokundu\u011funu, bir l\u00fcks ve d\u0131\u015far\u0131dan bak\u0131lan bir \u015fey olmad\u0131\u011f\u0131n\u0131, \u00fc\u00e7 be\u015f romantik akademisyenin meselesi olmad\u0131\u011f\u0131n\u0131 anlamal\u0131, hissetmeli. \u015eu an bebek ad\u0131mlar\u0131 ile gidiyor ama bir anda \u00e7ok sahiplenilebilir.\u201d<\/p>\n<p><strong>UNDP T\u00dcRK\u0130YE B\u0130NALARDA VER\u0130ML\u0130L\u0130\u011e\u0130N\u0130N ARTIRILMASI PROJES\u0130 Y\u00d6NET\u0130C\u0130S\u0130<\/strong> &#8211;<strong> ASLI KARABACAK;<\/strong><\/p>\n<p>Birle\u015fmi\u015f Milletler Kalk\u0131nma Program\u0131 UNDP T\u00fcrkiye Binalarda Verimlili\u011finin Art\u0131r\u0131lmas\u0131 Projesi Y\u00f6neticisi ve Y\u00fcksek \u00c7evre M\u00fchendisi Asl\u0131 Karabacak\u2019a g\u00f6re T\u00fcrkiye\u2019de herkesin yeni nesil ye\u015fil binalarda oturmas\u0131 uzak bir hayal de\u011fil. T\u00fcrkiye\u2019de \u00f6zel sekt\u00f6r\u00fcn bu zorunlulu\u011fun fark\u0131na vard\u0131\u011f\u0131n\u0131 ve \u00fcretim tesisleri d\u00e2hil binalar\u0131n enerji verimli s\u00fcrd\u00fcr\u00fclebilir ye\u015fil binalara d\u00f6n\u00fc\u015fmeye ba\u015flad\u0131\u011f\u0131n\u0131 belirten Karabacak, ye\u015fil binalar\u0131n geri \u00f6deme s\u00fcrelerinin de san\u0131lan\u0131n aksine \u00e7ok uzun olmad\u0131\u011f\u0131n\u0131 kaydetti.<\/p>\n<p>Asl\u0131 Karabacak; \u201cT\u00fcrkiye\u2019de \u00f6zel sekt\u00f6r bu konuya ilgi duyuyor ancak kamu aya\u011f\u0131 eksikti.. Projemizin doldurdu\u011fu yer tam da buras\u0131 oldu. Kamuda ye\u015fil d\u00f6n\u00fc\u015f\u00fcm\u00fcn k\u0131sa s\u00fcrede yap\u0131labilece\u011fini g\u00f6sterdik. G\u00fczel olan \u015fu ki projemize Enerji, \u00c7evre ve Milli E\u011fitim bakanl\u0131klar\u0131 b\u00fcy\u00fck destek verdi\u201d dedi. \u0130n\u015faat\u0131 devam etmekte olan demo<a name=\"_GoBack\"><\/a> binalardan birinin 4,5 y\u0131lda kendini \u00f6demesi inan\u0131lmaz bir sonu\u00e7. Bakanl\u0131klar\u0131n istekleri de\u011ferlendirildi ve in\u015faatlar\u0131 devam etmekte olan Ankara\u2019daki 5 demo binada yerel ko\u015fullar\u0131 da g\u00f6z \u00f6n\u00fcnde bulundurduk. Bu konu \u00e7ok olumlu ve \u00f6n\u00fc a\u00e7\u0131k bir konu.\u201d dedi.<\/p>\n<p><strong>\u201c\u0130CADA GEREK YOK, CEPHE OPT\u0130M\u0130ZASYONU B\u0130LE TASARRUF SA\u011eLAR\u201d<\/strong><\/p>\n<p>Asl\u0131 Karabacak; \u201cBinay\u0131 k\u00fc\u00e7\u00fck \u00e7\u00f6z\u00fcmlerle bile enerji verimli hale getirebilirsiniz. \u00d6rne\u011fin binay\u0131 tasarlarken be\u015f derece d\u00f6nd\u00fcrd\u00fc\u011f\u00fcn\u00fczde ya da pasif sistemler kullanarak enerji kazanc\u0131n\u0131z oluyor. \u0130\u015fte tam da bu noktada b\u00fct\u00fcnle\u015fik bina tasar\u0131m\u0131 yakla\u015f\u0131m\u0131 devreye giriyor. Baz\u0131 teknolojiler tabii ki maliyetli ancak b\u00fct\u00fcnle\u015fik bina tasar\u0131m\u0131 yakla\u015f\u0131m\u0131 ile azami fayda sa\u011flanabilir\u201d dedi.<\/p>\n<p><strong>\u201c4,5 YILDA KEND\u0130N\u0130 \u00d6D\u00dcYOR\u201d<\/strong><\/p>\n<p>B\u00fct\u00fcnle\u015fik Bina Tasar\u0131m\u0131 Yakla\u015f\u0131m\u0131 ile tasarlanan binalar\u0131n 4,5 y\u0131lda kendini \u00f6demesinin muazzam bir sonu\u00e7 oldu\u011funu vurgulayan Karabacak, bakanl\u0131klarla yapt\u0131klar\u0131 projelerin belgeselini \u00e7ekerek kamuoyunu bilgilendirmede kullan\u0131lacak e\u011flenceli dok\u00fcmanlar elde edilece\u011fini s\u00f6yledi.<\/p>\n<p>T\u00fcrkiye\u2019de enerji verimlili\u011finin kamuoyu nezdinde \u015fimdiye kadar sadece mantolama olarak g\u00f6r\u00fcld\u00fc\u011f\u00fcn\u00fc ifade eden Karabacak; bu konuda her ne kadar geride olunsa da T\u00fcrkiye\u2019nin geli\u015fmi\u015f \u00fclkelere nazaran hala konut \u00fcretmeye devam etmesinin B\u00fct\u00fcnle\u015fik Bina Tasar\u0131m Yakla\u015f\u0131m\u0131n\u0131n yerle\u015fmesi a\u00e7\u0131s\u0131ndan \u00f6nemli oldu\u011funu belirtti. Karabacak; \u201dAvrupa\u2019da konutlar de\u011fi\u015fmiyor fakat biz her y\u0131l b\u00fcy\u00fck miktarda bina in\u015fa etmeye devam ediyoruz. Hen\u00fcz \u00fcretme a\u015famas\u0131ndayken; b\u00fct\u00fcnle\u015fik bina tasar\u0131m\u0131 yakla\u015f\u0131m\u0131n\u0131n T\u00fcrkiye\u2019de oturtulmas\u0131n\u0131n tam zaman\u0131. Bakanl\u0131klar\u0131n b\u00fcy\u00fck deste\u011fi bu yakla\u015f\u0131m\u0131n k\u0131sa s\u00fcrede kabullenilece\u011fi anlam\u0131na geliyor\u201d dedi.<\/p>\n<p><strong>\u00c7EVRE VE \u015eEH\u0130RC\u0130L\u0130K BAKANLI\u011eI, MESLEK\u0130 H\u0130ZMETLER GENEL M\u00dcD\u00dcRL\u00dc\u011e\u00dc, ENERJ\u0130 VER\u0130ML\u0130L\u0130\u011e\u0130 VE TES\u0130SAT DA\u0130RES\u0130, ENERJ\u0130 VER\u0130ML\u0130L\u0130\u011e\u0130 \u015eUBE M\u00dcD\u00dcRL\u00dc\u011e\u00dc Y\u00dcKSEK M\u0130MAR N\u0130LAY \u00d6ZELER KANAN;<\/strong><\/p>\n<p>\u201cB\u00fct\u00fcnle\u015fik Bina Tasar\u0131m Yakla\u015f\u0131m\u0131n\u0131n T\u00fcrkiye Ortam ve Ko\u015fullar\u0131na Uyarlama S\u00fcreci\u201d ba\u015fl\u0131kl\u0131 oturumda konu\u015fan Y\u00fcksek Mimar Nilay \u00d6zeler Kanan ise enerji etkin bina tasar\u0131m\u0131nda b\u00fct\u00fcnle\u015fik tasar\u0131m\u0131n\u0131n ne oldu\u011funu anlatarak konu\u015fmas\u0131na ba\u015flad\u0131.<\/p>\n<p><strong>&#8220;BU YAKLA\u015eIMIN EKONOM\u0130K, SOSYAL VE \u00c7EVRESEL AVANTAJLARI VAR\u201d<\/strong><\/p>\n<p>Kanan buradaki amac\u0131n \u00e7evreyi korumak, maliyeti d\u00fc\u015f\u00fcrmek ve kaliteyi art\u0131rmak oldu\u011funu kaydetti. B\u00fct\u00fcnle\u015fik bina tasar\u0131m\u0131 yakla\u015f\u0131m\u0131nda kullan\u0131lan aktif teknolojilerden bahseden Kanan, bu yakla\u015f\u0131ma d\u00fcnya mimarl\u0131\u011f\u0131ndan \u00f6rnekler verdi. Kanan, BBTY\u2019nin ekonomik, sosyal ve \u00e7evresel avantajlar\u0131n\u0131n bulundu\u011funa dikkatleri \u00e7ekerek, tasar\u0131m, malzeme ve i\u015f\u00e7ilik maliyetlerinin y\u00fcksek olmas\u0131n\u0131n sistemin dezavantaj\u0131 oldu\u011funu belirtti.<\/p>\n<p><strong>Etkinlik Hakk\u0131nda Detayl\u0131 Bilgi \u0130\u00e7in: <\/strong><a href=\"http:\/\/www.ekodesignkonferansi.com\/\"><span style=\"color: #0976b4;\">www.ekodesignkonferansi.com<\/span><\/a><\/p>\n<p>Kaynak: B\u00fcltenler<\/p>","protected":false},"excerpt":{"rendered":"<p>Sorry, this entry is only available in Turkish. For the sake of viewer convenience, the content is shown below in the alternative language. You may click the link to switch the active language. Birle\u015fmi\u015f Milletler yetkilisi Asl\u0131 Karabacak\u2019a g\u00f6re T\u00fcrkiye\u2019de herkesin yeni nesil ye\u015fil binalarda oturmas\u0131 uzak bir hayal de\u011fil \u00e7\u00fcnk\u00fc bu binalar\u0131n geri \u00f6deme [&hellip;]<\/p>\n","protected":false},"author":1,"featured_media":52469,"comment_status":"open","ping_status":"open","sticky":false,"template":"","format":"standard","meta":[],"categories":[53,52],"tags":[29396,29390,488,29394,29395,4240,29321,67,3136,230,1009,2698,165,12,2696,29398,29397,593,29391,25553,29399,793,29392,29319,29320,87,55,29393],"views":976,"_links":{"self":[{"href":"https:\/\/www.enerjigazetesi.ist\/en\/wp-json\/wp\/v2\/posts\/52468"}],"collection":[{"href":"https:\/\/www.enerjigazetesi.ist\/en\/wp-json\/wp\/v2\/posts"}],"about":[{"href":"https:\/\/www.enerjigazetesi.ist\/en\/wp-json\/wp\/v2\/types\/post"}],"author":[{"embeddable":true,"href":"https:\/\/www.enerjigazetesi.ist\/en\/wp-json\/wp\/v2\/users\/1"}],"replies":[{"embeddable":true,"href":"https:\/\/www.enerjigazetesi.ist\/en\/wp-json\/wp\/v2\/comments?post=52468"}],"version-history":[{"count":1,"href":"https:\/\/www.enerjigazetesi.ist\/en\/wp-json\/wp\/v2\/posts\/52468\/revisions"}],"predecessor-version":[{"id":52470,"href":"https:\/\/www.enerjigazetesi.ist\/en\/wp-json\/wp\/v2\/posts\/52468\/revisions\/52470"}],"wp:featuredmedia":[{"embeddable":true,"href":"https:\/\/www.enerjigazetesi.ist\/en\/wp-json\/wp\/v2\/media\/52469"}],"wp:attachment":[{"href":"https:\/\/www.enerjigazetesi.ist\/en\/wp-json\/wp\/v2\/media?parent=52468"}],"wp:term":[{"taxonomy":"category","embeddable":true,"href":"https:\/\/www.enerjigazetesi.ist\/en\/wp-json\/wp\/v2\/categories?post=52468"},{"taxonomy":"post_tag","embeddable":true,"href":"https:\/\/www.enerjigazetesi.ist\/en\/wp-json\/wp\/v2\/tags?post=52468"}],"curies":[{"name":"wp","href":"https:\/\/api.w.org\/{rel}","templated":true}]}}