{"id":5246,"date":"2013-01-15T18:07:34","date_gmt":"2013-01-15T15:07:34","guid":{"rendered":"https:\/\/www.enerjigazetesi.ist\/?p=5246"},"modified":"2013-01-15T18:08:44","modified_gmt":"2013-01-15T15:08:44","slug":"enerjisa-kandil-heste-su-tutulmaya-baslandi","status":"publish","type":"post","link":"https:\/\/www.enerjigazetesi.ist\/en\/enerjisa-kandil-heste-su-tutulmaya-baslandi\/","title":{"rendered":"(Turkish) Enerjisa Kandil Hes\u2019te Su Tutulmaya Ba\u015fland\u0131"},"content":{"rendered":"<p class=\"qtranxs-available-languages-message qtranxs-available-languages-message-en\">Sorry, this entry is only available in <a href=\"https:\/\/www.enerjigazetesi.ist\/tr\/wp-json\/wp\/v2\/posts\/5246\" class=\"qtranxs-available-language-link qtranxs-available-language-link-tr\" title=\"Turkish\">Turkish<\/a>. For the sake of viewer convenience, the content is shown below in the alternative language. You may click the link to switch the active language.<\/p><p><strong>Ceyhan Nehri \u00fczerinde Enerjisa taraf\u0131ndan yap\u0131lan Kandil Enerji Grubu Projesi i\u00e7erisinde yer alan Kandil Baraj\u0131\u2019nda su tutulmaya ba\u015fland\u0131. Elektrik \u00fcretimi i\u00e7in gerekli olan su kotuna ise 72 ila 90 g\u00fcn aras\u0131nda ula\u015f\u0131laca\u011f\u0131 tahmin ediliyor.<\/strong><\/p>\n<p>Kandil Enerji Grubu Barajlar\u0131 i\u00e7erisinde yer alan Kandil Baraj\u0131\u2019nda elektrik \u00fcretimi ama\u00e7l\u0131 su tutulmaya ba\u015fland\u0131. Yak\u0131n bir zamanda barajdan elektrik \u00fcretimi de ba\u015flayacak.<\/p>\n<h2>214 MW Kurulu G\u00fc\u00e7<\/h2>\n<p><img loading=\"lazy\" class=\"alignleft size-medium wp-image-5248\" title=\"kandil-baraji-hes-enerjisa-505x325\" src=\"https:\/\/www.enerjigazetesi.ist\/wp-content\/uploads\/2013\/01\/kandil-baraji-hes-enerjisa-505x325-300x193.jpg\" alt=\"\" width=\"300\" height=\"193\" srcset=\"https:\/\/www.enerjigazetesi.ist\/wp-content\/uploads\/2013\/01\/kandil-baraji-hes-enerjisa-505x325-300x193.jpg 300w, https:\/\/www.enerjigazetesi.ist\/wp-content\/uploads\/2013\/01\/kandil-baraji-hes-enerjisa-505x325-500x321.jpg 500w, https:\/\/www.enerjigazetesi.ist\/wp-content\/uploads\/2013\/01\/kandil-baraji-hes-enerjisa-505x325-77x50.jpg 77w, https:\/\/www.enerjigazetesi.ist\/wp-content\/uploads\/2013\/01\/kandil-baraji-hes-enerjisa-505x325.jpg 505w\" sizes=\"(max-width: 300px) 100vw, 300px\" \/>214 MW kurulu g\u00fcce sahip olan Kandil Baraj\u0131\u2019nda tahmini olarak 3 ay i\u00e7erisinde elektrik \u00fcretimi ba\u015flayacak. \u00dcretilen elektri\u011fin enterkonnekte hatta aktar\u0131lmas\u0131n\u0131 sa\u011flayacak olan 90 kilometrelik enerji iletim hatt\u0131 ise 2012 y\u0131l\u0131 i\u00e7erisinde d\u00f6\u015fenmi\u015fti. Kandil Baraj\u0131\u2019nda \u00fcretilen elektrik, Af\u015fin-Elbistan B Termik Santrali \u015falt sahas\u0131na aktar\u0131larak, buradan ulusal enerji a\u011f\u0131na ba\u011flanacak.<\/p>\n<p>Kaynak: <a href=\"http:\/\/enerjienstitusu.com\/2013\/01\/08\/enerjisa-kandil-heste-su-tutulmaya-baslandi\/\" target=\"_blank\">Enerji Enstit\u00fcs\u00fc<\/a><\/p>","protected":false},"excerpt":{"rendered":"<p>Sorry, this entry is only available in Turkish. For the sake of viewer convenience, the content is shown below in the alternative language. You may click the link to switch the active language.Ceyhan Nehri \u00fczerinde Enerjisa taraf\u0131ndan yap\u0131lan Kandil Enerji Grubu Projesi i\u00e7erisinde yer alan Kandil Baraj\u0131\u2019nda su tutulmaya ba\u015fland\u0131. Elektrik \u00fcretimi i\u00e7in gerekli olan [&hellip;]<\/p>\n","protected":false},"author":1,"featured_media":5248,"comment_status":"open","ping_status":"open","sticky":false,"template":"","format":"standard","meta":[],"categories":[53,47],"tags":[19,67,422,35370,1819,1820],"views":1172,"_links":{"self":[{"href":"https:\/\/www.enerjigazetesi.ist\/en\/wp-json\/wp\/v2\/posts\/5246"}],"collection":[{"href":"https:\/\/www.enerjigazetesi.ist\/en\/wp-json\/wp\/v2\/posts"}],"about":[{"href":"https:\/\/www.enerjigazetesi.ist\/en\/wp-json\/wp\/v2\/types\/post"}],"author":[{"embeddable":true,"href":"https:\/\/www.enerjigazetesi.ist\/en\/wp-json\/wp\/v2\/users\/1"}],"replies":[{"embeddable":true,"href":"https:\/\/www.enerjigazetesi.ist\/en\/wp-json\/wp\/v2\/comments?post=5246"}],"version-history":[{"count":3,"href":"https:\/\/www.enerjigazetesi.ist\/en\/wp-json\/wp\/v2\/posts\/5246\/revisions"}],"predecessor-version":[{"id":5250,"href":"https:\/\/www.enerjigazetesi.ist\/en\/wp-json\/wp\/v2\/posts\/5246\/revisions\/5250"}],"wp:featuredmedia":[{"embeddable":true,"href":"https:\/\/www.enerjigazetesi.ist\/en\/wp-json\/wp\/v2\/media\/5248"}],"wp:attachment":[{"href":"https:\/\/www.enerjigazetesi.ist\/en\/wp-json\/wp\/v2\/media?parent=5246"}],"wp:term":[{"taxonomy":"category","embeddable":true,"href":"https:\/\/www.enerjigazetesi.ist\/en\/wp-json\/wp\/v2\/categories?post=5246"},{"taxonomy":"post_tag","embeddable":true,"href":"https:\/\/www.enerjigazetesi.ist\/en\/wp-json\/wp\/v2\/tags?post=5246"}],"curies":[{"name":"wp","href":"https:\/\/api.w.org\/{rel}","templated":true}]}}