{"id":52452,"date":"2016-04-28T12:08:10","date_gmt":"2016-04-28T09:08:10","guid":{"rendered":"https:\/\/www.enerjigazetesi.ist\/?p=52452"},"modified":"2016-04-28T12:08:10","modified_gmt":"2016-04-28T09:08:10","slug":"turkiye-ile-cin-arasinda-3-nukleer-santral-gorusmesi","status":"publish","type":"post","link":"https:\/\/www.enerjigazetesi.ist\/en\/turkiye-ile-cin-arasinda-3-nukleer-santral-gorusmesi\/","title":{"rendered":"(Turkish) T\u00fcrkiye \u0130le \u00c7in Aras\u0131nda 3. N\u00fckleer Santral G\u00f6r\u00fc\u015fmesi!"},"content":{"rendered":"<p class=\"qtranxs-available-languages-message qtranxs-available-languages-message-en\">Sorry, this entry is only available in <a href=\"https:\/\/www.enerjigazetesi.ist\/tr\/wp-json\/wp\/v2\/posts\/52452\" class=\"qtranxs-available-language-link qtranxs-available-language-link-tr\" title=\"Turkish\">Turkish<\/a>. For the sake of viewer convenience, the content is shown below in the alternative language. You may click the link to switch the active language.<\/p><p><\/p>\n<p style=\"color: #0a0a0a;\"><strong>Bakan \u00c7avu\u015fo\u011flu, A\u0130GK D\u0131\u015fi\u015fleri Bakanlar\u0131 toplant\u0131s\u0131na kat\u0131lmak \u00fczere gitti\u011fi Pekin\u2019de \u00c7in Halk Cumhuriyeti D\u0131\u015fi\u015fleri Bakan\u0131 Wang Yi ile g\u00f6r\u00fc\u015ft\u00fc.<\/strong><span id=\"more-79996\"><\/span><\/p>\n<p style=\"color: #0a0a0a;\">G\u00f6r\u00fc\u015fmede k\u0131sa s\u00fcre \u00f6nce Enerji ve Tabii Kaynaklar Bakan\u0131 Berat Albayark\u2019\u0131n da \u00c7HC\u2019yi ziyaret etti\u011fi ve bu ziyaretin Enerji Bakan\u0131 seviyesinde d<a href=\"https:\/\/www.enerjigazetesi.ist\/wp-content\/uploads\/2016\/04\/turkiye-ile-cin-arasinda-3-nukleer-santral-gorusmesi.jpg\"><img loading=\"lazy\" class=\"alignleft size-medium wp-image-52453\" src=\"https:\/\/www.enerjigazetesi.ist\/wp-content\/uploads\/2016\/04\/turkiye-ile-cin-arasinda-3-nukleer-santral-gorusmesi-300x187.jpg\" alt=\"turkiye-ile-cin-arasinda-3-nukleer-santral-gorusmesi\" width=\"300\" height=\"187\" srcset=\"https:\/\/www.enerjigazetesi.ist\/wp-content\/uploads\/2016\/04\/turkiye-ile-cin-arasinda-3-nukleer-santral-gorusmesi-300x187.jpg 300w, https:\/\/www.enerjigazetesi.ist\/wp-content\/uploads\/2016\/04\/turkiye-ile-cin-arasinda-3-nukleer-santral-gorusmesi-1024x638.jpg 1024w, https:\/\/www.enerjigazetesi.ist\/wp-content\/uploads\/2016\/04\/turkiye-ile-cin-arasinda-3-nukleer-santral-gorusmesi-500x311.jpg 500w, https:\/\/www.enerjigazetesi.ist\/wp-content\/uploads\/2016\/04\/turkiye-ile-cin-arasinda-3-nukleer-santral-gorusmesi-80x50.jpg 80w, https:\/\/www.enerjigazetesi.ist\/wp-content\/uploads\/2016\/04\/turkiye-ile-cin-arasinda-3-nukleer-santral-gorusmesi.jpg 1068w\" sizes=\"(max-width: 300px) 100vw, 300px\" \/><\/a>\u00fczenlenen ilk ziyaret oldu\u011fu, ayr\u0131ca G 20 Zirvesi \u00e7er\u00e7evesinde de iki \u00fclke liderlerinin bu y\u0131l i\u00e7inde \u00c7in\u2019de bir araya gelecekleri vurguland\u0131. Bakan \u00c7avu\u015fo\u011flu, May\u0131s ay\u0131nda \u0130stanbul\u2019da yap\u0131lacak D\u00fcnya \u0130nsani Zirvesi i\u00e7in \u00c7in\u2019den \u00fcst d\u00fczey kat\u0131l\u0131m beklendi\u011finin alt\u0131n\u0131 \u00e7izdi.<\/p>\n<p style=\"color: #0a0a0a;\">G\u00f6r\u00fc\u015fmede ayr\u0131ca, Edirne-Kars demiryolu, 3. n\u00fckleer enerji santralinin in\u015faas\u0131 gibi ortak projeler ve ekonomik i\u015fbirli\u011fi konular\u0131 da g\u00fcndeme geldi, \u00e7ok tarafl\u0131 ekonomik i\u015fbirli\u011finin \u00f6nemi vurguland\u0131. T\u00fcrkiye aleyhine ger\u00e7ekle\u015fen ticaret a\u00e7\u0131\u011f\u0131n\u0131n \u00fcr\u00fcn \u00e7e\u015fitlendirilmesi ve kar\u015f\u0131l\u0131kl\u0131 yat\u0131r\u0131mlar\u0131n art\u0131r\u0131lmas\u0131 ile \u00f6nlenebilece\u011fi hususu \u00fczerinde duruldu. Bulu\u015fmada T\u00fcrk ve \u00c7inli m\u00fcteahhitlerinin \u00fc\u00e7\u00fcnc\u00fc \u00fclkelerde i\u015fbirli\u011fi yapaca\u011f\u0131 hususunun alt\u0131 \u00e7izildi.<\/p>\n<p style=\"color: #0a0a0a;\">Kaynak: Enerji Enstit\u00fcs\u00fc<\/p>\n<p><\/p>","protected":false},"excerpt":{"rendered":"<p>Sorry, this entry is only available in Turkish. For the sake of viewer convenience, the content is shown below in the alternative language. You may click the link to switch the active language. Bakan \u00c7avu\u015fo\u011flu, A\u0130GK D\u0131\u015fi\u015fleri Bakanlar\u0131 toplant\u0131s\u0131na kat\u0131lmak \u00fczere gitti\u011fi Pekin\u2019de \u00c7in Halk Cumhuriyeti D\u0131\u015fi\u015fleri Bakan\u0131 Wang Yi ile g\u00f6r\u00fc\u015ft\u00fc. G\u00f6r\u00fc\u015fmede k\u0131sa s\u00fcre [&hellip;]<\/p>\n","protected":false},"author":1,"featured_media":52453,"comment_status":"open","ping_status":"open","sticky":false,"template":"","format":"standard","meta":[],"categories":[53,43],"tags":[29382,29383,63,67,230,1009,2698,165,71,21,3767,25480,23614,2973,29384,29385],"views":1299,"_links":{"self":[{"href":"https:\/\/www.enerjigazetesi.ist\/en\/wp-json\/wp\/v2\/posts\/52452"}],"collection":[{"href":"https:\/\/www.enerjigazetesi.ist\/en\/wp-json\/wp\/v2\/posts"}],"about":[{"href":"https:\/\/www.enerjigazetesi.ist\/en\/wp-json\/wp\/v2\/types\/post"}],"author":[{"embeddable":true,"href":"https:\/\/www.enerjigazetesi.ist\/en\/wp-json\/wp\/v2\/users\/1"}],"replies":[{"embeddable":true,"href":"https:\/\/www.enerjigazetesi.ist\/en\/wp-json\/wp\/v2\/comments?post=52452"}],"version-history":[{"count":1,"href":"https:\/\/www.enerjigazetesi.ist\/en\/wp-json\/wp\/v2\/posts\/52452\/revisions"}],"predecessor-version":[{"id":52454,"href":"https:\/\/www.enerjigazetesi.ist\/en\/wp-json\/wp\/v2\/posts\/52452\/revisions\/52454"}],"wp:featuredmedia":[{"embeddable":true,"href":"https:\/\/www.enerjigazetesi.ist\/en\/wp-json\/wp\/v2\/media\/52453"}],"wp:attachment":[{"href":"https:\/\/www.enerjigazetesi.ist\/en\/wp-json\/wp\/v2\/media?parent=52452"}],"wp:term":[{"taxonomy":"category","embeddable":true,"href":"https:\/\/www.enerjigazetesi.ist\/en\/wp-json\/wp\/v2\/categories?post=52452"},{"taxonomy":"post_tag","embeddable":true,"href":"https:\/\/www.enerjigazetesi.ist\/en\/wp-json\/wp\/v2\/tags?post=52452"}],"curies":[{"name":"wp","href":"https:\/\/api.w.org\/{rel}","templated":true}]}}