{"id":52394,"date":"2016-04-26T22:57:24","date_gmt":"2016-04-26T19:57:24","guid":{"rendered":"https:\/\/www.enerjigazetesi.ist\/?p=52394"},"modified":"2016-04-26T22:57:24","modified_gmt":"2016-04-26T19:57:24","slug":"nukleer-tasarisi-meclise-geldi","status":"publish","type":"post","link":"https:\/\/www.enerjigazetesi.ist\/en\/nukleer-tasarisi-meclise-geldi\/","title":{"rendered":"(Turkish) N\u00fckleer Tasar\u0131s\u0131 Meclis\u2019e Geldi&#8230;"},"content":{"rendered":"<p class=\"qtranxs-available-languages-message qtranxs-available-languages-message-en\">Sorry, this entry is only available in <a href=\"https:\/\/www.enerjigazetesi.ist\/tr\/wp-json\/wp\/v2\/posts\/52394\" class=\"qtranxs-available-language-link qtranxs-available-language-link-tr\" title=\"Turkish\">Turkish<\/a>. For the sake of viewer convenience, the content is shown below in the alternative language. You may click the link to switch the active language.<\/p><p><\/p>\n<p style=\"color: #0a0a0a;\"><strong>Tasar\u0131 ile N\u00fckleer Enerji Genel M\u00fcd\u00fcrl\u00fc\u011f\u00fc kurulurken, uygulamadaki sorunlar\u0131n da giderilmesi hedefleniyor.<\/strong><span id=\"more-79790\"><\/span><\/p>\n<p style=\"color: #0a0a0a;\">Bakanlar Kurulu, Rusya ile u\u00e7ak krizi sonras\u0131 bu \u00fclkenin ger\u00e7ekle\u015ftirmesi planlanan Akkuyu n\u00fckleer santral\u0131 projesinin gelece\u011fi tart\u0131\u015f\u0131l\u0131rken, ge\u00e7en<a href=\"https:\/\/www.enerjigazetesi.ist\/wp-content\/uploads\/2015\/11\/n\u00fckleer-santral-2222222222289687-696x385.jpg\"><img loading=\"lazy\" class=\"alignleft size-medium wp-image-46669\" src=\"https:\/\/www.enerjigazetesi.ist\/wp-content\/uploads\/2015\/11\/n\u00fckleer-santral-2222222222289687-696x385-300x165.jpg\" alt=\"n\u00fckleer-santral-2222222222289687-696x385\" width=\"300\" height=\"165\" srcset=\"https:\/\/www.enerjigazetesi.ist\/wp-content\/uploads\/2015\/11\/n\u00fckleer-santral-2222222222289687-696x385-300x165.jpg 300w, https:\/\/www.enerjigazetesi.ist\/wp-content\/uploads\/2015\/11\/n\u00fckleer-santral-2222222222289687-696x385-500x276.jpg 500w, https:\/\/www.enerjigazetesi.ist\/wp-content\/uploads\/2015\/11\/n\u00fckleer-santral-2222222222289687-696x385-80x44.jpg 80w, https:\/\/www.enerjigazetesi.ist\/wp-content\/uploads\/2015\/11\/n\u00fckleer-santral-2222222222289687-696x385.jpg 696w\" sizes=\"(max-width: 300px) 100vw, 300px\" \/><\/a> d\u00f6nem kad\u00fck kalan Elektrik Piyasas\u0131 Kanunu ile Baz\u0131 Kanunlarda De\u011fi\u015fiklik Yap\u0131lmas\u0131na Dair Yasa Tasar\u0131s\u0131\u2019n\u0131 yeniledi. Tasar\u0131 ile uluslararas\u0131 andla\u015fma gere\u011fi kurulma a\u015famas\u0131nda olan n\u00fckleer g\u00fc\u00e7 santraller\u0131yla ilgili olarak uygulamada kar\u015f\u0131la\u015f\u0131lan sorunlar\u0131n giderilmesi ama\u00e7lan\u0131yor.<\/p>\n<p style=\"color: #0a0a0a;\"><strong>KDV \u0130ST\u0130SNASI<\/strong><\/p>\n<p style=\"color: #0a0a0a;\">15 maddelik tasar\u0131ya g\u00f6re; Enerji ve Tabii Kaynaklar Bakanl\u0131\u011f\u0131 ana hizmet birimleri aras\u0131nda yer alan N\u00fckleer Enerji Proje Uygulama Dairesi \u201cN\u00fckleer Enerji Genel M\u00fcd\u00fcrl\u00fc\u011f\u00fc\u201d ad\u0131yla yeniden yap\u0131land\u0131r\u0131lacak. K\u0131y\u0131 Kanunu\u2019nda yer alan k\u0131y\u0131lar, sahiller, doldurma arazilere ili\u015fkin yap\u0131 ve yap\u0131la\u015fmaya dair s\u0131n\u0131rlay\u0131c\u0131 h\u00fck\u00fcmler rafineri, petrokimya tesisleri ve milletleraras\u0131 anla\u015fma h\u00fck\u00fcmleri uyar\u0131nca yap\u0131lmas\u0131 \u00f6ng\u00f6r\u00fclen tesisler hakk\u0131nda uygulanmayacak. Ayr\u0131ca petrol boru hatt\u0131 yap\u0131m\u0131yla ilgili mal teslimi ve hizmet ifalar\u0131 KDV\u2019den istisna tutulacak.<\/p>\n<p style=\"color: #0a0a0a;\">Kaynak: Enerji Enstit\u00fcs\u00fc<\/p>\n<p><\/p>","protected":false},"excerpt":{"rendered":"<p>Sorry, this entry is only available in Turkish. For the sake of viewer convenience, the content is shown below in the alternative language. You may click the link to switch the active language. Tasar\u0131 ile N\u00fckleer Enerji Genel M\u00fcd\u00fcrl\u00fc\u011f\u00fc kurulurken, uygulamadaki sorunlar\u0131n da giderilmesi hedefleniyor. Bakanlar Kurulu, Rusya ile u\u00e7ak krizi sonras\u0131 bu \u00fclkenin ger\u00e7ekle\u015ftirmesi [&hellip;]<\/p>\n","protected":false},"author":1,"featured_media":46669,"comment_status":"open","ping_status":"open","sticky":false,"template":"","format":"standard","meta":[],"categories":[53,43],"tags":[1026,1588,63,67,1009,2698,165,1456,71,21,16260,25480,23614,88,2973,29346],"views":924,"_links":{"self":[{"href":"https:\/\/www.enerjigazetesi.ist\/en\/wp-json\/wp\/v2\/posts\/52394"}],"collection":[{"href":"https:\/\/www.enerjigazetesi.ist\/en\/wp-json\/wp\/v2\/posts"}],"about":[{"href":"https:\/\/www.enerjigazetesi.ist\/en\/wp-json\/wp\/v2\/types\/post"}],"author":[{"embeddable":true,"href":"https:\/\/www.enerjigazetesi.ist\/en\/wp-json\/wp\/v2\/users\/1"}],"replies":[{"embeddable":true,"href":"https:\/\/www.enerjigazetesi.ist\/en\/wp-json\/wp\/v2\/comments?post=52394"}],"version-history":[{"count":1,"href":"https:\/\/www.enerjigazetesi.ist\/en\/wp-json\/wp\/v2\/posts\/52394\/revisions"}],"predecessor-version":[{"id":52395,"href":"https:\/\/www.enerjigazetesi.ist\/en\/wp-json\/wp\/v2\/posts\/52394\/revisions\/52395"}],"wp:featuredmedia":[{"embeddable":true,"href":"https:\/\/www.enerjigazetesi.ist\/en\/wp-json\/wp\/v2\/media\/46669"}],"wp:attachment":[{"href":"https:\/\/www.enerjigazetesi.ist\/en\/wp-json\/wp\/v2\/media?parent=52394"}],"wp:term":[{"taxonomy":"category","embeddable":true,"href":"https:\/\/www.enerjigazetesi.ist\/en\/wp-json\/wp\/v2\/categories?post=52394"},{"taxonomy":"post_tag","embeddable":true,"href":"https:\/\/www.enerjigazetesi.ist\/en\/wp-json\/wp\/v2\/tags?post=52394"}],"curies":[{"name":"wp","href":"https:\/\/api.w.org\/{rel}","templated":true}]}}