{"id":52379,"date":"2016-04-26T12:21:23","date_gmt":"2016-04-26T09:21:23","guid":{"rendered":"https:\/\/www.enerjigazetesi.ist\/?p=52379"},"modified":"2016-04-26T12:22:05","modified_gmt":"2016-04-26T09:22:05","slug":"suudi-arabistan-en-buyuk-sirketi-aramcoya-2-trilyon-dolar-deger-bicti","status":"publish","type":"post","link":"https:\/\/www.enerjigazetesi.ist\/en\/suudi-arabistan-en-buyuk-sirketi-aramcoya-2-trilyon-dolar-deger-bicti\/","title":{"rendered":"(Turkish) Suudi Arabistan, En B\u00fcy\u00fck \u015eirketi Aramco\u2019ya 2 Trilyon Dolar De\u011fer Bi\u00e7ti&#8230;"},"content":{"rendered":"<p class=\"qtranxs-available-languages-message qtranxs-available-languages-message-en\">Sorry, this entry is only available in <a href=\"https:\/\/www.enerjigazetesi.ist\/tr\/wp-json\/wp\/v2\/posts\/52379\" class=\"qtranxs-available-language-link qtranxs-available-language-link-tr\" title=\"Turkish\">Turkish<\/a>. For the sake of viewer convenience, the content is shown below in the alternative language. You may click the link to switch the active language.<\/p><p><\/p>\n<p style=\"color: #0a0a0a;\"><strong>Petroldeki d\u00fc\u015f\u00fc\u015f ve petrol sonras\u0131 d\u00fcnya i\u00e7in B Plan\u0131 haz\u0131rlayan Suudi Arabistan, en b\u00fcy\u00fck \u015firketi Aramco\u2019ya de\u011fer bi\u00e7ti. \u015eirketin de\u011feri tam 2 trilyon dolar ve y\u00fczde 5\u2019i halka arz edilecek.<\/strong><span id=\"more-79786\"><\/span><\/p>\n<p style=\"color: #0a0a0a;\">Suudi Arabistan petroldeki d\u00fc\u015f\u00fc\u015f ve petrol sonras\u0131 i\u00e7in bir plan haz\u0131rlad\u0131 ve d\u00fcn kabinede bu plan onayland\u0131. Detaylar\u0131 alt\u0131 veya sekiz hafta sonra<a href=\"https:\/\/www.enerjigazetesi.ist\/wp-content\/uploads\/2015\/10\/suudi-aramco-23298379823-696x385.jpg\"><img loading=\"lazy\" class=\"alignleft size-medium wp-image-45118\" src=\"https:\/\/www.enerjigazetesi.ist\/wp-content\/uploads\/2015\/10\/suudi-aramco-23298379823-696x385-300x165.jpg\" alt=\"suudi-aramco-23298379823-696x385\" width=\"300\" height=\"165\" srcset=\"https:\/\/www.enerjigazetesi.ist\/wp-content\/uploads\/2015\/10\/suudi-aramco-23298379823-696x385-300x165.jpg 300w, https:\/\/www.enerjigazetesi.ist\/wp-content\/uploads\/2015\/10\/suudi-aramco-23298379823-696x385-500x276.jpg 500w, https:\/\/www.enerjigazetesi.ist\/wp-content\/uploads\/2015\/10\/suudi-aramco-23298379823-696x385-80x44.jpg 80w, https:\/\/www.enerjigazetesi.ist\/wp-content\/uploads\/2015\/10\/suudi-aramco-23298379823-696x385.jpg 696w\" sizes=\"(max-width: 300px) 100vw, 300px\" \/><\/a> a\u00e7\u0131klanacak olan Ulusal D\u00f6n\u00fc\u015f\u00fcm Plan\u0131\u2019nda devletin petrol \u015firketini halka arz etmek de var. Y\u00fczde 5\u2019i halka arz edilecek Saudi Aramco adl\u0131 \u015firketin de\u011feri 2 trilyon dolar olarak belirlendi. G\u00fcnde 9.5 milyon varil \u00fcretim yapan \u015firketin y\u0131ll\u0131k toplam \u00fcretimi 3.5 milyar varil. 261.1 milyar varillik ham petrol rezervi bulunan firman\u0131n 8.3 trilyon metrek\u00fcpl\u00fck de do\u011falgaz rezervi var.<\/p>\n<p style=\"color: #0a0a0a;\">D\u00fcnyan\u0131n en b\u00fcy\u00fck \u015firketi koltu\u011funu Apple\u2019dan devralan google\u2019\u0131n \u015fu andaki piyasa de\u011feri olan 500 milyar dolar dikkate al\u0131nd\u0131\u011f\u0131nda Aramco d\u00f6rt google ediyor. Suudi Arabistan\u2019\u0131n \u2018Vizyon 2030\u2019 ad\u0131n\u0131 verdi\u011fi plan\u0131n\u0131n en b\u00fcy\u00fck ayaklar\u0131ndan biri olan Aramco halka arz\u0131n\u0131 30 ya\u015f\u0131ndaki Suudi Arabistan vekil veliaht Prensi Muhammed bin Selman a\u00e7\u0131klad\u0131. \u00dclkenin petrole olan ba\u011f\u0131ml\u0131l\u0131\u011f\u0131n\u0131 azaltmay\u0131 hedefleyen plana g\u00f6re dev bir fon da kurulacak. Aramco\u2019nun halka arz\u0131n\u0131n 2030 vizyonunu i\u00e7in kilit \u00f6nemde oldu\u011funu belirten Selman, halka arz\u0131n \u015feffafl\u0131\u011f\u0131 art\u0131raca\u011f\u0131n\u0131 s\u00f6yledi. Selman, ayr\u0131ca petrole ba\u011f\u0131ml\u0131l\u0131\u011f\u0131n geli\u015fmenin \u00f6n\u00fcnde bir engel oldu\u011funu aktard\u0131. Ayn\u0131 zamanda Savunma Bakan\u0131 da olan Prens Selman\u2019\u0131n ekonomik plan\u0131na \u015fu s\u00f6zlerle aktard\u0131: \u201cE\u011fer 2020\u2019de petrol biterse hayatta kalabiliriz diye d\u00fc\u015f\u00fcn\u00fcyorum. \u0130htiyac\u0131m\u0131z var, ihtiyac\u0131m\u0131z var ama 2020\u2019de petrols\u00fcz de ya\u015fayabilece\u011fiz.\u201d Plan kapsam\u0131nda ayn\u0131 zamanda Arap ve di\u011fer M\u00fcsl\u00fcmanlar\u0131n \u00fclkede ya\u015fayabilmesi i\u00e7in \u2018ye\u015fil kart\u2019 benzeri bir sistem geli\u015ftirilecek.<\/p>\n<p style=\"color: #0a0a0a;\">Kaynak: Enerji Enstit\u00fcs\u00fc<\/p>\n<p><\/p>","protected":false},"excerpt":{"rendered":"<p>Sorry, this entry is only available in Turkish. For the sake of viewer convenience, the content is shown below in the alternative language. You may click the link to switch the active language. Petroldeki d\u00fc\u015f\u00fc\u015f ve petrol sonras\u0131 d\u00fcnya i\u00e7in B Plan\u0131 haz\u0131rlayan Suudi Arabistan, en b\u00fcy\u00fck \u015firketi Aramco\u2019ya de\u011fer bi\u00e7ti. \u015eirketin de\u011feri tam 2 [&hellip;]<\/p>\n","protected":false},"author":1,"featured_media":45118,"comment_status":"open","ping_status":"open","sticky":false,"template":"","format":"standard","meta":[],"categories":[53,44],"tags":[67,1009,2698,165,59,79,2388,887,2522],"views":694,"_links":{"self":[{"href":"https:\/\/www.enerjigazetesi.ist\/en\/wp-json\/wp\/v2\/posts\/52379"}],"collection":[{"href":"https:\/\/www.enerjigazetesi.ist\/en\/wp-json\/wp\/v2\/posts"}],"about":[{"href":"https:\/\/www.enerjigazetesi.ist\/en\/wp-json\/wp\/v2\/types\/post"}],"author":[{"embeddable":true,"href":"https:\/\/www.enerjigazetesi.ist\/en\/wp-json\/wp\/v2\/users\/1"}],"replies":[{"embeddable":true,"href":"https:\/\/www.enerjigazetesi.ist\/en\/wp-json\/wp\/v2\/comments?post=52379"}],"version-history":[{"count":2,"href":"https:\/\/www.enerjigazetesi.ist\/en\/wp-json\/wp\/v2\/posts\/52379\/revisions"}],"predecessor-version":[{"id":52381,"href":"https:\/\/www.enerjigazetesi.ist\/en\/wp-json\/wp\/v2\/posts\/52379\/revisions\/52381"}],"wp:featuredmedia":[{"embeddable":true,"href":"https:\/\/www.enerjigazetesi.ist\/en\/wp-json\/wp\/v2\/media\/45118"}],"wp:attachment":[{"href":"https:\/\/www.enerjigazetesi.ist\/en\/wp-json\/wp\/v2\/media?parent=52379"}],"wp:term":[{"taxonomy":"category","embeddable":true,"href":"https:\/\/www.enerjigazetesi.ist\/en\/wp-json\/wp\/v2\/categories?post=52379"},{"taxonomy":"post_tag","embeddable":true,"href":"https:\/\/www.enerjigazetesi.ist\/en\/wp-json\/wp\/v2\/tags?post=52379"}],"curies":[{"name":"wp","href":"https:\/\/api.w.org\/{rel}","templated":true}]}}