{"id":52353,"date":"2016-04-25T23:15:25","date_gmt":"2016-04-25T20:15:25","guid":{"rendered":"https:\/\/www.enerjigazetesi.ist\/?p=52353"},"modified":"2016-04-25T23:16:06","modified_gmt":"2016-04-25T20:16:06","slug":"halil-ibrahim-leventoglu-tedas-genel-muduru-oldu","status":"publish","type":"post","link":"https:\/\/www.enerjigazetesi.ist\/en\/halil-ibrahim-leventoglu-tedas-genel-muduru-oldu\/","title":{"rendered":"(Turkish) Halil \u0130brahim Levento\u011flu TEDA\u015e Genel M\u00fcd\u00fcr\u00fc Oldu!"},"content":{"rendered":"<p class=\"qtranxs-available-languages-message qtranxs-available-languages-message-en\">Sorry, this entry is only available in <a href=\"https:\/\/www.enerjigazetesi.ist\/tr\/wp-json\/wp\/v2\/posts\/52353\" class=\"qtranxs-available-language-link qtranxs-available-language-link-tr\" title=\"Turkish\">Turkish<\/a>. For the sake of viewer convenience, the content is shown below in the alternative language. You may click the link to switch the active language.<\/p><p><strong><span style=\"color: #0a0a0a;\">T\u00fcrkiye Elektrik Da\u011f\u0131t\u0131m A.\u015e.\u2019de <img loading=\"lazy\" class=\"alignright wp-image-52354 size-medium\" src=\"https:\/\/www.enerjigazetesi.ist\/wp-content\/uploads\/2016\/04\/halil-ibrahim-leventoglu-tedas-genel-muduru-oldu-300x199.jpg\" alt=\"halil-ibrahim-leventoglu-tedas-genel-muduru-oldu\" width=\"300\" height=\"199\" srcset=\"https:\/\/www.enerjigazetesi.ist\/wp-content\/uploads\/2016\/04\/halil-ibrahim-leventoglu-tedas-genel-muduru-oldu-300x199.jpg 300w, https:\/\/www.enerjigazetesi.ist\/wp-content\/uploads\/2016\/04\/halil-ibrahim-leventoglu-tedas-genel-muduru-oldu-500x333.jpg 500w, https:\/\/www.enerjigazetesi.ist\/wp-content\/uploads\/2016\/04\/halil-ibrahim-leventoglu-tedas-genel-muduru-oldu-75x50.jpg 75w, https:\/\/www.enerjigazetesi.ist\/wp-content\/uploads\/2016\/04\/halil-ibrahim-leventoglu-tedas-genel-muduru-oldu.jpg 578w\" sizes=\"(max-width: 300px) 100vw, 300px\" \/>Genel M\u00fcd\u00fcr M\u00fckremin \u00c7epni ge\u00e7ti\u011fimiz ay emekliye ayr\u0131lm\u0131\u015ft\u0131.<\/span><\/strong><\/p>\n<p>Bu s\u00fcre zarf\u0131nda \u00d6mer Sami Yap\u0131c\u0131\u2019n\u0131n vekaleten y\u00fcr\u00fctt\u00fc\u011f\u00fc g\u00f6reve,\u00a0Halil \u0130brahim Levento\u011flu\u00a0TEDA\u015e Y\u00f6netim Kurulu Ba\u015fkan\u0131 ve<br \/>\nGenel M\u00fcd\u00fcr\u00fc olarak\u00a0atand\u0131.<\/p>\n<p>22 Nisan 2016 itibari ile g\u00f6revine ba\u015flayan Levento\u011flu, \u0130stanbul Anadolu Yakas\u0131 Elektrik Da\u011f\u0131t\u0131m (AYEDA\u015e) eski Genel M\u00fcd\u00fcr\u00fcyd\u00fc.<\/p>\n<p>Kaynak: B\u00fcltenler<\/p>","protected":false},"excerpt":{"rendered":"<p>Sorry, this entry is only available in Turkish. For the sake of viewer convenience, the content is shown below in the alternative language. You may click the link to switch the active language.T\u00fcrkiye Elektrik Da\u011f\u0131t\u0131m A.\u015e.\u2019de Genel M\u00fcd\u00fcr M\u00fckremin \u00c7epni ge\u00e7ti\u011fimiz ay emekliye ayr\u0131lm\u0131\u015ft\u0131. Bu s\u00fcre zarf\u0131nda \u00d6mer Sami Yap\u0131c\u0131\u2019n\u0131n vekaleten y\u00fcr\u00fctt\u00fc\u011f\u00fc g\u00f6reve,\u00a0Halil \u0130brahim Levento\u011flu\u00a0TEDA\u015e [&hellip;]<\/p>\n","protected":false},"author":1,"featured_media":52354,"comment_status":"open","ping_status":"open","sticky":false,"template":"","format":"standard","meta":[],"categories":[51,53],"tags":[67,1009,2698,165,29307,1216,29308,5682],"views":1657,"_links":{"self":[{"href":"https:\/\/www.enerjigazetesi.ist\/en\/wp-json\/wp\/v2\/posts\/52353"}],"collection":[{"href":"https:\/\/www.enerjigazetesi.ist\/en\/wp-json\/wp\/v2\/posts"}],"about":[{"href":"https:\/\/www.enerjigazetesi.ist\/en\/wp-json\/wp\/v2\/types\/post"}],"author":[{"embeddable":true,"href":"https:\/\/www.enerjigazetesi.ist\/en\/wp-json\/wp\/v2\/users\/1"}],"replies":[{"embeddable":true,"href":"https:\/\/www.enerjigazetesi.ist\/en\/wp-json\/wp\/v2\/comments?post=52353"}],"version-history":[{"count":2,"href":"https:\/\/www.enerjigazetesi.ist\/en\/wp-json\/wp\/v2\/posts\/52353\/revisions"}],"predecessor-version":[{"id":52356,"href":"https:\/\/www.enerjigazetesi.ist\/en\/wp-json\/wp\/v2\/posts\/52353\/revisions\/52356"}],"wp:featuredmedia":[{"embeddable":true,"href":"https:\/\/www.enerjigazetesi.ist\/en\/wp-json\/wp\/v2\/media\/52354"}],"wp:attachment":[{"href":"https:\/\/www.enerjigazetesi.ist\/en\/wp-json\/wp\/v2\/media?parent=52353"}],"wp:term":[{"taxonomy":"category","embeddable":true,"href":"https:\/\/www.enerjigazetesi.ist\/en\/wp-json\/wp\/v2\/categories?post=52353"},{"taxonomy":"post_tag","embeddable":true,"href":"https:\/\/www.enerjigazetesi.ist\/en\/wp-json\/wp\/v2\/tags?post=52353"}],"curies":[{"name":"wp","href":"https:\/\/api.w.org\/{rel}","templated":true}]}}