{"id":52340,"date":"2016-04-25T11:19:49","date_gmt":"2016-04-25T08:19:49","guid":{"rendered":"https:\/\/www.enerjigazetesi.ist\/?p=52340"},"modified":"2016-04-25T11:19:49","modified_gmt":"2016-04-25T08:19:49","slug":"almanyada-yenilenebilir-enerji-konusunda-gorus-ayriligi-yasaniyor","status":"publish","type":"post","link":"https:\/\/www.enerjigazetesi.ist\/en\/almanyada-yenilenebilir-enerji-konusunda-gorus-ayriligi-yasaniyor\/","title":{"rendered":"(Turkish) Almanya\u2019da Yenilenebilir Enerji Konusunda G\u00f6r\u00fc\u015f Ayr\u0131l\u0131\u011f\u0131 Ya\u015fan\u0131yor!"},"content":{"rendered":"<p class=\"qtranxs-available-languages-message qtranxs-available-languages-message-en\">Sorry, this entry is only available in <a href=\"https:\/\/www.enerjigazetesi.ist\/tr\/wp-json\/wp\/v2\/posts\/52340\" class=\"qtranxs-available-language-link qtranxs-available-language-link-tr\" title=\"Turkish\">Turkish<\/a>. For the sake of viewer convenience, the content is shown below in the alternative language. You may click the link to switch the active language.<\/p><p><\/p>\n<p style=\"color: #666666;\"><span style=\"font-weight: bold; color: #222222;\">Almanya\u2019daki koalisyon h\u00fck\u00fcmetinin ortaklar\u0131 aras\u0131nda yenilenebilir enerji konusunda g\u00f6r\u00fc\u015f ayr\u0131l\u0131klar\u0131 ya\u015fan\u0131yor.<\/span><\/p>\n<p style=\"color: #666666;\">Enerji kaynaklar\u0131na sahip olan ve \u00fcreten her \u00fclkenin geli\u015fmi\u015f oldu\u011fundan s\u00f6z edilemez elbette ama enerjinin \u00fclkelerin geli\u015fmi\u015flik d\u00fczeylerinde \u00f6<a href=\"https:\/\/www.enerjigazetesi.ist\/wp-content\/uploads\/2016\/04\/almanyada-yenilenebilir-enerji-konusunda-gorus-ayriligi-yasaniyor.jpg\"><img loading=\"lazy\" class=\"alignleft  wp-image-52341\" src=\"https:\/\/www.enerjigazetesi.ist\/wp-content\/uploads\/2016\/04\/almanyada-yenilenebilir-enerji-konusunda-gorus-ayriligi-yasaniyor-300x110.jpg\" alt=\"almanyada-yenilenebilir-enerji-konusunda-gorus-ayriligi-yasaniyor\" width=\"300\" height=\"180\" \/><\/a>nemli bir rol oynad\u0131\u011f\u0131 da yads\u0131namaz. Bu a\u00e7\u0131dan enerji kaynaklar\u0131n\u0131n en do\u011fru ve verimli \u015fekilde kullan\u0131lmas\u0131 ve de\u011ferlendirilmesi y\u00f6n\u00fcnde politikalar geli\u015ftirilmesi zorunlu g\u00f6r\u00fcn\u00fcyor.<\/p>\n<p style=\"color: #666666;\">Enerji politikalar\u0131nda \u00fclkenin ve uluslararas\u0131 ko\u015fullar\u0131n analizinin iyi yap\u0131lamad\u0131\u011f\u0131 durumlarda, \u00f6rneklerini s\u0131k\u00e7a g\u00f6rd\u00fc\u011f\u00fcm\u00fcz gibi olumsuz tablolar ortaya \u00e7\u0131kabiliyor. Bu do\u011frultuda, ulusal ve uluslararas\u0131 dengelerin g\u00f6zetildi\u011fi uzun vadeli ve sa\u011fl\u0131kl\u0131 politikalar\u0131n geli\u015ftirilmesi ya\u015famsal rol oynuyor.<\/p>\n<p style=\"color: #666666;\">Almanya\u2019da enerji alan\u0131nda hat\u0131r\u0131 say\u0131l\u0131 \u00fclkeler aras\u0131nda yer al\u0131yor. \u00d6zellikle yenilenebilir enerji \u00fcretiminde \u00f6n s\u0131ralarda yer alan Almanya enerji politikas\u0131n\u0131 da a\u011f\u0131rl\u0131kl\u0131 olarak yenilenebilir enerji \u00fczerine planlam\u0131\u015f ve programlam\u0131\u015f durumda.<\/p>\n<p style=\"color: #666666;\">Buna kar\u015f\u0131n, Almanya yenilenebilir enerji politikalar\u0131n\u0131n daha da yayg\u0131nla\u015ft\u0131r\u0131lmas\u0131 y\u00f6n\u00fcnde \u00e7al\u0131\u015fmalar yaparken, h\u00fck\u00fcmet i\u00e7erisindeki koalisyon ortaklar\u0131 aras\u0131nda ayr\u0131 g\u00f6r\u00fc\u015fler ortaya \u00e7\u0131kabiliyor. Nitekim ge\u00e7ti\u011fimiz g\u00fcnlerde Almanya\u2019da bu y\u0131l yeni \u00e7\u0131kacak Yenilenebilir Enerji Yasas\u0131 Tasla\u011f\u0131 (EEG 2016 \u2013 Erneuerbare Energien Gesetz) ile ilgili koalisyon h\u00fck\u00fcmetinin ortaklar\u0131 aras\u0131nda g\u00f6r\u00fc\u015f farkl\u0131l\u0131klar\u0131 olu\u015fmaya ba\u015flad\u0131.<\/p>\n<p style=\"color: #666666;\">Haberin Devam\u0131 \u0130\u00e7in\u00a0<a style=\"color: #fc8d8d;\" href=\"http:\/\/www.enerjigunlugu.net\/icerik\/18144\/alman-hukumetinde-yenilenebilir-catlagi.html\" target=\"_blank\">T\u0131klay\u0131n\u0131z&gt;&gt;&gt;<\/a><\/p>\n<p style=\"color: #666666;\">Kaynak: Enerji G\u00fcnl\u00fc\u011f\u00fc<\/p>\n<p><\/p>","protected":false},"excerpt":{"rendered":"<p>Sorry, this entry is only available in Turkish. For the sake of viewer convenience, the content is shown below in the alternative language. You may click the link to switch the active language. Almanya\u2019daki koalisyon h\u00fck\u00fcmetinin ortaklar\u0131 aras\u0131nda yenilenebilir enerji konusunda g\u00f6r\u00fc\u015f ayr\u0131l\u0131klar\u0131 ya\u015fan\u0131yor. Enerji kaynaklar\u0131na sahip olan ve \u00fcreten her \u00fclkenin geli\u015fmi\u015f oldu\u011fundan s\u00f6z [&hellip;]<\/p>\n","protected":false},"author":1,"featured_media":52341,"comment_status":"open","ping_status":"open","sticky":false,"template":"","format":"standard","meta":[],"categories":[53,49,50],"tags":[67,1009,2698,165,227,13,69,16,105],"views":1325,"_links":{"self":[{"href":"https:\/\/www.enerjigazetesi.ist\/en\/wp-json\/wp\/v2\/posts\/52340"}],"collection":[{"href":"https:\/\/www.enerjigazetesi.ist\/en\/wp-json\/wp\/v2\/posts"}],"about":[{"href":"https:\/\/www.enerjigazetesi.ist\/en\/wp-json\/wp\/v2\/types\/post"}],"author":[{"embeddable":true,"href":"https:\/\/www.enerjigazetesi.ist\/en\/wp-json\/wp\/v2\/users\/1"}],"replies":[{"embeddable":true,"href":"https:\/\/www.enerjigazetesi.ist\/en\/wp-json\/wp\/v2\/comments?post=52340"}],"version-history":[{"count":1,"href":"https:\/\/www.enerjigazetesi.ist\/en\/wp-json\/wp\/v2\/posts\/52340\/revisions"}],"predecessor-version":[{"id":52342,"href":"https:\/\/www.enerjigazetesi.ist\/en\/wp-json\/wp\/v2\/posts\/52340\/revisions\/52342"}],"wp:featuredmedia":[{"embeddable":true,"href":"https:\/\/www.enerjigazetesi.ist\/en\/wp-json\/wp\/v2\/media\/52341"}],"wp:attachment":[{"href":"https:\/\/www.enerjigazetesi.ist\/en\/wp-json\/wp\/v2\/media?parent=52340"}],"wp:term":[{"taxonomy":"category","embeddable":true,"href":"https:\/\/www.enerjigazetesi.ist\/en\/wp-json\/wp\/v2\/categories?post=52340"},{"taxonomy":"post_tag","embeddable":true,"href":"https:\/\/www.enerjigazetesi.ist\/en\/wp-json\/wp\/v2\/tags?post=52340"}],"curies":[{"name":"wp","href":"https:\/\/api.w.org\/{rel}","templated":true}]}}