{"id":5232,"date":"2013-01-15T17:26:19","date_gmt":"2013-01-15T14:26:19","guid":{"rendered":"https:\/\/www.enerjigazetesi.ist\/?p=5232"},"modified":"2013-01-15T17:26:36","modified_gmt":"2013-01-15T14:26:36","slug":"hollande-yesil-enerji-uyarisi","status":"publish","type":"post","link":"https:\/\/www.enerjigazetesi.ist\/en\/hollande-yesil-enerji-uyarisi\/","title":{"rendered":"(Turkish) Hollande\u2019dan Ye\u015fil Enerji Uyar\u0131s\u0131"},"content":{"rendered":"<p class=\"qtranxs-available-languages-message qtranxs-available-languages-message-en\">Sorry, this entry is only available in <a href=\"https:\/\/www.enerjigazetesi.ist\/tr\/wp-json\/wp\/v2\/posts\/5232\" class=\"qtranxs-available-language-link qtranxs-available-language-link-tr\" title=\"Turkish\">Turkish<\/a>. For the sake of viewer convenience, the content is shown below in the alternative language. You may click the link to switch the active language.<\/p><p><strong>Fransa Cumhurba\u015fkan\u0131 Francois Hollande, yenilenebilir enerjiye yat\u0131r\u0131m yap\u0131lmamas\u0131 halinde d\u00fcnyan\u0131n \u00e7evresel felaketle kar\u015f\u0131la\u015faca\u011f\u0131 uyar\u0131s\u0131nda bulundu.<\/strong><\/p>\n<p><img loading=\"lazy\" class=\"alignleft size-medium wp-image-5233\" title=\"wind-farm_yesil-enerji-uyarisi\" src=\"https:\/\/www.enerjigazetesi.ist\/wp-content\/uploads\/2013\/01\/wind-farm_yOUJv_24429-505x335-300x199.jpg\" alt=\"\" width=\"300\" height=\"199\" srcset=\"https:\/\/www.enerjigazetesi.ist\/wp-content\/uploads\/2013\/01\/wind-farm_yOUJv_24429-505x335-300x199.jpg 300w, https:\/\/www.enerjigazetesi.ist\/wp-content\/uploads\/2013\/01\/wind-farm_yOUJv_24429-505x335-500x331.jpg 500w, https:\/\/www.enerjigazetesi.ist\/wp-content\/uploads\/2013\/01\/wind-farm_yOUJv_24429-505x335-75x50.jpg 75w, https:\/\/www.enerjigazetesi.ist\/wp-content\/uploads\/2013\/01\/wind-farm_yOUJv_24429-505x335.jpg 505w\" sizes=\"(max-width: 300px) 100vw, 300px\" \/>Hollande, Birle\u015fik Arap Emirlikleri\u2019nin ba\u015fkenti Abu Dabi\u2019de, Gelece\u011fin Enerji Zirvesi\u2019nin a\u00e7\u0131l\u0131\u015f\u0131n\u0131 yapt\u0131. Frans\u0131z lider, yenilenebilir enerji ve \u00e7evre dostu giri\u015fimlere gerekli yat\u0131r\u0131mlar\u0131n yap\u0131lmamas\u0131 halinde d\u00fcnyan\u0131n b\u00fcy\u00fck \u00e7evresel felaketlerle kar\u015f\u0131la\u015faca\u011f\u0131 uyar\u0131s\u0131nda bulundu.<\/p>\n<p>Hollande\u2019\u0131n g\u00fcn\u00fcbirlik ziyaretinde, Birle\u015fik Arap Emirlikleri yetkilileriyle, bu \u00fclkeye sat\u0131lmas\u0131 g\u00fcndemde olan Rafale sava\u015f u\u00e7aklar\u0131 konusunu da ele alaca\u011f\u0131 bildirildi. Bu \u00fclkeye 60 adet sava\u015f u\u00e7a\u011f\u0131 satmak isteyen Fransa\u2019n\u0131n, Eurofighter konsorsiyumuyla rekabet etti\u011fi belirtiliyor.<\/p>\n<p>Kaynak: <a href=\"http:\/\/enerjienstitusu.com\/2013\/01\/15\/hollandedan-yesil-enerji-uyarisi\/\" target=\"_blank\">Enerji Enstit\u00fcs\u00fc<\/a><\/p>","protected":false},"excerpt":{"rendered":"<p>Sorry, this entry is only available in Turkish. For the sake of viewer convenience, the content is shown below in the alternative language. You may click the link to switch the active language.Fransa Cumhurba\u015fkan\u0131 Francois Hollande, yenilenebilir enerjiye yat\u0131r\u0131m yap\u0131lmamas\u0131 halinde d\u00fcnyan\u0131n \u00e7evresel felaketle kar\u015f\u0131la\u015faca\u011f\u0131 uyar\u0131s\u0131nda bulundu. Hollande, Birle\u015fik Arap Emirlikleri\u2019nin ba\u015fkenti Abu Dabi\u2019de, Gelece\u011fin [&hellip;]<\/p>\n","protected":false},"author":1,"featured_media":5233,"comment_status":"open","ping_status":"open","sticky":false,"template":"","format":"standard","meta":[],"categories":[53],"tags":[1813,1814,67,1812,105],"views":632,"_links":{"self":[{"href":"https:\/\/www.enerjigazetesi.ist\/en\/wp-json\/wp\/v2\/posts\/5232"}],"collection":[{"href":"https:\/\/www.enerjigazetesi.ist\/en\/wp-json\/wp\/v2\/posts"}],"about":[{"href":"https:\/\/www.enerjigazetesi.ist\/en\/wp-json\/wp\/v2\/types\/post"}],"author":[{"embeddable":true,"href":"https:\/\/www.enerjigazetesi.ist\/en\/wp-json\/wp\/v2\/users\/1"}],"replies":[{"embeddable":true,"href":"https:\/\/www.enerjigazetesi.ist\/en\/wp-json\/wp\/v2\/comments?post=5232"}],"version-history":[{"count":2,"href":"https:\/\/www.enerjigazetesi.ist\/en\/wp-json\/wp\/v2\/posts\/5232\/revisions"}],"predecessor-version":[{"id":5235,"href":"https:\/\/www.enerjigazetesi.ist\/en\/wp-json\/wp\/v2\/posts\/5232\/revisions\/5235"}],"wp:featuredmedia":[{"embeddable":true,"href":"https:\/\/www.enerjigazetesi.ist\/en\/wp-json\/wp\/v2\/media\/5233"}],"wp:attachment":[{"href":"https:\/\/www.enerjigazetesi.ist\/en\/wp-json\/wp\/v2\/media?parent=5232"}],"wp:term":[{"taxonomy":"category","embeddable":true,"href":"https:\/\/www.enerjigazetesi.ist\/en\/wp-json\/wp\/v2\/categories?post=5232"},{"taxonomy":"post_tag","embeddable":true,"href":"https:\/\/www.enerjigazetesi.ist\/en\/wp-json\/wp\/v2\/tags?post=5232"}],"curies":[{"name":"wp","href":"https:\/\/api.w.org\/{rel}","templated":true}]}}