{"id":52297,"date":"2016-04-24T17:22:23","date_gmt":"2016-04-24T14:22:23","guid":{"rendered":"https:\/\/www.enerjigazetesi.ist\/?p=52297"},"modified":"2016-04-24T21:28:41","modified_gmt":"2016-04-24T18:28:41","slug":"guler-sabanci-linyit-santrali-acilisini-yapti-ve-yerli-komur-santrallerine-destek-istedi","status":"publish","type":"post","link":"https:\/\/www.enerjigazetesi.ist\/en\/guler-sabanci-linyit-santrali-acilisini-yapti-ve-yerli-komur-santrallerine-destek-istedi\/","title":{"rendered":"(Turkish) G\u00fcler Sabanc\u0131 Linyit Santrali A\u00e7\u0131l\u0131\u015f\u0131n\u0131 Yapt\u0131 ve Yerli K\u00f6m\u00fcr Santrallerine Destek \u0130stedi!"},"content":{"rendered":"<p class=\"qtranxs-available-languages-message qtranxs-available-languages-message-en\">Sorry, this entry is only available in <a href=\"https:\/\/www.enerjigazetesi.ist\/tr\/wp-json\/wp\/v2\/posts\/52297\" class=\"qtranxs-available-language-link qtranxs-available-language-link-tr\" title=\"Turkish\">Turkish<\/a>. For the sake of viewer convenience, the content is shown below in the alternative language. You may click the link to switch the active language.<\/p><p><strong>T\u00fcrkiye\u2019nin lider ve \u00f6nc\u00fc enerji \u015firketi Enerjisa taraf\u0131ndan kurulan, \u00fclkemizin \u00f6zel sekt\u00f6r taraf\u0131ndan yap\u0131lan ait en b\u00fcy\u00fck linyit santrali Enerjisa Tufanbeyli Santrali, 24 Nisan Pazar g\u00fcn\u00fc ger\u00e7ekle\u015ftirilen bir t\u00f6renle devreye al\u0131nd\u0131.<\/strong><\/p>\n<p>T\u00f6rene; Cumhurba\u015fkan\u0131 Recep Tayyip Erdo\u011fan, Enerji Bakan\u0131 Berat Albayrak, \u00c7evre ve \u015eehircilik Bakan\u0131 Fatma G\u00fcldemet Sar\u0131, Bilim, Sanayi ve <a href=\"https:\/\/www.enerjigazetesi.ist\/wp-content\/uploads\/2016\/04\/guler-sabanci-yerli-komur-santraline-destek-istedi.jpg\"><img loading=\"lazy\" class=\"alignleft size-medium wp-image-52298\" src=\"https:\/\/www.enerjigazetesi.ist\/wp-content\/uploads\/2016\/04\/guler-sabanci-yerli-komur-santraline-destek-istedi-300x176.jpg\" alt=\"guler-sabanci-yerli-komur-santraline-destek-istedi\" width=\"300\" height=\"176\" srcset=\"https:\/\/www.enerjigazetesi.ist\/wp-content\/uploads\/2016\/04\/guler-sabanci-yerli-komur-santraline-destek-istedi-300x176.jpg 300w, https:\/\/www.enerjigazetesi.ist\/wp-content\/uploads\/2016\/04\/guler-sabanci-yerli-komur-santraline-destek-istedi-500x293.jpg 500w, https:\/\/www.enerjigazetesi.ist\/wp-content\/uploads\/2016\/04\/guler-sabanci-yerli-komur-santraline-destek-istedi-80x46.jpg 80w, https:\/\/www.enerjigazetesi.ist\/wp-content\/uploads\/2016\/04\/guler-sabanci-yerli-komur-santraline-destek-istedi.jpg 1000w\" sizes=\"(max-width: 300px) 100vw, 300px\" \/><\/a>Teknoloji Bakan\u0131 Fikri I\u015f\u0131k, Orman ve Su \u0130\u015fleri Bakan\u0131 Veysel Ero\u011flu ve \u00fcst d\u00fczey protokol\u00fcn yan\u0131 s\u0131ra Sabanc\u0131 Holding Y\u00f6netim Kurulu Ba\u015fkan\u0131 G\u00fcler Sabanc\u0131, Sabanc\u0131 Holding Y\u00f6netim Kurulu \u00dcyesi Suzan Sabanc\u0131 Din\u00e7er, E.ON CEO\u2019su Johannes Teyssen, Sabanc\u0131 Holding CEO\u2019su Zafer Kurtul, Enerjisa Y\u00f6netim Kurulu Ba\u015fkan\u0131 Mehmet G\u00f6\u00e7men, Enerjisa Y\u00f6netim Kurulu Ba\u015fkan Yard\u0131mc\u0131s\u0131 Keith Plowman ve Enerjisa CEO\u2019su K\u0131van\u00e7 Zaimler de kat\u0131ld\u0131.<\/p>\n<p>T\u00f6rende konu\u015fan Sabanc\u0131 Holding Y\u00f6netim Kurulu Ba\u015fkan\u0131 G\u00fcler Sabanc\u0131 t\u00f6rende;<\/p>\n<p><strong>Sabanc\u0131 Toplulu\u011fu i\u00e7in ve \u00fclkemiz i\u00e7in \u00e7ok \u00f6nemli, tarihi bir g\u00fcnde birlikteyiz.<\/strong><\/p>\n<p>T\u00fcrkiye\u2019nin \u00f6zel sekt\u00f6r taraf\u0131ndan ileri teknoloji ve \u00e7evre dostu yap\u0131lan en b\u00fcy\u00fck linyit santrali olan Tufanbeyli Santrali\u2019nin a\u00e7\u0131l\u0131\u015f t\u00f6renine ho\u015f geldiniz.<\/p>\n<p>Bug\u00fcn yan\u0131m\u0131zda olarak bu heyecan\u0131m\u0131z\u0131, bu gururumuzu payla\u015ft\u0131\u011f\u0131n\u0131z i\u00e7in \u00e7ok te\u015fekk\u00fcr ederiz. En b\u00fcy\u00fck \u015f\u00fckranlar\u0131m\u0131z da Say\u0131n Cumhurba\u015fkan\u0131m\u0131za. Bize enerji verdiniz.<\/p>\n<p><strong>Bildi\u011finiz gibi, enerji t\u00fcm d\u00fcnyada oldu\u011fu gibi, \u00fclkemiz i\u00e7in \u00e7ok stratejik bir sekt\u00f6r.<\/strong><\/p>\n<p>Ekonomik ve sosyal b\u00fcy\u00fcme hedeflerimizin desteklenmesi ve ya\u015fam kalitesinin iyile\u015ftirilmesi bak\u0131m\u0131ndan enerji, hayat\u0131m\u0131z\u0131n t\u00fcm alanlar\u0131nda \u00e7ok b\u00fcy\u00fck \u00f6nem ta\u015f\u0131yor.<\/p>\n<p><strong>Son d\u00f6nemde, \u00fclkemiz enerji sekt\u00f6r\u00fcnde \u00e7ok \u00f6nemli geli\u015fmeler ya\u015fan\u0131yor.<\/strong><\/p>\n<p>Son 10 y\u0131lda h\u00fck\u00fcmetin enerji politikalar\u0131na ve T\u00fcrkiye\u2019nin gelece\u011fine olan g\u00fcvenle, T\u00fcrkiye elektrik ve do\u011fal gaz sekt\u00f6r\u00fcne toplamda 100 milyar TL\u2019lik yat\u0131r\u0131m yap\u0131ld\u0131. Bu sadece \u00f6zel sekt\u00f6r taraf\u0131ndan Hazine garantisi olmaks\u0131z\u0131n yap\u0131ld\u0131. Bunun b\u00fcy\u00fck bir k\u0131sm\u0131\u00f6zel sekt\u00f6r taraf\u0131ndan yap\u0131ld\u0131.<\/p>\n<p>Enerji Bakanl\u0131\u011f\u0131m\u0131z ve EPDK\u2019n\u0131n liderli\u011finde elektrik piyasas\u0131n\u0131n serbestle\u015fmesinde \u00e7ok \u00f6nemli ad\u0131mlar at\u0131ld\u0131.<\/p>\n<p>Kendilerine bu y\u00f6ndeki \u00e7abalar\u0131 ve yo\u011fun \u00e7al\u0131\u015fmalar\u0131ndan dolay\u0131 bir kez daha huzurlar\u0131n\u0131zda te\u015fekk\u00fcr etmek istiyorum.<\/p>\n<p>\u00d6n\u00fcm\u00fczdeki d\u00f6nemde de, liberalle\u015fme ad\u0131mlar\u0131n\u0131n daha da artaca\u011f\u0131na, daha rekabet\u00e7i ve verimli bir enerji piyasas\u0131na i\u015flerlik kazand\u0131r\u0131laca\u011f\u0131na inanc\u0131m tamd\u0131r.<\/p>\n<p>Enerjisa olarak, \u00fclkemizin gelece\u011fine duyulan inanc\u0131m\u0131zla Enerji piyasalar\u0131na buradaki, politikalara olan g\u00fcvenimizle orta\u011f\u0131m\u0131z EON ile birlikte 11 milyar dolarl\u0131k yat\u0131r\u0131m\u0131 biz yapt\u0131k.<\/p>\n<p>T\u00fcrkiye elektrik sekt\u00f6r\u00fcn\u00fcn \u00f6nc\u00fc ve lider bir kurulu\u015f ortaya \u00e7\u0131kt\u0131.<\/p>\n<p>\u201cT\u00fcrkiye\u2019nin Enerjisi\u201d olarak an\u0131yoruz. bu y\u0131l i\u00e7erisinde 3700 MW\u2019a ula\u015facak kapasitemizle kaynaklar bak\u0131m\u0131ndan \u00e7e\u015fitlendirilmi\u015f, dengeli, y\u00fcksek verimli bir \u00fcretim portf\u00f6y\u00fcne ula\u015ft\u0131k.<\/p>\n<p>Ayr\u0131ca 14 ilde 20 milyon ki\u015fiyi elektrik enerjisi ile bulu\u015fturuyoruz.<\/p>\n<p>T\u00fcrkiye genelinde 9 milyon m\u00fc\u015fterimize yenilik\u00e7i \u00fcr\u00fcn ve hizmetler sunuyoruz.<\/p>\n<p>Her \u015feyin en iyisine, \u00e7a\u011f\u0131n gereklerine, teknolojinin en iyisine lay\u0131k olan halk\u0131m\u0131za daha iyi bir enerji gelece\u011fi sunmak i\u00e7in arkada\u015flar\u0131m gece g\u00fcnd\u00fcz \u00e7al\u0131\u015f\u0131yorlar.<\/p>\n<p>\u00dclkemizin yerli enerji kaynaklar\u0131na yapt\u0131\u011f\u0131m\u0131z yat\u0131r\u0131mlar, \u00fclke ekonomisinin b\u00fcy\u00fcmesi, enerji g\u00fcvenli\u011fi ve cari a\u00e7\u0131\u011f\u0131n iyile\u015ftirilmesi bak\u0131m\u0131ndan b\u00fcy\u00fck \u00f6nem ta\u015f\u0131yor. Bunu siz bizden daha iyi biliyorsunuz.<\/p>\n<p>Tufanbeyli Santralimizde oldu\u011fu gibi, linyit rezervlerimizin ekonomiye kazand\u0131r\u0131lmas\u0131yla T\u00fcrkiye\u2019nin do\u011fal gaz ithalat faturas\u0131n\u0131n 6 milyar $ azalaca\u011f\u0131\u00f6ng\u00f6r\u00fcl\u00fcyor.<\/p>\n<p>E.ON ile ortakl\u0131\u011f\u0131m\u0131zdan \u00f6nce yat\u0131r\u0131m karar\u0131n\u0131 ald\u0131\u011f\u0131m\u0131z bu projeye, E.ON ile ortakl\u0131\u011f\u0131m\u0131z sonras\u0131nda da ayn\u0131 bak\u0131\u015f a\u00e7\u0131s\u0131 ve kararl\u0131l\u0131kla devam etmekten b\u00fcy\u00fck memnuniyet duyuyorum.<\/p>\n<p>E.ON CEO\u2019su Dr.Teyssen\u2019e huzurlar\u0131n\u0131zda te\u015fekk\u00fcr ediyorum. Ayn\u0131 kararl\u0131l\u0131kla projeyi desteklediler.<\/p>\n<p>Yerli kaynaklar\u0131\u00fcst\u00fcn teknolojiyle ekonomiye kazand\u0131rmak i\u00e7in destek gerekiyor. Linyitimizin kalitesi d\u00fc\u015f\u00fck kalorili.<\/p>\n<p>Dolay\u0131s\u0131yla bug\u00fcn burada a\u00e7\u0131l\u0131\u015f\u0131n\u0131 yapaca\u011f\u0131m\u0131z \u00e7evre dostu ve ileri teknolojili santralleri ger\u00e7ekle\u015ftirebilmemiz i\u00e7in \u00e7ok y\u00fcksek yat\u0131r\u0131m gerekiyor. Bug\u00fcnk\u00fc piyasa ko\u015fullar\u0131nda bu projelerin mutlaka desteklenmesi gerekiyor. Bu konuda ilgilerden en k\u0131sa zamanda yeni d\u00fczenlemeler bekliyoruz.<\/p>\n<p>Bu santralin Sabanc\u0131 Toplulu\u011fu i\u00e7in bir ba\u015fka anlam\u0131 daha var.<\/p>\n<p>Adana bizim memleketimiz. Adana\u2019n\u0131n g\u00f6nl\u00fcm\u00fczde ayr\u0131 bir yeri var.<\/p>\n<p>Bu topraklarda do\u011fduk. Bu topraklarda b\u00fcy\u00fcd\u00fc Sabanc\u0131 Toplulu\u011fu. Sadece Adana\u2019ya \u015fimdiye kadar 450 MW Tufanbeyli Santrali\u2019nin yan\u0131 s\u0131ra, Seyhan ve Ceyhan Nehri \u00fczerindeki toplam yakla\u015f\u0131k 600 MW kurulu g\u00fcc\u00fcnde 6 adet Hidroelektrik Santrali ger\u00e7ekle\u015ftirdik. Toroslar Da\u011f\u0131t\u0131m ve Sat\u0131\u015f\u015eirketleri olmak \u00fczere, Adana\u2019ya 4 milyar dolar\u0131n \u00fczerinde yat\u0131r\u0131m yapt\u0131k. Yat\u0131r\u0131m yapt\u0131\u011f\u0131m\u0131z b\u00f6lgelerde, sosyal sorumluluk projeleri ile hep b\u00fct\u00fcnsel bakt\u0131k.<\/p>\n<p>B\u00f6lgemizde halen devam eden \u00e7ok \u00f6nemli sosyal sorumluluk ve sosyal kalk\u0131nma projelerimiz var.<\/p>\n<p>Tufanbeyli\u2019de yakla\u015f\u0131k 10 ki\u015fiden birine gelir imkan\u0131 sa\u011flan\u0131yor.<\/p>\n<p>Sa\u011flanan istihdamda \u00e7al\u0131\u015fanlar\u0131n g\u00fcvenli\u011fi \u00f6ncelik olarak ald\u0131k. \u0130\u015f sa\u011fl\u0131\u011f\u0131 ve g\u00fcvenli\u011fi uygulamalar\u0131 uluslararas\u0131 standartlarda tutuldu.<\/p>\n<p>Erkekler ile birlikte kad\u0131nlar\u0131n da i\u015f g\u00fcc\u00fcne kat\u0131l\u0131m\u0131, meslek kazand\u0131r\u0131lmas\u0131nda \u00f6nemli ad\u0131mlar at\u0131ld\u0131.<\/p>\n<p>Yollar yenilendi, su kanallar\u0131 a\u00e7\u0131ld\u0131.<\/p>\n<p>35.000 \u00e7am, 3.000 meyve fidan\u0131, elma dikildi.<\/p>\n<p>\u201cEnerjisa Tufanbeyli Mesleki ve Teknik Anadolu Lisesi\u201dni de \u00f6n\u00fcm\u00fczdeki e\u011fitim \u00f6\u011fretim d\u00f6nemine yeti\u015ftirmeye \u00e7al\u0131\u015f\u0131yoruz.<\/p>\n<p>Say\u0131n Cumhurba\u015fkan\u0131m, siz bilirsiniz; siz bizim bu yolcu\u011fumuzu hep destekledi\u011finiz. Bizimle Band\u0131rmaya geldiniz. O zaman santralin a\u00e7\u0131l\u0131\u015f\u0131n\u0131 ve oradaki Fen Lisesi\u2019nin a\u00e7\u0131l\u0131\u015f\u0131n\u0131 beraber yapm\u0131\u015ft\u0131k. \u0130n\u015fallah okul gelecek d\u00f6neme yeti\u015fecek.<\/p>\n<p>Sabanc\u0131 olarak inan\u0131yoruz ki, Enerjisa\u2019da da \u00f6yle; bizim i\u015fimizin \u00f6z\u00fc\u201cinsan\u201d ve insana hizmet etmek.<\/p>\n<p>Halk\u0131m\u0131z\u0131n her \u015feyin en iyisine lay\u0131k oldu\u011funa inanarak \u00e7al\u0131\u015f\u0131yoruz.<\/p>\n<p>Hedefimiz, kalk\u0131nmak, insan\u0131m\u0131za y\u00fcksek d\u00fcnya standartlar\u0131n\u0131 sa\u011flamak ve buna uygun olarak, hayat kalitesini y\u00fckseltmektir.<\/p>\n<p><strong>\u201cT\u00fcrkiye\u2019nin Sabanc\u0131\u2019s\u0131\u201d olarak hedefimiz budur.<\/strong><\/p>\n<p>Say\u0131n Cumhurba\u015fkan\u0131m,<\/p>\n<p>Bu \u00f6nemli ve gururlu g\u00fcn\u00fcm\u00fczde yan\u0131m\u0131zda olarak heyecan\u0131m\u0131za payla\u015ft\u0131\u011f\u0131n\u0131z ortak oldu\u011fumuz, moral verdi\u011finiz, bize destek verdi\u011finiz i\u00e7in Toplulu\u011fumuz ad\u0131na, \u00fclkemiz ad\u0131na, Enerjisa ad\u0131na ve Tufanbeyli ad\u0131na \u015f\u00fckranlar\u0131m\u0131z\u0131 sunuyoruz. Bize g\u00fc\u00e7 verdiniz, moral verdiniz, enerji verdiniz.<\/p>\n<p>Bu \u00f6nemli bir g\u00fcn, bu \u00f6nemli bir kazan\u0131m T\u00fcrkiye i\u00e7in, \u00fclkemiz i\u00e7in. Bir kez daha \u00fclkemize, \u00e7evreye, hay\u0131rl\u0131, u\u011furlu olmas\u0131n\u0131 diliyorum. dedi.<\/p>\n<p>Sabanc\u0131 Holding\u2019in Enerjisa\u2019daki %50 orta\u011f\u0131, d\u00fcnyan\u0131n en b\u00fcy\u00fck \u00f6zel elektrik ve do\u011fal gaz \u015firketlerinden biri olan E.ON\u2019un CEO\u2019su Johannes Teyssen ise \u00e7evreye duyarl\u0131, en verimli ve geli\u015fmi\u015f teknolojiyi kullanarak in\u015fa edilen T\u00fcrkiye\u2019nin en b\u00fcy\u00fck \u00f6zel sekt\u00f6r linyit santral\u0131 hakk\u0131nda \u015funlar\u0131 dile getirdi: \u201cTufanbeyli Santrali, Sabanc\u0131 Holding ile Enerjisa\u2019daki ba\u015far\u0131l\u0131 ortakl\u0131\u011f\u0131m\u0131z\u0131n ve T\u00fcrkiye enerji sekt\u00f6r\u00fcne olan inanc\u0131m\u0131z\u0131n en \u00f6nemli sembol\u00fcd\u00fcr. Tufanbeyli Santrali, yerel kaynaklar\u0131\u00fcretime kazand\u0131rarak hem Enerjisa m\u00fc\u015fterilerinin hem de T\u00fcrkiye\u2019nin elektrik arz g\u00fcvenli\u011fine katk\u0131da bulunmaktad\u0131r. Bu santralin devreye giri\u015fi ile Enerjisa\u2019n\u0131n \u00fcretim portf\u00f6y\u00fcndeki yerli ve yenilenebilir enerji kaynaklar\u0131n\u0131n pay\u0131 %65\u2019e ula\u015fm\u0131\u015ft\u0131r.\u201d<\/p>\n<p><strong>Yerli Kaynaklar\u0131n Ekonomiye Kazand\u0131r\u0131lmas\u0131yla, Cari A\u00e7\u0131k 6 Milyar $ Azalabilir<\/strong><\/p>\n<p>Tufanbeyli Santrali ile ekonomiye, yerli linyit rezervinin do\u011falgaz e\u015fde\u011feri olarak 6 milyar dolar kazand\u0131r\u0131lmas\u0131; b\u00f6ylece ekonomik b\u00fcy\u00fcme ve kalk\u0131nma konusunda \u00f6nemli hedefleri olan T\u00fcrkiye\u2019nin enerjide d\u0131\u015fa ba\u011f\u0131ml\u0131l\u0131\u011f\u0131n\u0131n ve cari a\u00e7\u0131\u011f\u0131n\u0131n azalt\u0131lmas\u0131 hedefleniyor.<\/p>\n<p>Enerjisa Tufanbeyli Santrali, \u00fclke ekonomisine oldu\u011fu kadar, b\u00f6lge ekonomisine ve sosyal kalk\u0131nmaya da katk\u0131 sa\u011fl\u0131yor. \u0130n\u015faat a\u015famas\u0131nda en yo\u011fun d\u00f6nemde 1.180\u2019i yerel halktan olmak \u00fczere 4.562 ki\u015fiye istihdam olana\u011f\u0131 sa\u011fland\u0131. Bu da Tufanbeyli\u2019de her 10 ki\u015fiden birine gelir imkan\u0131 sa\u011fland\u0131\u011f\u0131n\u0131 g\u00f6steriyor. Santralin i\u015fletmeye girmesiyle birlikte 1.000 ki\u015filik istihdam yarat\u0131lacak. Bu istihdam\u0131n %60\u2019\u0131n\u0131n b\u00f6lgeden sa\u011flanmas\u0131\u00f6ng\u00f6r\u00fcl\u00fcyor.<\/p>\n<p>Enerjisa ayr\u0131ca 3 y\u0131lda b\u00f6lgede mal-hizmet al\u0131mlar\u0131 ve yerel \u00e7al\u0131\u015fanlar\u0131n istihdam\u0131 i\u00e7in yakla\u015f\u0131k 170 milyon TL harcama yapt\u0131. Erkekler ile birlikte kad\u0131nlar\u0131n da meslek edinmesi ve i\u015f g\u00fcc\u00fcne kat\u0131l\u0131m\u0131 i\u00e7in projeler ger\u00e7ekle\u015ftirildi. B\u00f6lgeyi ye\u015fillendirmek \u00fczere 35.000 \u00e7am, 3.000 meyve fidan\u0131 dikimi yap\u0131ld\u0131. Halen in\u015fas\u0131 devam eden Tufanbeyli Mesleki ve Teknik Anadolu Lisesi\u2019nin ise 2016-2017 \u00f6\u011fretim y\u0131l\u0131nda e\u011fitime a\u00e7\u0131lmas\u0131 planlan\u0131yor.<\/p>\n<p><strong>\u0130leri Ve \u00c7evre \u0130le Uyumlu Teknolojiyle T\u00fcrk \u00d6zel Sekt\u00f6r\u00fcn En B\u00fcy\u00fck Linyit Santrali Yat\u0131r\u0131m\u0131 Ger\u00e7ekle\u015fti<\/strong><\/p>\n<p>Enerjisa Tufanbeyli Santrali, \u015firketin \u00e7evreye duyarl\u0131l\u0131k ve s\u00fcrd\u00fcr\u00fclebilirlik yakla\u015f\u0131m\u0131n\u0131n bir yans\u0131mas\u0131 olarak, modern teknolojilerin kullan\u0131ld\u0131\u011f\u0131 ve enerji \u00fcretiminin \u00e7evreye olan etkisinin en az seviyeye indirildi\u011fi bir santral olma \u00f6zelli\u011fini ta\u015f\u0131yor. Tufanbeyli Santrali y\u00fcksek standartlara sahip y\u00f6netim sistemleri ve i\u015f g\u00fcvenli\u011fi uygulamalar\u0131yla \u00f6ne \u00e7\u0131k\u0131yor. Gerek mevzuatta belirtilen s\u0131n\u0131r de\u011ferlerin gerekse uluslararas\u0131 kabul g\u00f6rm\u00fc\u015f emisyon de\u011ferlerinin alt\u0131nda yer alan emisyon de\u011ferleriyle klasik bir elektrik santralinden \u00e7ok \u00f6te, \u00e7evreye duyarl\u0131 bir santral olarak in\u015fa edildi.<\/p>\n<p><strong>Enerjisa\u2019n<\/strong><strong>\u0131<\/strong><strong>n kurulu g<\/strong><strong>\u00fc<\/strong><strong>c<\/strong><strong>\u00fc<\/strong><strong> i<\/strong><strong>\u00e7<\/strong><strong>inde yerli ve yenilenebilir kaynaklar<\/strong><strong>\u0131<\/strong><strong>n pay<\/strong><strong>\u0131<\/strong><strong> %65<\/strong><\/p>\n<p>Elektrik \u00fcretimi, da\u011f\u0131t\u0131m\u0131 ve sat\u0131\u015f\u0131ndan olu\u015fan \u00fc\u00e7 ana i\u015f kolunda faaliyet g\u00f6steren ve bug\u00fcne dek yar\u0131s\u0131 elektrik \u00fcretimi, yar\u0131s\u0131 da elektrik da\u011f\u0131t\u0131m\u0131 olmak \u00fczere toplam 11 milyar dolar\u0131n \u00fczerinde yat\u0131r\u0131m yapm\u0131\u015f olan Enerjisa, 2016 sonunda 3.700 MW\u2019a ula\u015facak \u00fcretim portf\u00f6y\u00fcn\u00fc y\u00f6netiyor. 14 ilde 20 milyon ki\u015fiyi elektrik enerjisiyle bulu\u015fturan Enerjisa, 9 milyon m\u00fc\u015fterisine yenilik\u00e7i \u00fcr\u00fcn ve hizmet sunuyor. Tufanbeyli Santrali ile Enerjisa\u2019n\u0131n i\u015fletmedeki kurulu g\u00fcc\u00fc i\u00e7erisinde, yerli ve yenilenebilir enerji kaynaklar\u0131n\u0131n pay\u0131 %65\u2019e ula\u015ft\u0131.<\/p>\n<p>Kaynak: B\u00fcltenler<\/p>","protected":false},"excerpt":{"rendered":"<p>Sorry, this entry is only available in Turkish. For the sake of viewer convenience, the content is shown below in the alternative language. You may click the link to switch the active language.T\u00fcrkiye\u2019nin lider ve \u00f6nc\u00fc enerji \u015firketi Enerjisa taraf\u0131ndan kurulan, \u00fclkemizin \u00f6zel sekt\u00f6r taraf\u0131ndan yap\u0131lan ait en b\u00fcy\u00fck linyit santrali Enerjisa Tufanbeyli Santrali, 24 [&hellip;]<\/p>\n","protected":false},"author":1,"featured_media":52298,"comment_status":"open","ping_status":"open","sticky":false,"template":"","format":"standard","meta":[],"categories":[53,24649],"tags":[1129,67,1009,2698,165,422,1049,9608,1675,6101,2021,29289,1048,1934,15492,29287,29288],"views":1426,"_links":{"self":[{"href":"https:\/\/www.enerjigazetesi.ist\/en\/wp-json\/wp\/v2\/posts\/52297"}],"collection":[{"href":"https:\/\/www.enerjigazetesi.ist\/en\/wp-json\/wp\/v2\/posts"}],"about":[{"href":"https:\/\/www.enerjigazetesi.ist\/en\/wp-json\/wp\/v2\/types\/post"}],"author":[{"embeddable":true,"href":"https:\/\/www.enerjigazetesi.ist\/en\/wp-json\/wp\/v2\/users\/1"}],"replies":[{"embeddable":true,"href":"https:\/\/www.enerjigazetesi.ist\/en\/wp-json\/wp\/v2\/comments?post=52297"}],"version-history":[{"count":7,"href":"https:\/\/www.enerjigazetesi.ist\/en\/wp-json\/wp\/v2\/posts\/52297\/revisions"}],"predecessor-version":[{"id":52318,"href":"https:\/\/www.enerjigazetesi.ist\/en\/wp-json\/wp\/v2\/posts\/52297\/revisions\/52318"}],"wp:featuredmedia":[{"embeddable":true,"href":"https:\/\/www.enerjigazetesi.ist\/en\/wp-json\/wp\/v2\/media\/52298"}],"wp:attachment":[{"href":"https:\/\/www.enerjigazetesi.ist\/en\/wp-json\/wp\/v2\/media?parent=52297"}],"wp:term":[{"taxonomy":"category","embeddable":true,"href":"https:\/\/www.enerjigazetesi.ist\/en\/wp-json\/wp\/v2\/categories?post=52297"},{"taxonomy":"post_tag","embeddable":true,"href":"https:\/\/www.enerjigazetesi.ist\/en\/wp-json\/wp\/v2\/tags?post=52297"}],"curies":[{"name":"wp","href":"https:\/\/api.w.org\/{rel}","templated":true}]}}