{"id":52287,"date":"2016-04-24T14:07:53","date_gmt":"2016-04-24T11:07:53","guid":{"rendered":"https:\/\/www.enerjigazetesi.ist\/?p=52287"},"modified":"2016-04-24T14:08:28","modified_gmt":"2016-04-24T11:08:28","slug":"apple-google-ve-microsoft-temiz-enerji-icin-ortak-oluyor","status":"publish","type":"post","link":"https:\/\/www.enerjigazetesi.ist\/en\/apple-google-ve-microsoft-temiz-enerji-icin-ortak-oluyor\/","title":{"rendered":"(Turkish) Apple, Google ve Microsoft Temiz Enerji \u0130\u00e7in Ortak Oluyor&#8230;"},"content":{"rendered":"<p class=\"qtranxs-available-languages-message qtranxs-available-languages-message-en\">Sorry, this entry is only available in <a href=\"https:\/\/www.enerjigazetesi.ist\/tr\/wp-json\/wp\/v2\/posts\/52287\" class=\"qtranxs-available-language-link qtranxs-available-language-link-tr\" title=\"Turkish\">Turkish<\/a>. For the sake of viewer convenience, the content is shown below in the alternative language. You may click the link to switch the active language.<\/p><p><\/p>\n<p style=\"color: #0a0a0a;\"><strong>Teknolojinin \u00f6nde gelen \u00fc\u00e7 b\u00fcy\u00fck firmas\u0131 Google, Microsoft ve Apple \u00e7evre koruma projeleri kapsam\u0131nda ortakl\u0131k giri\u015fiminde bulunmaya haz\u0131rlan\u0131yorlar.<\/strong><span id=\"more-77495\"><\/span><\/p>\n<p style=\"color: #0a0a0a;\">Teknoloji devlerinin birlikte \u00e7al\u0131\u015faca\u011f\u0131 ortakl\u0131kta, ilk olarak do\u011fadaki karbondioksit emisyonunu d\u00fc\u015f\u00fc<img loading=\"lazy\" class=\"alignright  wp-image-52288\" src=\"https:\/\/www.enerjigazetesi.ist\/wp-content\/uploads\/2016\/04\/apple-google-ve-microsoft-temiz-enerji-icin-ortak-oluyor-300x100.jpg\" alt=\"apple-google-ve-microsoft-temiz-enerji-icin-ortak-oluyor\" width=\"300\" height=\"176\" \/>recek teknolojiler geli\u015ftirmek hedefleniyor.<\/p>\n<p style=\"color: #0a0a0a;\">ABD\u2019nin Beyaz Saray ve \u00c7evre Koruma Ajans\u0131 deste\u011fiyle \u00e7evreci \u00e7\u00f6z\u00fcmler \u00fczerine yo\u011funla\u015f\u0131lacak proje kapsam\u0131nda destek aray\u0131\u015f\u0131nda teknoloji sekt\u00f6r\u00fcn\u00fcn devleri Apple, Google ve Microsoft oldu.<\/p>\n<p style=\"color: #0a0a0a;\">3 Teknoloji devi \u201cTemiz G\u00fc\u00e7 Plan\u0131\u201d ad\u0131 verilen proje kapsam\u0131nda ortak bir s\u00f6zle\u015fme imzalad\u0131lar.<\/p>\n<p style=\"color: #0a0a0a;\">Petrol\u00fcn artan fiyat\u0131 ve d\u00fcnya genelinde azalan rezervler nedeniyle, proje \u00e7er\u00e7evesinde g\u00fcne\u015f ve r\u00fczgar enerjisi gibi yenilenebilir enerji kaynaklar\u0131na odaklan\u0131lacak.<\/p>\n<p style=\"color: #0a0a0a;\">Apple, Google ve Microsoft\u2019un proje kapsam\u0131nda g\u00fcne\u015f ve r\u00fczgar enerjisinin kullanaca\u011f\u0131 tesisler yapaca\u011f\u0131 belirtiliyor.<\/p>\n<p style=\"color: #0a0a0a;\">Kaynak: Enerji Enstit\u00fcs\u00fc<\/p>\n<p><\/p>","protected":false},"excerpt":{"rendered":"<p>Sorry, this entry is only available in Turkish. For the sake of viewer convenience, the content is shown below in the alternative language. You may click the link to switch the active language. Teknolojinin \u00f6nde gelen \u00fc\u00e7 b\u00fcy\u00fck firmas\u0131 Google, Microsoft ve Apple \u00e7evre koruma projeleri kapsam\u0131nda ortakl\u0131k giri\u015fiminde bulunmaya haz\u0131rlan\u0131yorlar. Teknoloji devlerinin birlikte \u00e7al\u0131\u015faca\u011f\u0131 [&hellip;]<\/p>\n","protected":false},"author":1,"featured_media":52288,"comment_status":"open","ping_status":"open","sticky":false,"template":"","format":"standard","meta":[],"categories":[53,49,50],"tags":[2655,29284,63,67,1009,2698,165,2326,1769,227,13,3646,4396,1775,11568,474,69,16,5484,842,508],"views":1177,"_links":{"self":[{"href":"https:\/\/www.enerjigazetesi.ist\/en\/wp-json\/wp\/v2\/posts\/52287"}],"collection":[{"href":"https:\/\/www.enerjigazetesi.ist\/en\/wp-json\/wp\/v2\/posts"}],"about":[{"href":"https:\/\/www.enerjigazetesi.ist\/en\/wp-json\/wp\/v2\/types\/post"}],"author":[{"embeddable":true,"href":"https:\/\/www.enerjigazetesi.ist\/en\/wp-json\/wp\/v2\/users\/1"}],"replies":[{"embeddable":true,"href":"https:\/\/www.enerjigazetesi.ist\/en\/wp-json\/wp\/v2\/comments?post=52287"}],"version-history":[{"count":1,"href":"https:\/\/www.enerjigazetesi.ist\/en\/wp-json\/wp\/v2\/posts\/52287\/revisions"}],"predecessor-version":[{"id":52289,"href":"https:\/\/www.enerjigazetesi.ist\/en\/wp-json\/wp\/v2\/posts\/52287\/revisions\/52289"}],"wp:featuredmedia":[{"embeddable":true,"href":"https:\/\/www.enerjigazetesi.ist\/en\/wp-json\/wp\/v2\/media\/52288"}],"wp:attachment":[{"href":"https:\/\/www.enerjigazetesi.ist\/en\/wp-json\/wp\/v2\/media?parent=52287"}],"wp:term":[{"taxonomy":"category","embeddable":true,"href":"https:\/\/www.enerjigazetesi.ist\/en\/wp-json\/wp\/v2\/categories?post=52287"},{"taxonomy":"post_tag","embeddable":true,"href":"https:\/\/www.enerjigazetesi.ist\/en\/wp-json\/wp\/v2\/tags?post=52287"}],"curies":[{"name":"wp","href":"https:\/\/api.w.org\/{rel}","templated":true}]}}