{"id":52271,"date":"2016-04-24T13:38:24","date_gmt":"2016-04-24T10:38:24","guid":{"rendered":"https:\/\/www.enerjigazetesi.ist\/?p=52271"},"modified":"2016-04-24T13:38:24","modified_gmt":"2016-04-24T10:38:24","slug":"bakan-albayrak-nukleer-olmazsa-olmaz","status":"publish","type":"post","link":"https:\/\/www.enerjigazetesi.ist\/en\/bakan-albayrak-nukleer-olmazsa-olmaz\/","title":{"rendered":"(Turkish) Bakan Albayrak: \u201cN\u00fckleer Olmazsa Olmaz!\u201d"},"content":{"rendered":"<p class=\"qtranxs-available-languages-message qtranxs-available-languages-message-en\">Sorry, this entry is only available in <a href=\"https:\/\/www.enerjigazetesi.ist\/tr\/wp-json\/wp\/v2\/posts\/52271\" class=\"qtranxs-available-language-link qtranxs-available-language-link-tr\" title=\"Turkish\">Turkish<\/a>. For the sake of viewer convenience, the content is shown below in the alternative language. You may click the link to switch the active language.<\/p><p><\/p>\n<p style=\"color: #0a0a0a;\"><strong>Enerji ve Tabii Kaynaklar Bakan\u0131 Berat Albayrak, Milliyet gazetesinden Serpil \u00c7evikcan ile bir s\u00f6yleyi\u015fi ger\u00e7ekle\u015ftirdi. Rusya ile enerji ili\u015fkilerine de de\u011finen Albayrak, T\u00fcrkiye\u2019de n\u00fckleer enerji kar\u015f\u0131t\u0131 bir lobi oldu\u011funu belirterek, \u201cN\u00fckleerle ilgili daha somut bir alg\u0131 y\u00f6netimi izleyece\u011fiz. N\u00fckleer olmazsa olmaz bizim i\u00e7in.\u201d ifadelerini kulland\u0131.<\/strong><span id=\"more-79227\"><\/span><\/p>\n<p style=\"color: #0a0a0a;\">T\u00fcrkiye\u2019nin n\u00fckleer<a href=\"https:\/\/www.enerjigazetesi.ist\/wp-content\/uploads\/2016\/04\/bakan-albayrak-nukleer-olmazsa-olmaz.jpg\"><img loading=\"lazy\" class=\"alignleft size-medium wp-image-52272\" src=\"https:\/\/www.enerjigazetesi.ist\/wp-content\/uploads\/2016\/04\/bakan-albayrak-nukleer-olmazsa-olmaz-300x187.jpg\" alt=\"bakan-albayrak-nukleer-olmazsa-olmaz\" width=\"300\" height=\"187\" srcset=\"https:\/\/www.enerjigazetesi.ist\/wp-content\/uploads\/2016\/04\/bakan-albayrak-nukleer-olmazsa-olmaz-300x187.jpg 300w, https:\/\/www.enerjigazetesi.ist\/wp-content\/uploads\/2016\/04\/bakan-albayrak-nukleer-olmazsa-olmaz-1024x638.jpg 1024w, https:\/\/www.enerjigazetesi.ist\/wp-content\/uploads\/2016\/04\/bakan-albayrak-nukleer-olmazsa-olmaz-500x311.jpg 500w, https:\/\/www.enerjigazetesi.ist\/wp-content\/uploads\/2016\/04\/bakan-albayrak-nukleer-olmazsa-olmaz-80x50.jpg 80w, https:\/\/www.enerjigazetesi.ist\/wp-content\/uploads\/2016\/04\/bakan-albayrak-nukleer-olmazsa-olmaz.jpg 1068w\" sizes=\"(max-width: 300px) 100vw, 300px\" \/><\/a> enerji politikas\u0131yla ilgili soruya Albayrak \u015f\u00f6yle yan\u0131t verdi: \u201cN\u00fckleer kar\u015f\u0131t\u0131 bir lobi var. \u201cN\u00fckleere kar\u015f\u0131y\u0131z, k\u00f6m\u00fcre kar\u015f\u0131y\u0131z.\u201d \u0130stemez\u00fck\u00e7\u00fc yakla\u015f\u0131m var. Mesela k\u00f6m\u00fcr T\u00fcrkiye\u2019nin yerli enerji portf\u00f6y\u00fcnde y\u00fczde 12. Ki\u015fi ba\u015f\u0131 emisyonda Avrupa \u00fclkelerinin 2\u2019de, 3\u2019de 1 d\u00fczeyinde olan bir \u00fclkeyiz. T\u00fcrkiye\u2019nin bu yat\u0131r\u0131mlar\u0131n hepsini yapmas\u0131 laz\u0131m. \u0130stemez\u00fck\u00e7\u00fclere bir tavsiyem var. Geli\u015fmi\u015f \u00fclkelere gidin, termik santrallere bak\u0131n Avrupa\u2019da. Bizim hem filtreleme hem de karbon emisyonlar\u0131na bak\u0131ld\u0131\u011f\u0131nda baz\u0131lar\u0131 do\u011falgazdan daha \u00e7evreci. \u015eimdi yeni teknolojilerle d\u00fc\u015f\u00fck kalorili k\u00f6m\u00fcrleri bile rand\u0131manl\u0131 \u00fcretebiliyoruz. N\u00fckleerle ilgili daha somut bir alg\u0131 y\u00f6netimi izleyece\u011fiz. N\u00fckleer olmazsa olmaz bizim i\u00e7in.\u201d<\/p>\n<p style=\"color: #0a0a0a;\"><strong>B\u00fct\u00fcn d\u00fcnya n\u00fckleer enerji kullan\u0131yor<\/strong><\/p>\n<p style=\"color: #0a0a0a;\">B\u00fct\u00fcn d\u00fcnyada 450\u2019den fazla n\u00fckleer santral i\u015fletildi\u011fini, 100\u2019den fazlas\u0131n\u0131n in\u015faat\u0131n\u0131n s\u00fcrd\u00fc\u011f\u00fcn\u00fc hat\u0131rlatan Albayrak, \u201cT\u00fcrkiye\u2019nin n\u00fckleeri kullanmamas\u0131n\u0131n ve s\u00f6zde \u00e7evreci s\u00f6ylemlerle yap\u0131lmamas\u0131n\u0131n hi\u00e7bir rasyonel taraf\u0131 yok. Fuku\u015fima sonras\u0131 bir\u00e7o\u011fu ek g\u00fcvenlik tedbirleri de ortaya konularak yap\u0131ld\u0131. Fuku\u015fima\u2019ya ra\u011fmen bu kadar n\u00fckleer santral in\u015fa ediliyor olmas\u0131 g\u00f6zard\u0131 edilemez. T\u00fcrkiye\u2019yi gelecekteki durumlara haz\u0131rlamam\u0131z i\u00e7in n\u00fckleerden vazge\u00e7emeyiz.\u201d dedi.<\/p>\n<p style=\"color: #0a0a0a;\"><strong>Rusya ile sorun yok<\/strong><\/p>\n<p style=\"color: #0a0a0a;\">Rusya ile devletleraras\u0131 s\u00f6zle\u015fme ve kar\u015f\u0131l\u0131kl\u0131 sorumluluklar oldu\u011funu s\u00f6yleyen Albayrak, her iki taraf\u0131n da sorumluluklar\u0131n\u0131 yerine getirdi\u011fini, bundan sonras\u0131nda yat\u0131r\u0131mc\u0131n\u0131n gerekli y\u00fck\u00fcml\u00fcl\u00fcklerini yerine getirmesini beklediklerini ifade etti. Bakan, \u201cKim bunu yerine getirmezse bedelini \u00f6der, maliyetine katlan\u0131r. Olu\u015facak olumsuzluk s\u00fcre\u00e7 i\u00e7inde de\u011ferlendirilir. \u015eu an i\u00e7in \u00f6yle bir\u015fey yok.\u201d diye belirtti.<\/p>\n<p style=\"color: #0a0a0a;\"><strong>3. n\u00fckleer santral ihalesi<\/strong><\/p>\n<p style=\"color: #0a0a0a;\">\u00dc\u00e7\u00fcnc\u00fc n\u00fckleer santral konusunda \u00c7in\u2019i i\u015faret eden Albayrak, \u00c7in seyahatinin \u00e7ok \u00f6nemli oldu\u011funu vurgulad\u0131. Albayrak 3. santral i\u00e7in \u201cWestinghouse; d\u00fcnyan\u0131n en b\u00fcy\u00fck firmas\u0131. Japon sahipli\u011finde ABD men\u015feili, \u00c7in\u2019le de ortakl\u0131\u011f\u0131 olan bir konsorsiyum. \u00dc\u00e7\u00fcnc\u00fc santralin yeriyle ilgili se\u00e7enekleri 10-15\u2019e indirdik. 18 kritere g\u00f6re karar veriyorsunuz. T\u00fcrkiye\u2019nin bir ucundan di\u011ferine ta\u015f\u0131man\u0131n da maliyeti var. \u00d6nceli\u011fimiz iki santralin mevcut i\u00e7erisindeki yolunu a\u00e7arak, \u00e7evresel, yasal olarak h\u0131zl\u0131 \u015fekilde tamamlamak. \u0130kinci santralde Japonlarla ilgili bize ula\u015fan bir s\u00fcre\u00e7 yok. Reakt\u00f6rle ilgili taleplerimiz oldu, ilgili yaz\u0131y\u0131 yazd\u0131k. Bu y\u0131l i\u00e7erisinde ortakl\u0131k s\u00f6zle\u015fmesini imzalay\u0131p yolumuza devam edece\u011fiz.\u201d ifadelerini kulland\u0131.<\/p>\n<p style=\"color: #0a0a0a;\"><strong>Enerji kaynak \u00e7e\u015fitlili\u011fini \u00e7\u00f6zmemiz gerekiyor<\/strong><\/p>\n<p style=\"color: #0a0a0a;\">Do\u011falgazda son durum ve Rusya ile ya\u015fanan sorunlara de\u011finen Albayrak \u015fu ifadeleri kulland\u0131:<\/p>\n<p style=\"color: #0a0a0a;\">\u201cBiz g\u00fcvenli bir partner olarak \u00f6demelerimizi zaman\u0131nda yaparak y\u00fck\u00fcml\u00fcl\u00fcklerimizi yerine getiriyoruz. Arada ufak tefek teknik sorunlar ya\u015fansa da k\u0131\u015f aylar\u0131nda bir problem ya\u015famad\u0131k. Enerji arz g\u00fcvenli\u011fi, kaynak \u00e7e\u015fitlili\u011fi T\u00fcrkiye\u2019nin \u00e7\u00f6zmesi gereken konular. \u00c7e\u015fitli ad\u0131mlar at\u0131yoruz. B\u00f6lgemizde yo\u011fun bir gaz potansiyeli var. Bunun olu\u015fturdu\u011fu alt yap\u0131, nakil yollar\u0131 a\u00e7\u0131s\u0131ndan T\u00fcrkiye \u00f6zellikli konumda. B\u00f6lgede \u00e7ok say\u0131da gaz oyuncusuna dayal\u0131 bir s\u00fcre\u00e7 var. T\u00fcrkiye b\u00f6lgedeki en g\u00fcvenilir partnerlerden bir tanesi. \u00d6yle bir vizyon planlamal\u0131s\u0131n\u0131z ki bir bakars\u0131n\u0131z T\u00fcrkiye 10 sene sonra enerji ithal eden de\u011fil, ihra\u00e7 eden, gaz ihra\u00e7 eden bir \u00fclke konumuna gelmi\u015f olsun.\u201d<\/p>\n<p style=\"color: #0a0a0a;\"><a style=\"color: #1e73be;\" href=\"http:\/\/www.milliyet.com.tr\/total-iyi-gosterge\/siyaset\/ydetay\/2230912\/default.htm\" target=\"_blank\" rel=\"nofollow\">R\u00f6portaj\u0131n Tamam\u0131n\u0131 Okumak \u0130\u00e7in T\u0131klay\u0131n&gt;&gt;&gt;<\/a><\/p>\n<p style=\"color: #0a0a0a;\">Kaynak: Milliyet<\/p>\n<p><\/p>","protected":false},"excerpt":{"rendered":"<p>Sorry, this entry is only available in Turkish. For the sake of viewer convenience, the content is shown below in the alternative language. You may click the link to switch the active language. Enerji ve Tabii Kaynaklar Bakan\u0131 Berat Albayrak, Milliyet gazetesinden Serpil \u00c7evikcan ile bir s\u00f6yleyi\u015fi ger\u00e7ekle\u015ftirdi. Rusya ile enerji ili\u015fkilerine de de\u011finen Albayrak, [&hellip;]<\/p>\n","protected":false},"author":1,"featured_media":52272,"comment_status":"open","ping_status":"open","sticky":false,"template":"","format":"standard","meta":[],"categories":[53,43],"tags":[27051,92,63,67,1009,2698,165,71,21,25480,23614,2973,5217,29276],"views":901,"_links":{"self":[{"href":"https:\/\/www.enerjigazetesi.ist\/en\/wp-json\/wp\/v2\/posts\/52271"}],"collection":[{"href":"https:\/\/www.enerjigazetesi.ist\/en\/wp-json\/wp\/v2\/posts"}],"about":[{"href":"https:\/\/www.enerjigazetesi.ist\/en\/wp-json\/wp\/v2\/types\/post"}],"author":[{"embeddable":true,"href":"https:\/\/www.enerjigazetesi.ist\/en\/wp-json\/wp\/v2\/users\/1"}],"replies":[{"embeddable":true,"href":"https:\/\/www.enerjigazetesi.ist\/en\/wp-json\/wp\/v2\/comments?post=52271"}],"version-history":[{"count":1,"href":"https:\/\/www.enerjigazetesi.ist\/en\/wp-json\/wp\/v2\/posts\/52271\/revisions"}],"predecessor-version":[{"id":52273,"href":"https:\/\/www.enerjigazetesi.ist\/en\/wp-json\/wp\/v2\/posts\/52271\/revisions\/52273"}],"wp:featuredmedia":[{"embeddable":true,"href":"https:\/\/www.enerjigazetesi.ist\/en\/wp-json\/wp\/v2\/media\/52272"}],"wp:attachment":[{"href":"https:\/\/www.enerjigazetesi.ist\/en\/wp-json\/wp\/v2\/media?parent=52271"}],"wp:term":[{"taxonomy":"category","embeddable":true,"href":"https:\/\/www.enerjigazetesi.ist\/en\/wp-json\/wp\/v2\/categories?post=52271"},{"taxonomy":"post_tag","embeddable":true,"href":"https:\/\/www.enerjigazetesi.ist\/en\/wp-json\/wp\/v2\/tags?post=52271"}],"curies":[{"name":"wp","href":"https:\/\/api.w.org\/{rel}","templated":true}]}}