{"id":52267,"date":"2016-04-23T13:02:12","date_gmt":"2016-04-23T10:02:12","guid":{"rendered":"https:\/\/www.enerjigazetesi.ist\/?p=52267"},"modified":"2016-04-23T13:02:12","modified_gmt":"2016-04-23T10:02:12","slug":"elektrik-piyasasi-kanununda-tum-maliyetler-acik-sekilde-duzenlendi","status":"publish","type":"post","link":"https:\/\/www.enerjigazetesi.ist\/en\/elektrik-piyasasi-kanununda-tum-maliyetler-acik-sekilde-duzenlendi\/","title":{"rendered":"(Turkish) Elektrik Piyasas\u0131 Kanunu\u2019nda T\u00fcm Maliyetler A\u00e7\u0131k \u015eekilde D\u00fczenlendi!"},"content":{"rendered":"<p class=\"qtranxs-available-languages-message qtranxs-available-languages-message-en\">Sorry, this entry is only available in <a href=\"https:\/\/www.enerjigazetesi.ist\/tr\/wp-json\/wp\/v2\/posts\/52267\" class=\"qtranxs-available-language-link qtranxs-available-language-link-tr\" title=\"Turkish\">Turkish<\/a>. For the sake of viewer convenience, the content is shown below in the alternative language. You may click the link to switch the active language.<\/p><p><\/p>\n<p style=\"color: #0a0a0a;\"><strong>Bakanlar Kurulu, ge\u00e7en d\u00f6nem kad\u00fck kalan Elektrik Piyasas\u0131 Kanunu ile Baz\u0131 Kanunlarda De\u011fi\u015fiklik Yap\u0131lmas\u0131na Dair Yasa Tasar\u0131s\u0131\u2019n\u0131 yeniledi.<\/strong><span id=\"more-79217\"><\/span><\/p>\n<p style=\"color: #0a0a0a;\">Ba\u015fbakan Ahmet Davuto\u011flu imzas\u0131yla TBMM Ba\u015fkanl\u0131\u011f\u0131na g\u00f6nderilen yaz\u0131da, ge\u00e7en yasama d\u00f6nemin<a href=\"https:\/\/www.enerjigazetesi.ist\/wp-content\/uploads\/2016\/04\/elektrik-piyasasi-kanununda-tum-maliyetler-acik-sekilde-duzenlendi.jpg\"><img loading=\"lazy\" class=\"alignright size-medium wp-image-52268\" src=\"https:\/\/www.enerjigazetesi.ist\/wp-content\/uploads\/2016\/04\/elektrik-piyasasi-kanununda-tum-maliyetler-acik-sekilde-duzenlendi-300x156.jpg\" alt=\"elektrik-piyasasi-kanununda-tum-maliyetler-acik-sekilde-duzenlendi\" width=\"300\" height=\"156\" srcset=\"https:\/\/www.enerjigazetesi.ist\/wp-content\/uploads\/2016\/04\/elektrik-piyasasi-kanununda-tum-maliyetler-acik-sekilde-duzenlendi-300x156.jpg 300w, https:\/\/www.enerjigazetesi.ist\/wp-content\/uploads\/2016\/04\/elektrik-piyasasi-kanununda-tum-maliyetler-acik-sekilde-duzenlendi-1024x534.jpg 1024w, https:\/\/www.enerjigazetesi.ist\/wp-content\/uploads\/2016\/04\/elektrik-piyasasi-kanununda-tum-maliyetler-acik-sekilde-duzenlendi-500x260.jpg 500w, https:\/\/www.enerjigazetesi.ist\/wp-content\/uploads\/2016\/04\/elektrik-piyasasi-kanununda-tum-maliyetler-acik-sekilde-duzenlendi-80x41.jpg 80w, https:\/\/www.enerjigazetesi.ist\/wp-content\/uploads\/2016\/04\/elektrik-piyasasi-kanununda-tum-maliyetler-acik-sekilde-duzenlendi.jpg 1068w\" sizes=\"(max-width: 300px) 100vw, 300px\" \/><\/a>de Meclise g\u00f6nderilen ve kad\u00fck kalan tasar\u0131n\u0131n yenilenmesinin Bakanlar Kurulunca uygun g\u00f6r\u00fcld\u00fc\u011f\u00fc kaydedildi.<\/p>\n<p style=\"color: #0a0a0a;\">15 maddelik tasar\u0131n\u0131n gerek\u00e7esinde, kurulma a\u015famas\u0131nda olan n\u00fckleer g\u00fc\u00e7 santralleriyle ilgili olarak uygulamada kar\u015f\u0131la\u015f\u0131lan sorunlara \u00e7\u00f6z\u00fcm sa\u011flamak amac\u0131yla ihtiya\u00e7 duyulan hususlar\u0131n yasalarda de\u011fi\u015fiklik yap\u0131lmak suretiyle d\u00fczenlendi\u011fi ifade edildi.<\/p>\n<p style=\"color: #0a0a0a;\">Gerek\u00e7ede, her t\u00fcrl\u00fc mal ve hizmette oldu\u011fu gibi elektrikte olu\u015fan t\u00fcm maliyetlerin t\u00fcketiciye yans\u0131t\u0131lmas\u0131 gereklili\u011fi kar\u015f\u0131s\u0131nda; maliyet kalemleri olarak kay\u0131p-ka\u00e7ak bedeli, saya\u00e7 okuma bedeli, perakende sat\u0131\u015f hizmet bedeli, iletim sistemi kullan\u0131m bedeli ve da\u011f\u0131t\u0131m bedeli tek tek say\u0131larak mevzuat gere\u011fi ve uygulamada t\u00fcketiciden al\u0131nan bedellere ili\u015fkin eklenen h\u00fck\u00fcmler ile konunun hi\u00e7bir teredd\u00fcte mahal vermeyecek \u015fekilde d\u00fczenlenmesinin ama\u00e7land\u0131\u011f\u0131 belirtildi.<\/p>\n<p style=\"color: #0a0a0a;\">Kaynak: Enerji Enstit\u00fcs\u00fc<\/p>\n<p><\/p>","protected":false},"excerpt":{"rendered":"<p>Sorry, this entry is only available in Turkish. For the sake of viewer convenience, the content is shown below in the alternative language. You may click the link to switch the active language. Bakanlar Kurulu, ge\u00e7en d\u00f6nem kad\u00fck kalan Elektrik Piyasas\u0131 Kanunu ile Baz\u0131 Kanunlarda De\u011fi\u015fiklik Yap\u0131lmas\u0131na Dair Yasa Tasar\u0131s\u0131\u2019n\u0131 yeniledi. Ba\u015fbakan Ahmet Davuto\u011flu imzas\u0131yla [&hellip;]<\/p>\n","protected":false},"author":1,"featured_media":52268,"comment_status":"open","ping_status":"open","sticky":false,"template":"","format":"standard","meta":[],"categories":[51,53],"tags":[1687,15745,17423,1588,63,67,1009,2698,165,29275,498,26394,16652,2805],"views":738,"_links":{"self":[{"href":"https:\/\/www.enerjigazetesi.ist\/en\/wp-json\/wp\/v2\/posts\/52267"}],"collection":[{"href":"https:\/\/www.enerjigazetesi.ist\/en\/wp-json\/wp\/v2\/posts"}],"about":[{"href":"https:\/\/www.enerjigazetesi.ist\/en\/wp-json\/wp\/v2\/types\/post"}],"author":[{"embeddable":true,"href":"https:\/\/www.enerjigazetesi.ist\/en\/wp-json\/wp\/v2\/users\/1"}],"replies":[{"embeddable":true,"href":"https:\/\/www.enerjigazetesi.ist\/en\/wp-json\/wp\/v2\/comments?post=52267"}],"version-history":[{"count":1,"href":"https:\/\/www.enerjigazetesi.ist\/en\/wp-json\/wp\/v2\/posts\/52267\/revisions"}],"predecessor-version":[{"id":52269,"href":"https:\/\/www.enerjigazetesi.ist\/en\/wp-json\/wp\/v2\/posts\/52267\/revisions\/52269"}],"wp:featuredmedia":[{"embeddable":true,"href":"https:\/\/www.enerjigazetesi.ist\/en\/wp-json\/wp\/v2\/media\/52268"}],"wp:attachment":[{"href":"https:\/\/www.enerjigazetesi.ist\/en\/wp-json\/wp\/v2\/media?parent=52267"}],"wp:term":[{"taxonomy":"category","embeddable":true,"href":"https:\/\/www.enerjigazetesi.ist\/en\/wp-json\/wp\/v2\/categories?post=52267"},{"taxonomy":"post_tag","embeddable":true,"href":"https:\/\/www.enerjigazetesi.ist\/en\/wp-json\/wp\/v2\/tags?post=52267"}],"curies":[{"name":"wp","href":"https:\/\/api.w.org\/{rel}","templated":true}]}}