{"id":52264,"date":"2016-04-23T12:55:55","date_gmt":"2016-04-23T09:55:55","guid":{"rendered":"https:\/\/www.enerjigazetesi.ist\/?p=52264"},"modified":"2016-04-23T12:55:55","modified_gmt":"2016-04-23T09:55:55","slug":"yenilenebilir-enerji-kaynaklarini-destekleme-mekanizmasi-degisiyor","status":"publish","type":"post","link":"https:\/\/www.enerjigazetesi.ist\/en\/yenilenebilir-enerji-kaynaklarini-destekleme-mekanizmasi-degisiyor\/","title":{"rendered":"(Turkish) Yenilenebilir Enerji Kaynaklar\u0131n\u0131 Destekleme Mekanizmas\u0131 De\u011fi\u015fiyor&#8230;"},"content":{"rendered":"<p class=\"qtranxs-available-languages-message qtranxs-available-languages-message-en\">Sorry, this entry is only available in <a href=\"https:\/\/www.enerjigazetesi.ist\/tr\/wp-json\/wp\/v2\/posts\/52264\" class=\"qtranxs-available-language-link qtranxs-available-language-link-tr\" title=\"Turkish\">Turkish<\/a>. For the sake of viewer convenience, the content is shown below in the alternative language. You may click the link to switch the active language.<\/p><p><\/p>\n<div class=\"vc_row wpb_row td-pb-row\">\n<div class=\"wpb_column vc_column_container td-pb-span12\">\n<div class=\"wpb_wrapper\">\n<div class=\"wpb_text_column wpb_content_element \" style=\"color: #222222;\">\n<div class=\"wpb_wrapper\">\n<p style=\"color: #0a0a0a;\"><strong>Yenilenebilir Enerji Kaynaklar\u0131n\u0131 Destekleme Mekanizmas\u0131 (YEKDEM) mevzuat\u0131 de\u011fi\u015fiyor. EPDK taraf\u0131ndan hayata ge\u00e7irilmesi\u00a0d\u00fc\u015f\u00fcn\u00fclen yeni d\u00fczenlemeler ile ilgili taslak metin yay\u0131nland\u0131.<\/strong><\/p>\n<\/div>\n<\/div>\n<\/div>\n<\/div>\n<\/div>\n<div class=\"vc_row wpb_row td-pb-row\">\n<div class=\"wpb_column vc_column_container td-pb-span12\">\n<div class=\"wpb_wrapper\">\n<div class=\"wpb_text_column wpb_content_element \" style=\"color: #222222;\">\n<div class=\"wpb_wrapper\">\n<p style=\"color: #0a0a0a;\">Son y\u0131llarda yenilenebilir enerji kaynaklar\u0131na yap\u0131lan y\u00fckl\u00fc yat\u0131r\u0131mlar neticesinde elektrik piyasas\u0131 \u00fczerinde bu kaynaklara verilen te\u015fvik garantisi nedeniyle ciddi bir maliyet y\u00fck\u00fc olu\u015ftu. Ayn\u0131 zamanda, elektrik yat\u0131r\u0131mlar\u0131n\u0131n elektrik talebini h\u0131zla ge\u00e7mesiyle arz fazlas\u0131 olu\u015farak, serbest piyasada olu\u015fan elektrik fiyat\u0131\u00a0PTF\u00a0(Piyasa Takas Fiyat\u0131) de\u011fer kaybetti ve\u00a0do\u011fal gaz ile \u00fcretim yapan baz y\u00fck santrallerini kredileri geri \u00f6deme noktas\u0131nda finansal olarak s\u0131k\u0131nt\u0131ya soktu.<\/p>\n<p style=\"color: #0a0a0a;\">Bu durum enerji y\u00f6netimini devreye soktu ve yap\u0131lan yeni d\u00fczenleme ile birlikte YEKDEM \u00fczerinde acil d\u00fczenleme yapma ihtiyac\u0131 has\u0131l oldu. Buna g\u00f6re,\u00a0YEKDEM\u00a0kapsam\u0131nda \u00fcretim yapan santrallerin, elektrikte referans\u00a0fiyat\u0131n\u0131n olu\u015ftu\u011fu G\u00fcn \u00d6ncesi Piyasas\u0131 yerine tezgah \u00fcst\u00fc veya ikili anla\u015fmalar yoluyla sat\u0131\u015f yapmas\u0131\u00a0hedefleniyor.<\/p>\n<p style=\"color: #0a0a0a;\">Bu \u015fekilde g\u00fcn \u00f6ncesi piyasas\u0131nda arz y\u00fck\u00fcn\u00fcn azalt\u0131larak elektrik fiyatlar\u0131na tekrar de\u011fer kazand\u0131r\u0131lmas\u0131 ile yekdem\u2019in piyasa \u00fczerindeki y\u00fck\u00fcn\u00fcn k\u0131smen azalt\u0131lmas\u0131 ve do\u011fal gaz santrallerinin girdi\u011fi finansal krizden kurtar\u0131lmas\u0131 planlan\u0131yor. YEKDEM santrallerinin alaca\u011f\u0131 te\u015fvik\u00a0fiyat\u0131nda\u00a0bir de\u011fi\u015fme olmayaca\u011f\u0131 kaydedildi.<\/p>\n<p style=\"color: #0a0a0a;\">Ayl\u0131k bazla yenilenebilir enerji \u00fcretimi ile elektrik fiyat\u0131 aras\u0131ndaki ili\u015fkiyi a\u015fa\u011f\u0131daki grafikten inceleyebilirsiniz.<\/p>\n<\/div>\n<\/div>\n<div class=\"wpb_single_image wpb_content_element vc_align_center\">\n<div class=\"wpb_wrapper\">\n<div class=\"vc_single_image-wrapper   vc_box_border_grey\"><img loading=\"lazy\" class=\"vc_single_image-img attachment-full td-animation-stack-type0-2 aligncenter\" src=\"http:\/\/statik3.enerjienstitusu.com\/wp-content\/uploads\/yekdem-elektrik-pmum-fiyati-ptf-yenilenebilir-enerji-uretimi-2016.png\" alt=\"yekdem elektrik pmum fiyati ptf yenilenebilir enerji uretimi 2016\" width=\"424\" height=\"200\" \/><\/div>\n<div class=\"vc_single_image-wrapper   vc_box_border_grey\">Kaynak: Enerji Enstit\u00fcs\u00fc<\/div>\n<\/div>\n<\/div>\n<\/div>\n<\/div>\n<\/div>\n<p><\/p>","protected":false},"excerpt":{"rendered":"<p>Sorry, this entry is only available in Turkish. For the sake of viewer convenience, the content is shown below in the alternative language. You may click the link to switch the active language. Yenilenebilir Enerji Kaynaklar\u0131n\u0131 Destekleme Mekanizmas\u0131 (YEKDEM) mevzuat\u0131 de\u011fi\u015fiyor. EPDK taraf\u0131ndan hayata ge\u00e7irilmesi\u00a0d\u00fc\u015f\u00fcn\u00fclen yeni d\u00fczenlemeler ile ilgili taslak metin yay\u0131nland\u0131. Son y\u0131llarda yenilenebilir [&hellip;]<\/p>\n","protected":false},"author":1,"featured_media":52265,"comment_status":"open","ping_status":"open","sticky":false,"template":"","format":"standard","meta":[],"categories":[53],"tags":[63,67,1009,2698,165,8275,29273,29274,11273],"views":1653,"_links":{"self":[{"href":"https:\/\/www.enerjigazetesi.ist\/en\/wp-json\/wp\/v2\/posts\/52264"}],"collection":[{"href":"https:\/\/www.enerjigazetesi.ist\/en\/wp-json\/wp\/v2\/posts"}],"about":[{"href":"https:\/\/www.enerjigazetesi.ist\/en\/wp-json\/wp\/v2\/types\/post"}],"author":[{"embeddable":true,"href":"https:\/\/www.enerjigazetesi.ist\/en\/wp-json\/wp\/v2\/users\/1"}],"replies":[{"embeddable":true,"href":"https:\/\/www.enerjigazetesi.ist\/en\/wp-json\/wp\/v2\/comments?post=52264"}],"version-history":[{"count":1,"href":"https:\/\/www.enerjigazetesi.ist\/en\/wp-json\/wp\/v2\/posts\/52264\/revisions"}],"predecessor-version":[{"id":52266,"href":"https:\/\/www.enerjigazetesi.ist\/en\/wp-json\/wp\/v2\/posts\/52264\/revisions\/52266"}],"wp:featuredmedia":[{"embeddable":true,"href":"https:\/\/www.enerjigazetesi.ist\/en\/wp-json\/wp\/v2\/media\/52265"}],"wp:attachment":[{"href":"https:\/\/www.enerjigazetesi.ist\/en\/wp-json\/wp\/v2\/media?parent=52264"}],"wp:term":[{"taxonomy":"category","embeddable":true,"href":"https:\/\/www.enerjigazetesi.ist\/en\/wp-json\/wp\/v2\/categories?post=52264"},{"taxonomy":"post_tag","embeddable":true,"href":"https:\/\/www.enerjigazetesi.ist\/en\/wp-json\/wp\/v2\/tags?post=52264"}],"curies":[{"name":"wp","href":"https:\/\/api.w.org\/{rel}","templated":true}]}}