{"id":52231,"date":"2016-04-22T11:55:15","date_gmt":"2016-04-22T08:55:15","guid":{"rendered":"https:\/\/www.enerjigazetesi.ist\/?p=52231"},"modified":"2016-04-22T11:55:15","modified_gmt":"2016-04-22T08:55:15","slug":"turkiyede-en-sicak-jeotermal-suyun-bulundugu-alasehire-ab-destegi","status":"publish","type":"post","link":"https:\/\/www.enerjigazetesi.ist\/en\/turkiyede-en-sicak-jeotermal-suyun-bulundugu-alasehire-ab-destegi\/","title":{"rendered":"(Turkish) T\u00fcrkiye\u2019de En S\u0131cak Jeotermal Suyun Bulundu\u011fu Ala\u015fehir\u2019e AB Deste\u011fi!"},"content":{"rendered":"<p class=\"qtranxs-available-languages-message qtranxs-available-languages-message-en\">Sorry, this entry is only available in <a href=\"https:\/\/www.enerjigazetesi.ist\/tr\/wp-json\/wp\/v2\/posts\/52231\" class=\"qtranxs-available-language-link qtranxs-available-language-link-tr\" title=\"Turkish\">Turkish<\/a>. For the sake of viewer convenience, the content is shown below in the alternative language. You may click the link to switch the active language.<\/p><p><\/p>\n<p style=\"color: #0a0a0a;\"><strong>Manisa\u2019n\u0131n Ala\u015fehir \u0130l\u00e7esi\u2019nde Ala\u015fehir Belediyesi, Ticaret Borsas\u0131, Ziraat Odas\u0131, Almanya\u2019dan BUV kurulu\u015fu ve Kollektif Bilin\u00e7 Derne\u011fi\u2019nin i\u015fbirli\u011finde haz\u0131rlanan Ala\u015fehir\u2019de Jeotermal Enerji Projesi, AB\u2019den 150 bin Euro hibe deste\u011fi almaya hak kazand\u0131.<\/strong><span id=\"more-79221\"><\/span><\/p>\n<p style=\"color: #0a0a0a;\">Ala\u015fehir\u2019de Jeotermal Enerji Projesi ile AB ve T\u00fcrkiye Aras\u0131nda Sivil Toplum Diyalogu \u2013 IV, Enerji Hibe Program\u0131 kapsam\u0131nda 150 bin Euro hibe deste\u011fi a<a href=\"https:\/\/www.enerjigazetesi.ist\/wp-content\/uploads\/2016\/04\/turkiyede-en-sicak-jeotermal-suyun-bulundugu-alasehire-ab-destegi.jpg\"><img loading=\"lazy\" class=\"alignleft size-medium wp-image-52232\" src=\"https:\/\/www.enerjigazetesi.ist\/wp-content\/uploads\/2016\/04\/turkiyede-en-sicak-jeotermal-suyun-bulundugu-alasehire-ab-destegi-300x169.jpg\" alt=\"turkiyede-en-sicak-jeotermal-suyun-bulundugu-alasehire-ab-destegi\" width=\"300\" height=\"169\" srcset=\"https:\/\/www.enerjigazetesi.ist\/wp-content\/uploads\/2016\/04\/turkiyede-en-sicak-jeotermal-suyun-bulundugu-alasehire-ab-destegi-300x169.jpg 300w, https:\/\/www.enerjigazetesi.ist\/wp-content\/uploads\/2016\/04\/turkiyede-en-sicak-jeotermal-suyun-bulundugu-alasehire-ab-destegi-1024x577.jpg 1024w, https:\/\/www.enerjigazetesi.ist\/wp-content\/uploads\/2016\/04\/turkiyede-en-sicak-jeotermal-suyun-bulundugu-alasehire-ab-destegi-500x281.jpg 500w, https:\/\/www.enerjigazetesi.ist\/wp-content\/uploads\/2016\/04\/turkiyede-en-sicak-jeotermal-suyun-bulundugu-alasehire-ab-destegi-80x45.jpg 80w, https:\/\/www.enerjigazetesi.ist\/wp-content\/uploads\/2016\/04\/turkiyede-en-sicak-jeotermal-suyun-bulundugu-alasehire-ab-destegi.jpg 1068w\" sizes=\"(max-width: 300px) 100vw, 300px\" \/><\/a>lmaya hak kazand\u0131klar\u0131n\u0131 a\u00e7\u0131klayan Ala\u015fehir Belediye Ba\u015fkan\u0131 Dan\u0131\u015fman\u0131 Sami \u00c7eltiko\u011flu, T\u00fcrkiye\u2019nin de dahil oldu\u011fu 21 farkl\u0131 \u00fclkeden 200\u2019\u00fcn \u00fczerinde kurulu\u015fun biraraya geldi\u011fini s\u00f6yleyerek \u201c80 diyalog projesi hayata ge\u00e7iriliyor. Onlardan birisi de Ala\u015fehir Jeotermal Enerji Projesi. Ala\u015fehir\u2019de 287 santigrat derecelik s\u0131cak su kayna\u011f\u0131 ile T\u00fcrkiye\u2019de birinci, d\u00fcnyada \u00fc\u00e7\u00fcnc\u00fc s\u0131raday\u0131z. D\u00fcnyan\u0131n en kaliteli \u00fcz\u00fcm\u00fc olan sultaniye \u00fcz\u00fcmlerimizin yan\u0131s\u0131ra s\u0131cak su kayna\u011f\u0131m\u0131zla d\u00fcnyadaki tan\u0131n\u0131rl\u0131\u011f\u0131m\u0131z\u0131 artt\u0131rd\u0131k. S\u0131cak su kayna\u011f\u0131 ile sera, \u015fehir \u0131s\u0131tmas\u0131, termal otel gibi yat\u0131r\u0131mlara da f\u0131rsat yarat\u0131lacak\u201d diye konu\u015ftu. Ala\u015fehir\u2019in 9 jeotermal enerji firmas\u0131n\u0131n yat\u0131r\u0131m alan\u0131 haline geldi\u011fini belirten \u00c7eltiko\u011flu, hibenin en iyi \u015fekilde de\u011ferlendirilece\u011fini vurgulad\u0131.<\/p>\n<p style=\"color: #0a0a0a;\">Ala\u015fehir Ziraat Odas\u0131 Ba\u015fkan\u0131 Necdet T\u00fcrk, jeotermal \u00e7al\u0131\u015fmalar\u0131 s\u0131ras\u0131nda kullan\u0131lan kimyasallar\u0131n derelere b\u0131rak\u0131ld\u0131\u011f\u0131n\u0131 ifade etti. Bu at\u0131klar\u0131n sudaki bor oran\u0131n\u0131 artt\u0131rd\u0131\u011f\u0131na dikkat \u00e7eken T\u00fcrk, \u201cY\u00fczde 98\u2019i tar\u0131mla u\u011fra\u015fan \u00fcreticilerimizin ma\u011fdur edilmeyece\u011fi \u00e7\u00f6z\u00fcmler \u00fcretilmelidir. Biz projeyi destekliyoruz ancak \u00e7evreye zarar verilmemek \u015fart\u0131yla\u201d dedi. Ticaret Borsas\u0131 Meclis Ba\u015fkan\u0131 Y\u0131lmaz Y\u0131ld\u0131r\u0131m, 300 milyon dolarl\u0131k ihracat\u0131n kal\u0131nt\u0131 nedeniyle durma noktas\u0131na geldi\u011fini s\u00f6yleyerek \u201cYer alt\u0131 sular\u0131 \u00e7\u0131kar\u0131ld\u0131klar\u0131 derinliklere geri g\u00f6nderimelidir. \u00dcretilen enerjinin bize katk\u0131s\u0131 olmal\u0131d\u0131r. Ucuz elektrik, serada bedava elektrik gibi art\u0131lar\u0131m\u0131z\u0131n olmas\u0131 gerekir. Ala\u015fehirliler olarak bunlar\u0131n takip\u00e7isi olmal\u0131y\u0131z\u201d diye konu\u015ftu.<\/p>\n<p style=\"color: #0a0a0a;\">Projeden \u00fcreticilerin sera, enerji, \u0131s\u0131tma alan\u0131nda yararlanabilece\u011fini kaydeden G\u0131da Tar\u0131m ve Hayvanc\u0131l\u0131k Bakanl\u0131\u011f\u0131 Uzman\u0131 Dr. Timur G\u00fcc\u00fck ise, b\u00f6lge \u00e7ift\u00e7isine katma de\u011fer sa\u011flanaca\u011f\u0131n\u0131 dile getirdi. Sezonluk \u00fcz\u00fcm \u00fcretiminin 12 aya yay\u0131labilece\u011fini anlatan G\u00fcc\u00fck, \u201cEnerji kullan\u0131m\u0131yla serac\u0131l\u0131kta sadece sebze de\u011fil, \u00fcz\u00fcm, kiraz gibi 12 ay \u00fcretilebilen meyveler de geli\u015febilecektir\u201d dedi.<\/p>\n<p style=\"color: #0a0a0a;\">Yenilenebilir Enerji Bilgi Merkezi kurulmas\u0131 planlanan proje 12 ay s\u00fcrecek. Proje sonunda; AB ve T\u00fcrkiye jeotermal enerji sekt\u00f6r\u00fc ilgili payda\u015flar\u0131 aras\u0131nda s\u00fcrd\u00fcr\u00fclebilir i\u015fbirli\u011fi ortam\u0131n\u0131n olu\u015fturulmas\u0131, jeotermal enerji kaynaklar\u0131n\u0131n tar\u0131m ve \u00e7evre hassasiyetinin en \u00fcst d\u00fczeyde ele al\u0131narak, etkin ve verimli kullan\u0131m\u0131n\u0131n sa\u011flanmas\u0131na y\u00f6nelik planlamalar sunmas\u0131, Ala\u015fehir Jeotermal Vizyonunun olu\u015fturulmas\u0131, jeotermal enerji ve yenilenebilir enerji kaynaklar\u0131 hakk\u0131nda toplumsal d\u00fczeyde, bilim temelli fark\u0131ndal\u0131\u011f\u0131n artt\u0131r\u0131lmas\u0131 hedefleniyor. Program, T\u00fcrkiye ve Avrupa Birli\u011fi \u00fcyesi \u00fclkelerden sivil toplum kurulu\u015flar\u0131n\u0131n, ortak bir konu etraf\u0131nda bir araya gelerek, toplumlar\u0131n birbirini tan\u0131malar\u0131, kar\u015f\u0131l\u0131kl\u0131 bilgi al\u0131\u015fveri\u015fi ve kal\u0131c\u0131 diyalog kurmalar\u0131n\u0131 sa\u011flayan bir platform olarak geli\u015ftirildi. Program\u0131n teknik uygulamas\u0131ndan Avrupa Birli\u011fi Bakanl\u0131\u011f\u0131\u2019n\u0131n sorumlu oldu\u011fu bildirildi.<\/p>\n<p style=\"color: #0a0a0a;\">Kaynak: Enerji Enstit\u00fcs\u00fc<\/p>\n<p><\/p>","protected":false},"excerpt":{"rendered":"<p>Sorry, this entry is only available in Turkish. For the sake of viewer convenience, the content is shown below in the alternative language. You may click the link to switch the active language. Manisa\u2019n\u0131n Ala\u015fehir \u0130l\u00e7esi\u2019nde Ala\u015fehir Belediyesi, Ticaret Borsas\u0131, Ziraat Odas\u0131, Almanya\u2019dan BUV kurulu\u015fu ve Kollektif Bilin\u00e7 Derne\u011fi\u2019nin i\u015fbirli\u011finde haz\u0131rlanan Ala\u015fehir\u2019de Jeotermal Enerji Projesi, [&hellip;]<\/p>\n","protected":false},"author":1,"featured_media":52232,"comment_status":"open","ping_status":"open","sticky":false,"template":"","format":"standard","meta":[],"categories":[53,48],"tags":[15120,25670,63,67,1009,29261,2698,165,58,56,23226,22984,23225,29262,26784,29263],"views":1628,"_links":{"self":[{"href":"https:\/\/www.enerjigazetesi.ist\/en\/wp-json\/wp\/v2\/posts\/52231"}],"collection":[{"href":"https:\/\/www.enerjigazetesi.ist\/en\/wp-json\/wp\/v2\/posts"}],"about":[{"href":"https:\/\/www.enerjigazetesi.ist\/en\/wp-json\/wp\/v2\/types\/post"}],"author":[{"embeddable":true,"href":"https:\/\/www.enerjigazetesi.ist\/en\/wp-json\/wp\/v2\/users\/1"}],"replies":[{"embeddable":true,"href":"https:\/\/www.enerjigazetesi.ist\/en\/wp-json\/wp\/v2\/comments?post=52231"}],"version-history":[{"count":1,"href":"https:\/\/www.enerjigazetesi.ist\/en\/wp-json\/wp\/v2\/posts\/52231\/revisions"}],"predecessor-version":[{"id":52233,"href":"https:\/\/www.enerjigazetesi.ist\/en\/wp-json\/wp\/v2\/posts\/52231\/revisions\/52233"}],"wp:featuredmedia":[{"embeddable":true,"href":"https:\/\/www.enerjigazetesi.ist\/en\/wp-json\/wp\/v2\/media\/52232"}],"wp:attachment":[{"href":"https:\/\/www.enerjigazetesi.ist\/en\/wp-json\/wp\/v2\/media?parent=52231"}],"wp:term":[{"taxonomy":"category","embeddable":true,"href":"https:\/\/www.enerjigazetesi.ist\/en\/wp-json\/wp\/v2\/categories?post=52231"},{"taxonomy":"post_tag","embeddable":true,"href":"https:\/\/www.enerjigazetesi.ist\/en\/wp-json\/wp\/v2\/tags?post=52231"}],"curies":[{"name":"wp","href":"https:\/\/api.w.org\/{rel}","templated":true}]}}