{"id":52214,"date":"2016-04-22T00:00:25","date_gmt":"2016-04-21T21:00:25","guid":{"rendered":"https:\/\/www.enerjigazetesi.ist\/?p=52214"},"modified":"2016-04-22T00:00:25","modified_gmt":"2016-04-21T21:00:25","slug":"yenilenebilir-enerjide-hedef-2050-yilina-kadar-900-milyar-dolarlik-yatirim","status":"publish","type":"post","link":"https:\/\/www.enerjigazetesi.ist\/en\/yenilenebilir-enerjide-hedef-2050-yilina-kadar-900-milyar-dolarlik-yatirim\/","title":{"rendered":"(Turkish) Yenilenebilir Enerjide Hedef 2050 Y\u0131l\u0131na Kadar 900 Milyar Dolarl\u0131k Yat\u0131r\u0131m&#8230;"},"content":{"rendered":"<p class=\"qtranxs-available-languages-message qtranxs-available-languages-message-en\">Sorry, this entry is only available in <a href=\"https:\/\/www.enerjigazetesi.ist\/tr\/wp-json\/wp\/v2\/posts\/52214\" class=\"qtranxs-available-language-link qtranxs-available-language-link-tr\" title=\"Turkish\">Turkish<\/a>. For the sake of viewer convenience, the content is shown below in the alternative language. You may click the link to switch the active language.<\/p><p><\/p>\n<p style=\"color: #0a0a0a;\"><strong>D\u00fcnya genelinde yenilenebilir enerji yat\u0131r\u0131mlar\u0131n\u0131n 2050 y\u0131l\u0131nda toplam 900 milyar dolara ula\u015fmas\u0131 gerekti\u011fi belirtildi.<\/strong><span id=\"more-79210\"><\/span><\/p>\n<p style=\"color: #0a0a0a;\">Uluslararas\u0131 Yenilenebilir Enerji Ajans\u0131 (IRENA) Genel Direkt\u00f6r\u00fc Adnan Amin, New York\u2019taki Columbia \u00dcniversitesinde d\u00fczenlenen \u201c\u0130klim De\u011fi\u015fik<a href=\"https:\/\/www.enerjigazetesi.ist\/wp-content\/uploads\/2016\/04\/yenilenebilir-enerjide-hedef-2050-yilina-kadar-900-milyar-dolarlik-yatirim.jpg\"><img loading=\"lazy\" class=\"alignleft size-medium wp-image-52215\" src=\"https:\/\/www.enerjigazetesi.ist\/wp-content\/uploads\/2016\/04\/yenilenebilir-enerjide-hedef-2050-yilina-kadar-900-milyar-dolarlik-yatirim-300x160.jpg\" alt=\"yenilenebilir-enerjide-hedef-2050-yilina-kadar-900-milyar-dolarlik-yatirim\" width=\"300\" height=\"160\" srcset=\"https:\/\/www.enerjigazetesi.ist\/wp-content\/uploads\/2016\/04\/yenilenebilir-enerjide-hedef-2050-yilina-kadar-900-milyar-dolarlik-yatirim-300x160.jpg 300w, https:\/\/www.enerjigazetesi.ist\/wp-content\/uploads\/2016\/04\/yenilenebilir-enerjide-hedef-2050-yilina-kadar-900-milyar-dolarlik-yatirim-1024x547.jpg 1024w, https:\/\/www.enerjigazetesi.ist\/wp-content\/uploads\/2016\/04\/yenilenebilir-enerjide-hedef-2050-yilina-kadar-900-milyar-dolarlik-yatirim-500x267.jpg 500w, https:\/\/www.enerjigazetesi.ist\/wp-content\/uploads\/2016\/04\/yenilenebilir-enerjide-hedef-2050-yilina-kadar-900-milyar-dolarlik-yatirim-80x42.jpg 80w, https:\/\/www.enerjigazetesi.ist\/wp-content\/uploads\/2016\/04\/yenilenebilir-enerjide-hedef-2050-yilina-kadar-900-milyar-dolarlik-yatirim.jpg 1068w\" sizes=\"(max-width: 300px) 100vw, 300px\" \/><\/a>li\u011fi ve Paris Anla\u015fmas\u0131 \u00dczerine K\u00fcresel Sesler\u201d adl\u0131 panelin ard\u0131ndan, yenilenebilir enerji sekt\u00f6r\u00fcn\u00fcndeki yat\u0131r\u0131mlar\u0131 ve kar\u015f\u0131la\u015f\u0131lan sorunlar\u0131 de\u011ferlendirdi.<\/p>\n<p style=\"color: #0a0a0a;\">Amin, ge\u00e7en y\u0131l yenilenebilir enerjiye d\u00fcnya genelinde toplam 300 milyar dolar yat\u0131r\u0131m yap\u0131ld\u0131\u011f\u0131n\u0131 kaydederek, \u201c2015\u2019te yenilenebilir kaynaklar\u0131n k\u00fcresel enerjideki pay\u0131, bir \u00f6nceki seneye g\u00f6re y\u00fczde 8 artarak hidrokarbon ve n\u00fckleer enerjinin toplam pay\u0131ndaki art\u0131\u015f\u0131 geride b\u0131rakt\u0131.\u201d diye konu\u015ftu.<\/p>\n<p style=\"color: #0a0a0a;\">\u015eu anda yenilenebilir enerjinin toplam kaynaklar i\u00e7indeki pay\u0131n\u0131n y\u00fczde 19 oldu\u011funu belirten Amin, bunun 2030\u2019da y\u00fczde 36\u2019ya ula\u015fmas\u0131n\u0131n beklendi\u011fini dile getirerek, gelecek 10 senede sekt\u00f6rdeki toplam yat\u0131r\u0131m\u0131n 500 milyar dolara \u00e7\u0131kmas\u0131 gerekti\u011fini ifade etti.<\/p>\n<p style=\"color: #0a0a0a;\">Amin, yenilenebilir enerjideki b\u00fcy\u00fcmenin s\u00fcrd\u00fcr\u00fclebilmesi i\u00e7in de 2050\u2019de toplam yat\u0131r\u0131m\u0131n 900 milyar dolara ula\u015fmas\u0131 gerekti\u011fini vurgulad\u0131.<\/p>\n<p style=\"color: #0a0a0a;\">Kaynak: Enerji Enstit\u00fcs\u00fc<\/p>\n<p><\/p>","protected":false},"excerpt":{"rendered":"<p>Sorry, this entry is only available in Turkish. For the sake of viewer convenience, the content is shown below in the alternative language. You may click the link to switch the active language. D\u00fcnya genelinde yenilenebilir enerji yat\u0131r\u0131mlar\u0131n\u0131n 2050 y\u0131l\u0131nda toplam 900 milyar dolara ula\u015fmas\u0131 gerekti\u011fi belirtildi. Uluslararas\u0131 Yenilenebilir Enerji Ajans\u0131 (IRENA) Genel Direkt\u00f6r\u00fc Adnan [&hellip;]<\/p>\n","protected":false},"author":1,"featured_media":52215,"comment_status":"open","ping_status":"open","sticky":false,"template":"","format":"standard","meta":[],"categories":[53],"tags":[63,67,1009,2698,165,1999,3386,27427,3387,105,1245],"views":1161,"_links":{"self":[{"href":"https:\/\/www.enerjigazetesi.ist\/en\/wp-json\/wp\/v2\/posts\/52214"}],"collection":[{"href":"https:\/\/www.enerjigazetesi.ist\/en\/wp-json\/wp\/v2\/posts"}],"about":[{"href":"https:\/\/www.enerjigazetesi.ist\/en\/wp-json\/wp\/v2\/types\/post"}],"author":[{"embeddable":true,"href":"https:\/\/www.enerjigazetesi.ist\/en\/wp-json\/wp\/v2\/users\/1"}],"replies":[{"embeddable":true,"href":"https:\/\/www.enerjigazetesi.ist\/en\/wp-json\/wp\/v2\/comments?post=52214"}],"version-history":[{"count":1,"href":"https:\/\/www.enerjigazetesi.ist\/en\/wp-json\/wp\/v2\/posts\/52214\/revisions"}],"predecessor-version":[{"id":52216,"href":"https:\/\/www.enerjigazetesi.ist\/en\/wp-json\/wp\/v2\/posts\/52214\/revisions\/52216"}],"wp:featuredmedia":[{"embeddable":true,"href":"https:\/\/www.enerjigazetesi.ist\/en\/wp-json\/wp\/v2\/media\/52215"}],"wp:attachment":[{"href":"https:\/\/www.enerjigazetesi.ist\/en\/wp-json\/wp\/v2\/media?parent=52214"}],"wp:term":[{"taxonomy":"category","embeddable":true,"href":"https:\/\/www.enerjigazetesi.ist\/en\/wp-json\/wp\/v2\/categories?post=52214"},{"taxonomy":"post_tag","embeddable":true,"href":"https:\/\/www.enerjigazetesi.ist\/en\/wp-json\/wp\/v2\/tags?post=52214"}],"curies":[{"name":"wp","href":"https:\/\/api.w.org\/{rel}","templated":true}]}}