{"id":52209,"date":"2016-04-21T20:08:48","date_gmt":"2016-04-21T17:08:48","guid":{"rendered":"https:\/\/www.enerjigazetesi.ist\/?p=52209"},"modified":"2016-04-21T20:08:48","modified_gmt":"2016-04-21T17:08:48","slug":"yenilenebilir-enerji-kullanimi-2030-yilinda-iki-katina-cikacak","status":"publish","type":"post","link":"https:\/\/www.enerjigazetesi.ist\/en\/yenilenebilir-enerji-kullanimi-2030-yilinda-iki-katina-cikacak\/","title":{"rendered":"(Turkish) Yenilenebilir Enerji Kullan\u0131m\u0131 2030 Y\u0131l\u0131nda \u0130ki Kat\u0131na \u00c7\u0131kacak&#8230;"},"content":{"rendered":"<p class=\"qtranxs-available-languages-message qtranxs-available-languages-message-en\">Sorry, this entry is only available in <a href=\"https:\/\/www.enerjigazetesi.ist\/tr\/wp-json\/wp\/v2\/posts\/52209\" class=\"qtranxs-available-language-link qtranxs-available-language-link-tr\" title=\"Turkish\">Turkish<\/a>. For the sake of viewer convenience, the content is shown below in the alternative language. You may click the link to switch the active language.<\/p><p><\/p>\n<p style=\"color: #0a0a0a;\"><strong>IRENA Genel Direkt\u00f6r\u00fc Adnan Amin, Paris anla\u015fmas\u0131n\u0131n d\u00fcnya iklimi a\u00e7\u0131s\u0131ndan \u00f6nemine vurgu yaparak, yenilenebilir enerji kullan\u0131m\u0131n\u0131n 2030 y\u0131l\u0131nda iki kat\u0131na \u00e7\u0131kaca\u011f\u0131n\u0131 duyurdu.<\/strong><span id=\"more-79185\"><\/span><\/p>\n<p style=\"color: #0a0a0a;\">Cuma g\u00fcn\u00fc New York\u2019taki Birle\u015fmi\u015f Milletler Genel Merkezi\u2019nde ger\u00e7ekle\u015ftirilecek t\u00f6renle imzaya a\u00e7\u0131lacak Paris Anla\u015fmas\u0131\u2019n\u0131n \u00f6nemini d<a href=\"https:\/\/www.enerjigazetesi.ist\/wp-content\/uploads\/2015\/06\/yenilenebilir-enerji-kullanimi-yayiliyor-enerji-depolama-gelecek-vaat-ediyor.jpg\"><img loading=\"lazy\" class=\"alignleft size-medium wp-image-40392\" src=\"https:\/\/www.enerjigazetesi.ist\/wp-content\/uploads\/2015\/06\/yenilenebilir-enerji-kullanimi-yayiliyor-enerji-depolama-gelecek-vaat-ediyor-300x199.jpg\" alt=\"yenilenebilir-enerji-kullanimi-yayiliyor-enerji-depolama-gelecek-vaat-ediyor\" width=\"300\" height=\"199\" srcset=\"https:\/\/www.enerjigazetesi.ist\/wp-content\/uploads\/2015\/06\/yenilenebilir-enerji-kullanimi-yayiliyor-enerji-depolama-gelecek-vaat-ediyor-300x199.jpg 300w, https:\/\/www.enerjigazetesi.ist\/wp-content\/uploads\/2015\/06\/yenilenebilir-enerji-kullanimi-yayiliyor-enerji-depolama-gelecek-vaat-ediyor-500x332.jpg 500w, https:\/\/www.enerjigazetesi.ist\/wp-content\/uploads\/2015\/06\/yenilenebilir-enerji-kullanimi-yayiliyor-enerji-depolama-gelecek-vaat-ediyor-75x50.jpg 75w, https:\/\/www.enerjigazetesi.ist\/wp-content\/uploads\/2015\/06\/yenilenebilir-enerji-kullanimi-yayiliyor-enerji-depolama-gelecek-vaat-ediyor.jpg 870w\" sizes=\"(max-width: 300px) 100vw, 300px\" \/><\/a>e\u011ferlendiren yetkililer, Columbia \u00dcniversitesinde d\u00fczenlenen \u201c\u0130klim De\u011fi\u015fikli\u011fi ve Paris Anla\u015fmas\u0131 \u00dczerine K\u00fcresel Sesler\u201d adl\u0131 panelde bir araya geldi.<\/p>\n<p style=\"color: #0a0a0a;\">Panelde bir konu\u015fma yapan Uluslararas\u0131 Yenilenebilir Enerji Ajans\u0131 (IRENA) Genel Direkt\u00f6r\u00fc Adnan Amin, Paris Anla\u015fmas\u0131\u2019n\u0131n, d\u00fcnya genelinde karbon sal\u0131n\u0131mlar\u0131n\u0131 azaltma ve iklim de\u011fi\u015fikli\u011finin olumsuz etkilerini azaltma a\u00e7\u0131s\u0131ndan, d\u00fcnya i\u00e7in bir d\u00f6n\u00fcm noktas\u0131 oldu\u011funu s\u00f6yledi.<\/p>\n<p style=\"color: #0a0a0a;\">Amin, ge\u00e7en senenin aral\u0131k ay\u0131nda Fransa\u2019n\u0131n ev sahipli\u011finde Paris\u2019te yap\u0131lan COP 21 \u0130klim Konferans\u0131\u2019nda kabul edilen ve Paris Anla\u015fmas\u0131 olarak an\u0131lan kararlar\u0131n, \u00fclkeler aras\u0131nda y\u0131llarca s\u00fcren g\u00f6r\u00fc\u015fmelerin bir \u00fcr\u00fcn\u00fc oldu\u011funun alt\u0131n\u0131 \u00e7izdi ve \u015f\u00f6yle dedi:<\/p>\n<p style=\"color: #0a0a0a;\">\u201cParis Anla\u015fmas\u0131 yeni bir paradigman\u0131n ba\u015flang\u0131c\u0131. Anla\u015fmaya varan \u00fclke say\u0131s\u0131na bakt\u0131\u011f\u0131m\u0131zda bu kadar y\u00fcksek oranda taahh\u00fct verildi\u011fini \u00e7ok uzun bir zamand\u0131r g\u00f6rmemi\u015ftik. D\u00fcnya genelinde karbon sal\u0131n\u0131mlar\u0131n\u0131n art\u0131\u015f\u0131n\u0131 \u00f6nlemek i\u00e7in s\u0131n\u0131rl\u0131 bir zaman\u0131m\u0131z kald\u0131. Bu f\u0131rsat\u0131 \u00e7ok iyi de\u011ferlendirmeliyiz\u201d<\/p>\n<p style=\"color: #0a0a0a;\">Yakla\u015f\u0131k 170 \u00fclkenin \u00fcye oldu\u011fu IRENA\u2019n\u0131n, iklim de\u011fi\u015fikli\u011fi konusuna, di\u011fer uluslararas\u0131 enerji \u00f6rg\u00fctlerine k\u0131yasla, ayr\u0131 bir \u00f6nem verdi\u011finin alt\u0131n\u0131 \u00e7izen Amin, 2014\u2019te yenilenebilir enerji sekt\u00f6r\u00fcn\u00fcn d\u00fcnya genelinde 1 trilyon dolarl\u0131k bir end\u00fcstri haline geldi\u011fini kaydetti.<\/p>\n<p style=\"color: #0a0a0a;\">Amin, yenilenebilir enerji alan\u0131ndaki teknoloji maliyetlerinin giderek azald\u0131\u011f\u0131na i\u015faret ederek, bunun sekt\u00f6rdeki yat\u0131r\u0131m\u0131 art\u0131raca\u011f\u0131n\u0131 ve yenilenebilir enerji kullan\u0131m\u0131n\u0131n k\u00fcresel enerji talebi i\u00e7indeki pay\u0131n\u0131n 2030\u2019da ikiye katlanm\u0131\u015f olaca\u011f\u0131n\u0131 \u00f6ng\u00f6rd\u00fc\u011f\u00fcn\u00fc belirtti.<\/p>\n<p style=\"color: #0a0a0a;\">Birle\u015fik Arap Emirlikler \u0130klim De\u011fi\u015fikli\u011fi ve \u00c7evre Bakan\u0131 Dr. Thani Al Zeyoudi de Paris Anla\u015fmas\u0131\u2019n\u0131n \u00fclkesi taraf\u0131ndan b\u00fcy\u00fck bir ba\u015far\u0131 olarak g\u00f6r\u00fcld\u00fc\u011f\u00fcn\u00fc dile getirdi.<\/p>\n<p style=\"color: #0a0a0a;\">Zeyoudi, Birle\u015fik Arap Emirlikler ekonomisinin y\u00fcksek oranda hidrokarbon \u00fcretimi ve ihrac\u0131na ba\u011fl\u0131 oldu\u011funu an\u0131msatarak, \u00fclke ekonomisini \u00e7e\u015fitlendirme ve b\u00fcy\u00fcmede s\u00fcrd\u00fcr\u00fclebilirlik sa\u011flamak i\u00e7in Paris Anla\u015fmas\u0131\u2019n\u0131n kendi \u00fclkesi a\u00e7\u0131s\u0131ndan da ayr\u0131 bir \u00f6neme sahip oldu\u011funu vurgulad\u0131.<\/p>\n<p style=\"color: #0a0a0a;\">Hidrokarbon \u00fcretiminin Birle\u015fik Arap Emirlikleri ekonomisine g\u00fc\u00e7l\u00fc bir b\u00fcy\u00fcme ivmesi kazand\u0131rd\u0131\u011f\u0131n\u0131 hat\u0131rlatan Al Zeyoudi, \u201cAncak, ekonomimizin k\u00fcresel piyasadaki de\u011fi\u015fken ve d\u00fc\u015f\u00fck petrol fiyatlar\u0131na \u00e7ok ba\u011f\u0131ml\u0131 olmas\u0131n\u0131 istemiyoruz\u201d dedi.<\/p>\n<p style=\"color: #0a0a0a;\">Petrol, do\u011falgaz ve k\u00f6m\u00fcr gibi hidrokarbon kaynaklar\u0131n d\u00fcnyada s\u0131n\u0131rl\u0131 oldu\u011funa dikkati \u00e7eken Zeyoudi, bunlar\u0131n \u00e7evre a\u00e7\u0131s\u0131ndan da olumsuz oldu\u011funu kaydetti ve Paris Anla\u015fmas\u0131\u2019n\u0131n k\u00fcresel s\u0131cakl\u0131k art\u0131\u015f\u0131n\u0131n 2 derecenin alt\u0131nda tutmas\u0131 hedefini de olumlu kar\u015f\u0131lad\u0131\u011f\u0131n\u0131 s\u00f6zlerine ekledi.<\/p>\n<p style=\"color: #0a0a0a;\">D\u00fcnya genelinde fosil yak\u0131tlar\u0131n\u0131n kullan\u0131m\u0131n\u0131n k\u0131s\u0131tlanmas\u0131n\u0131 ve sera gaz\u0131 emisyonlar\u0131n\u0131 azaltmay\u0131 hedefleyen Paris Anla\u015fmas\u0131\u2019n\u0131n 22 Nisan\u2019da Birle\u015fmi\u015f Milletler Genel Merkezi\u2019nde ger\u00e7ekle\u015ftirilecek imza t\u00f6renine, 160\u2019a yak\u0131n \u00fclkenin kat\u0131l\u0131m\u0131 bekleniyor.<\/p>\n<p style=\"color: #0a0a0a;\">B\u00f6ylece, Paris Anla\u015fmas\u0131\u2019n\u0131n, 1982\u2019de 119 \u00fclkenin imzalad\u0131\u011f\u0131 Birle\u015fmi\u015f Milletler Deniz Hukuku S\u00f6zle\u015fmesini ge\u00e7erek en geni\u015f \u00e7apl\u0131 uluslararas\u0131 hukuk s\u00f6zle\u015fmesi olmas\u0131 \u00f6ng\u00f6r\u00fcl\u00fcyor.<\/p>\n<p style=\"color: #0a0a0a;\">Kaynak: Enerji Enstit\u00fcs\u00fc<\/p>\n<p><\/p>","protected":false},"excerpt":{"rendered":"<p>Sorry, this entry is only available in Turkish. For the sake of viewer convenience, the content is shown below in the alternative language. You may click the link to switch the active language. IRENA Genel Direkt\u00f6r\u00fc Adnan Amin, Paris anla\u015fmas\u0131n\u0131n d\u00fcnya iklimi a\u00e7\u0131s\u0131ndan \u00f6nemine vurgu yaparak, yenilenebilir enerji kullan\u0131m\u0131n\u0131n 2030 y\u0131l\u0131nda iki kat\u0131na \u00e7\u0131kaca\u011f\u0131n\u0131 duyurdu. [&hellip;]<\/p>\n","protected":false},"author":1,"featured_media":40392,"comment_status":"open","ping_status":"open","sticky":false,"template":"","format":"standard","meta":[],"categories":[53],"tags":[63,67,1009,2698,165,18787,3386,27427,2533,3387,6379],"views":911,"_links":{"self":[{"href":"https:\/\/www.enerjigazetesi.ist\/en\/wp-json\/wp\/v2\/posts\/52209"}],"collection":[{"href":"https:\/\/www.enerjigazetesi.ist\/en\/wp-json\/wp\/v2\/posts"}],"about":[{"href":"https:\/\/www.enerjigazetesi.ist\/en\/wp-json\/wp\/v2\/types\/post"}],"author":[{"embeddable":true,"href":"https:\/\/www.enerjigazetesi.ist\/en\/wp-json\/wp\/v2\/users\/1"}],"replies":[{"embeddable":true,"href":"https:\/\/www.enerjigazetesi.ist\/en\/wp-json\/wp\/v2\/comments?post=52209"}],"version-history":[{"count":1,"href":"https:\/\/www.enerjigazetesi.ist\/en\/wp-json\/wp\/v2\/posts\/52209\/revisions"}],"predecessor-version":[{"id":52210,"href":"https:\/\/www.enerjigazetesi.ist\/en\/wp-json\/wp\/v2\/posts\/52209\/revisions\/52210"}],"wp:featuredmedia":[{"embeddable":true,"href":"https:\/\/www.enerjigazetesi.ist\/en\/wp-json\/wp\/v2\/media\/40392"}],"wp:attachment":[{"href":"https:\/\/www.enerjigazetesi.ist\/en\/wp-json\/wp\/v2\/media?parent=52209"}],"wp:term":[{"taxonomy":"category","embeddable":true,"href":"https:\/\/www.enerjigazetesi.ist\/en\/wp-json\/wp\/v2\/categories?post=52209"},{"taxonomy":"post_tag","embeddable":true,"href":"https:\/\/www.enerjigazetesi.ist\/en\/wp-json\/wp\/v2\/tags?post=52209"}],"curies":[{"name":"wp","href":"https:\/\/api.w.org\/{rel}","templated":true}]}}