{"id":52177,"date":"2016-04-20T23:37:58","date_gmt":"2016-04-20T20:37:58","guid":{"rendered":"https:\/\/www.enerjigazetesi.ist\/?p=52177"},"modified":"2016-04-20T23:46:43","modified_gmt":"2016-04-20T20:46:43","slug":"nevsehir-gunes-enerjisi-ussu-olma-yolunda-ilerliyor","status":"publish","type":"post","link":"https:\/\/www.enerjigazetesi.ist\/en\/nevsehir-gunes-enerjisi-ussu-olma-yolunda-ilerliyor\/","title":{"rendered":"(Turkish) Nev\u015fehir G\u00fcne\u015f Enerjisi \u00dcss\u00fc Olma Yolunda \u0130lerliyor&#8230;"},"content":{"rendered":"<p class=\"qtranxs-available-languages-message qtranxs-available-languages-message-en\">Sorry, this entry is only available in <a href=\"https:\/\/www.enerjigazetesi.ist\/tr\/wp-json\/wp\/v2\/posts\/52177\" class=\"qtranxs-available-language-link qtranxs-available-language-link-tr\" title=\"Turkish\">Turkish<\/a>. For the sake of viewer convenience, the content is shown below in the alternative language. You may click the link to switch the active language.<\/p><p><strong>Kent bir\u00e7ok g\u00fcne\u015f enerjisi yat\u0131r\u0131m\u0131n\u0131 b\u00fcnyesinde bar\u0131nd\u0131r\u0131rken, ulusal ve uluslararas\u0131 yeni g\u00fcne\u015f enerjisi yat\u0131r\u0131mlar\u0131na da haz\u0131rl\u0131k i\u00e7erisinde&#8230;<\/strong><\/p>\n<p>Nev\u015fehir T\u00fcrkiye\u2019nin <strong>g\u00fcne\u015f enerjisinde<\/strong> \u00fcretim \u00fcslerinden biri olmaya aday g\u00f6r\u00fcn\u00fcyor. Kent bir\u00e7ok <strong>g\u00fcne<a href=\"https:\/\/www.enerjigazetesi.ist\/wp-content\/uploads\/2016\/04\/nevsehir-gunes-enerjisi-ussu-olma-yolunda-ilerliyor.jpg\"><img loading=\"lazy\" class=\"alignright  wp-image-52178\" src=\"https:\/\/www.enerjigazetesi.ist\/wp-content\/uploads\/2016\/04\/nevsehir-gunes-enerjisi-ussu-olma-yolunda-ilerliyor-300x110.jpg\" alt=\"nevsehir-gunes-enerjisi-ussu-olma-yolunda-ilerliyor\" width=\"300\" height=\"169\" \/><\/a>\u015f enerjisi<\/strong> yat\u0131r\u0131m\u0131n\u0131 b\u00fcnyesinde bar\u0131nd\u0131r\u0131rken, ulusal ve uluslararas\u0131 yeni <strong>g\u00fcne\u015f enerjisi<\/strong> yat\u0131r\u0131mlar\u0131na da haz\u0131rl\u0131k i\u00e7erisinde. Nev\u015fehir <strong>g\u00fcne\u015flenme potansiyeli<\/strong> kadar uygun co\u011frafi ko\u015fullar\u0131yla da bu yat\u0131r\u0131mlar\u0131 b\u00fcnyesine \u00e7ekiyor.<\/p>\n<p>Blok Bims\u2019e ait <strong>g\u00fcne\u015f paneli tesisinin <\/strong>devreye girmesinin ard\u0131ndan yat\u0131r\u0131mlar bir bir Nev\u015fehir\u2019e do\u011fru y\u00f6nelmeye ba\u015flad\u0131. Alman g\u00fcne\u015f ve r\u00fczgar enerji \u015firketi Juwi, 2016\u2019ta Nev\u015fehir\u2019de 9 lisanss\u0131z g\u00fcne\u015f enerji santralini de hizmete sokacak.<\/p>\n<p>Nev\u015fehir\u2019e toplamda 11 <strong>g\u00fcne\u015f elektrik santrali<\/strong> kurulmas\u0131 planlan\u0131yor. T\u00fcrkiye\u2019nin lisanss\u0131z en b\u00fcy\u00fck GES\u2019i de Nev\u015fehir Derinkuyu\u2019da hizmet verecek. Sunel Enerji\u2019nin \u00fcr\u00fcnleri de Nev\u015fehir\u2019in Derinkuyu il\u00e7esindeki projelerde yer ald\u0131. \u015eirketin 18.7 MWp g\u00fcc\u00fcnde UP-M260P polikristalin mod\u00fclleri Nev\u015fehir\u2019in Derinkuyu il\u00e7esinde her biri 1.1 MWp g\u00fcc\u00fcnde 17 projede kullan\u0131lacak.<\/p>\n<p>Haberin Ayr\u0131nt\u0131lar\u0131 \u0130\u00e7in <a href=\"http:\/\/www.fibhaber.com\/ekonomi\/nevsehir-enerji-uretim-ussu-oldu-h49806.html\" target=\"_blank\">T\u0131klay\u0131n&gt;&gt;&gt;<\/a><\/p>\n<p>Kaynak: FibHaber<\/p>\n<p>&nbsp;<\/p>","protected":false},"excerpt":{"rendered":"<p>Sorry, this entry is only available in Turkish. For the sake of viewer convenience, the content is shown below in the alternative language. You may click the link to switch the active language.Kent bir\u00e7ok g\u00fcne\u015f enerjisi yat\u0131r\u0131m\u0131n\u0131 b\u00fcnyesinde bar\u0131nd\u0131r\u0131rken, ulusal ve uluslararas\u0131 yeni g\u00fcne\u015f enerjisi yat\u0131r\u0131mlar\u0131na da haz\u0131rl\u0131k i\u00e7erisinde&#8230; Nev\u015fehir T\u00fcrkiye\u2019nin g\u00fcne\u015f enerjisinde \u00fcretim \u00fcslerinden [&hellip;]<\/p>\n","protected":false},"author":1,"featured_media":52178,"comment_status":"open","ping_status":"open","sticky":false,"template":"","format":"standard","meta":[],"categories":[53,49],"tags":[63,67,1009,2698,165,227,13,23133,22975,4269],"views":1035,"_links":{"self":[{"href":"https:\/\/www.enerjigazetesi.ist\/en\/wp-json\/wp\/v2\/posts\/52177"}],"collection":[{"href":"https:\/\/www.enerjigazetesi.ist\/en\/wp-json\/wp\/v2\/posts"}],"about":[{"href":"https:\/\/www.enerjigazetesi.ist\/en\/wp-json\/wp\/v2\/types\/post"}],"author":[{"embeddable":true,"href":"https:\/\/www.enerjigazetesi.ist\/en\/wp-json\/wp\/v2\/users\/1"}],"replies":[{"embeddable":true,"href":"https:\/\/www.enerjigazetesi.ist\/en\/wp-json\/wp\/v2\/comments?post=52177"}],"version-history":[{"count":2,"href":"https:\/\/www.enerjigazetesi.ist\/en\/wp-json\/wp\/v2\/posts\/52177\/revisions"}],"predecessor-version":[{"id":52182,"href":"https:\/\/www.enerjigazetesi.ist\/en\/wp-json\/wp\/v2\/posts\/52177\/revisions\/52182"}],"wp:featuredmedia":[{"embeddable":true,"href":"https:\/\/www.enerjigazetesi.ist\/en\/wp-json\/wp\/v2\/media\/52178"}],"wp:attachment":[{"href":"https:\/\/www.enerjigazetesi.ist\/en\/wp-json\/wp\/v2\/media?parent=52177"}],"wp:term":[{"taxonomy":"category","embeddable":true,"href":"https:\/\/www.enerjigazetesi.ist\/en\/wp-json\/wp\/v2\/categories?post=52177"},{"taxonomy":"post_tag","embeddable":true,"href":"https:\/\/www.enerjigazetesi.ist\/en\/wp-json\/wp\/v2\/tags?post=52177"}],"curies":[{"name":"wp","href":"https:\/\/api.w.org\/{rel}","templated":true}]}}