{"id":52129,"date":"2016-04-19T19:18:52","date_gmt":"2016-04-19T16:18:52","guid":{"rendered":"https:\/\/www.enerjigazetesi.ist\/?p=52129"},"modified":"2016-04-19T19:18:52","modified_gmt":"2016-04-19T16:18:52","slug":"almanyada-nukleer-santralde-sahte-denetleme","status":"publish","type":"post","link":"https:\/\/www.enerjigazetesi.ist\/en\/almanyada-nukleer-santralde-sahte-denetleme\/","title":{"rendered":"(Turkish) Almanya\u2019da N\u00fckleer Santralde Sahte Denetleme&#8230;"},"content":{"rendered":"<p class=\"qtranxs-available-languages-message qtranxs-available-languages-message-en\">Sorry, this entry is only available in <a href=\"https:\/\/www.enerjigazetesi.ist\/tr\/wp-json\/wp\/v2\/posts\/52129\" class=\"qtranxs-available-language-link qtranxs-available-language-link-tr\" title=\"Turkish\">Turkish<\/a>. For the sake of viewer convenience, the content is shown below in the alternative language. You may click the link to switch the active language.<\/p><p><\/p>\n<p style=\"color: #0a0a0a;\"><strong>Almanya\u2019n\u0131n Karlsruhe \u015fehrinde bulunan Philippsburg 2 n\u00fckleer santralinde yap\u0131lan g\u00fcvenlik kontrollerinin sahte oldu\u011fu ortaya \u00e7\u0131kt\u0131.<\/strong><span id=\"more-78666\"><\/span><\/p>\n<p style=\"color: #0a0a0a;\">Baden-W\u00fcrttemberg \u00c7evre Bakanl\u0131\u011f\u0131 taraf\u0131ndan yap\u0131lan a\u00e7\u0131klamada, enerji \u015firketi EnBW\u2019nin ara\u015ft\u0131rm<a href=\"https:\/\/www.enerjigazetesi.ist\/wp-content\/uploads\/2016\/04\/almanyada-nukleer-santralde-sahte-denetleme.jpg\"><img loading=\"lazy\" class=\"alignright size-medium wp-image-52130\" src=\"https:\/\/www.enerjigazetesi.ist\/wp-content\/uploads\/2016\/04\/almanyada-nukleer-santralde-sahte-denetleme-300x224.jpg\" alt=\"almanyada-nukleer-santralde-sahte-denetleme\" width=\"300\" height=\"224\" srcset=\"https:\/\/www.enerjigazetesi.ist\/wp-content\/uploads\/2016\/04\/almanyada-nukleer-santralde-sahte-denetleme-300x224.jpg 300w, https:\/\/www.enerjigazetesi.ist\/wp-content\/uploads\/2016\/04\/almanyada-nukleer-santralde-sahte-denetleme-1024x767.jpg 1024w, https:\/\/www.enerjigazetesi.ist\/wp-content\/uploads\/2016\/04\/almanyada-nukleer-santralde-sahte-denetleme-500x374.jpg 500w, https:\/\/www.enerjigazetesi.ist\/wp-content\/uploads\/2016\/04\/almanyada-nukleer-santralde-sahte-denetleme-66x50.jpg 66w, https:\/\/www.enerjigazetesi.ist\/wp-content\/uploads\/2016\/04\/almanyada-nukleer-santralde-sahte-denetleme.jpg 1068w\" sizes=\"(max-width: 300px) 100vw, 300px\" \/><\/a>alar\u0131 neticesinde bir \u00e7al\u0131\u015fan\u0131n periyodik bir \u015fekilde denetlemeleri belgeledi\u011fi, ancak ar\u0131zalarla ilgili ger\u00e7ekte bir denetleme yapmad\u0131\u011f\u0131n\u0131 tespit etti\u011fi bildirildi. Ara\u015ft\u0131rmalar\u0131n ayr\u0131ca yedi farkl\u0131 olayda sahte belge kullan\u0131ld\u0131\u011f\u0131n\u0131 ortaya koydu\u011fu ifade edildi. Hizmetlerin i\u015flevi konusunda garanti veren enerji \u015firketi, bu durumu daha \u00f6nce ve sonras\u0131nda yap\u0131lan testler neticesinde kan\u0131tlad\u0131klar\u0131n\u0131 a\u00e7\u0131klad\u0131.<\/p>\n<p style=\"color: #0a0a0a;\">Sahte rapor tutan \u00e7al\u0131\u015fan\u0131n ise d\u0131\u015f hizmet sunucu \u015firket taraf\u0131ndan Philippsburg n\u00fckleer santralinin 2. blokunda istihdam edildi\u011fi de kaydedildi. BW Eyalet \u00c7evre Bakanl\u0131\u011f\u0131, denetim d\u00fczenlemesi ba\u015flat\u0131rken, s\u00f6z konusu n\u00fckleer santrali ge\u00e7ici olarak durdurdu. \u201cBildi\u011fim kadar\u0131yla ilk kez bir Alman n\u00fckleer enerji santralinde bilin\u00e7li bir \u015fekilde sahte inceleme yap\u0131ld\u0131.\u201d diyen Baden-W\u00fcrttemberg \u00c7evre Bakan\u0131 Franz Untersteller, bunun son derece rahats\u0131z edici ve kabul edilemez oldu\u011funu dile getirdi. Mevcut bilgilere g\u00f6re, sahte denetlemelerin herhangi bir g\u00fcvenlik etkisinin olmad\u0131\u011f\u0131 ve s\u0131z\u0131nt\u0131 takip uygulamalar\u0131n\u0131n sa\u011fland\u0131\u011f\u0131 ifade edildi.<\/p>\n<p style=\"color: #0a0a0a;\">Kaynak: Enerji Enstit\u00fcs\u00fc<\/p>\n<p><\/p>","protected":false},"excerpt":{"rendered":"<p>Sorry, this entry is only available in Turkish. For the sake of viewer convenience, the content is shown below in the alternative language. You may click the link to switch the active language. Almanya\u2019n\u0131n Karlsruhe \u015fehrinde bulunan Philippsburg 2 n\u00fckleer santralinde yap\u0131lan g\u00fcvenlik kontrollerinin sahte oldu\u011fu ortaya \u00e7\u0131kt\u0131. Baden-W\u00fcrttemberg \u00c7evre Bakanl\u0131\u011f\u0131 taraf\u0131ndan yap\u0131lan a\u00e7\u0131klamada, enerji [&hellip;]<\/p>\n","protected":false},"author":1,"featured_media":52130,"comment_status":"open","ping_status":"open","sticky":false,"template":"","format":"standard","meta":[],"categories":[53,43],"tags":[929,63,67,1009,2698,165,71,21,25480,23614,88,2973,29194,29195],"views":1147,"_links":{"self":[{"href":"https:\/\/www.enerjigazetesi.ist\/en\/wp-json\/wp\/v2\/posts\/52129"}],"collection":[{"href":"https:\/\/www.enerjigazetesi.ist\/en\/wp-json\/wp\/v2\/posts"}],"about":[{"href":"https:\/\/www.enerjigazetesi.ist\/en\/wp-json\/wp\/v2\/types\/post"}],"author":[{"embeddable":true,"href":"https:\/\/www.enerjigazetesi.ist\/en\/wp-json\/wp\/v2\/users\/1"}],"replies":[{"embeddable":true,"href":"https:\/\/www.enerjigazetesi.ist\/en\/wp-json\/wp\/v2\/comments?post=52129"}],"version-history":[{"count":1,"href":"https:\/\/www.enerjigazetesi.ist\/en\/wp-json\/wp\/v2\/posts\/52129\/revisions"}],"predecessor-version":[{"id":52131,"href":"https:\/\/www.enerjigazetesi.ist\/en\/wp-json\/wp\/v2\/posts\/52129\/revisions\/52131"}],"wp:featuredmedia":[{"embeddable":true,"href":"https:\/\/www.enerjigazetesi.ist\/en\/wp-json\/wp\/v2\/media\/52130"}],"wp:attachment":[{"href":"https:\/\/www.enerjigazetesi.ist\/en\/wp-json\/wp\/v2\/media?parent=52129"}],"wp:term":[{"taxonomy":"category","embeddable":true,"href":"https:\/\/www.enerjigazetesi.ist\/en\/wp-json\/wp\/v2\/categories?post=52129"},{"taxonomy":"post_tag","embeddable":true,"href":"https:\/\/www.enerjigazetesi.ist\/en\/wp-json\/wp\/v2\/tags?post=52129"}],"curies":[{"name":"wp","href":"https:\/\/api.w.org\/{rel}","templated":true}]}}