{"id":5211,"date":"2013-01-15T09:55:08","date_gmt":"2013-01-15T06:55:08","guid":{"rendered":"https:\/\/www.enerjigazetesi.ist\/?p=5211"},"modified":"2013-01-15T09:55:08","modified_gmt":"2013-01-15T06:55:08","slug":"okullardaki-enerji-verimliligi-aydinda-masaya-yatirildi","status":"publish","type":"post","link":"https:\/\/www.enerjigazetesi.ist\/en\/okullardaki-enerji-verimliligi-aydinda-masaya-yatirildi\/","title":{"rendered":"(Turkish) \u201cOkullardaki Enerji Verimlili\u011fi\u201d Ayd\u0131n\u2019da Masaya Yat\u0131r\u0131ld\u0131"},"content":{"rendered":"<p class=\"qtranxs-available-languages-message qtranxs-available-languages-message-en\">Sorry, this entry is only available in <a href=\"https:\/\/www.enerjigazetesi.ist\/tr\/wp-json\/wp\/v2\/posts\/5211\" class=\"qtranxs-available-language-link qtranxs-available-language-link-tr\" title=\"Turkish\">Turkish<\/a>. For the sake of viewer convenience, the content is shown below in the alternative language. You may click the link to switch the active language.<\/p><p><strong>Adnan Menderes \u00dcniversitesi (AD\u00dc) M\u00fchendislik Fak\u00fcltesi taraf\u0131ndan d\u00fczenlenen \u201cOkullardaki Enerji Verimlili\u011fi\u201d konulu panelde, okullardaki enerji verimlili\u011fi\u00a0 masaya yat\u0131r\u0131ld\u0131.<\/strong><\/p>\n<p><img loading=\"lazy\" class=\"alignleft size-medium wp-image-5212\" title=\"enerji-verimliligi-adnan-menderes-universitesi\" src=\"https:\/\/www.enerjigazetesi.ist\/wp-content\/uploads\/2013\/01\/enerji-verimliligi-adnan-menderes-universitesi-300x198.jpg\" alt=\"\" width=\"300\" height=\"198\" srcset=\"https:\/\/www.enerjigazetesi.ist\/wp-content\/uploads\/2013\/01\/enerji-verimliligi-adnan-menderes-universitesi-300x198.jpg 300w, https:\/\/www.enerjigazetesi.ist\/wp-content\/uploads\/2013\/01\/enerji-verimliligi-adnan-menderes-universitesi-75x50.jpg 75w, https:\/\/www.enerjigazetesi.ist\/wp-content\/uploads\/2013\/01\/enerji-verimliligi-adnan-menderes-universitesi.jpg 400w\" sizes=\"(max-width: 300px) 100vw, 300px\" \/>AD\u00dc Atat\u00fcrk Kongre Merkezi Maiandros Salonu\u2019nda ger\u00e7ekle\u015fen panele AD\u00dc\u00a0 Rekt\u00f6r\u00fc Prof. Dr. Mustafa Birincio\u011flu, M\u00fchendislik Fak\u00fcltesi Dekan\u0131 ve Rekt\u00f6r\u00a0 Dan\u0131\u015fman\u0131 Prof. Dr. Yunus \u00c7engel, M\u00fchendislik Fak\u00fcltesi Dekan Yard\u0131mc\u0131s\u0131 Prof.\u00a0 Dr. \u0130smail B\u00f6\u011frekci, M\u00fchendislik Fak\u00fcltesi Dekan Yard\u0131mc\u0131 Prof. Dr. Yunus \u00c7er\u00e7i,\u00a0 \u00dcniversitemiz \u00d6\u011fretim \u00dcyesi Yrd. Do\u00e7. Dr. P\u0131nar Demircio\u011flu, Milli E\u011fitim \u015eube\u00a0 M\u00fcd\u00fcr\u00fc Mehmet Ak\u00e7\u0131l ve kurum y\u00f6neticileri kat\u0131ld\u0131.<\/p>\n<p>A\u00e7\u0131l\u0131\u015fta konu\u015fan AD\u00dc Rekt\u00f6r\u00fc Prof. Dr. Mustafa Birincio\u011flu, \u201cMaliyeti\u00a0 azaltarak verimlili\u011fi nas\u0131l sa\u011flayabiliriz? Bunlar\u0131n d\u00fczenlemeleri nas\u0131l olacak?\u00a0 Bug\u00fcn \u00fclkemizin bu konuyla ilgili \u00fc\u00e7 uzman\u0131 sizleri bilgilendirecek, \u00e7ok \u015fansl\u0131y\u0131z. Hepsi \u00e7ok k\u0131ymetli hocalar\u0131m\u0131z ve bu konudaki uzman ki\u015filer, g\u00fczel\u00a0 bir panel olmas\u0131 dile\u011fiyle hepinizi sevgiyle selaml\u0131yorum\u201d dedi.<\/p>\n<p>Panele konu\u015fmac\u0131 olarak kat\u0131lan AD\u00dc M\u00fchendislik Fak\u00fcltesi Dekan\u0131 Prof. Dr.\u00a0 Yunus \u00c7engel de, \u201cNeden Enerji Verimlili\u011fi\u201d, Enerji ve Tabii Kaynaklar\u0131 Bakanl\u0131\u011f\u0131\/Enerji Verimlili\u011fi Daire Ba\u015fkan\u0131 Dilek \u00d6znur \u201cEnerji Verimli Binalara\u00a0 Do\u011fru:Politikalar ve Uygulamalar\u201d ve Ya\u015far \u00dcniversitesi Enerji Sistemleri B\u00f6l\u00fcm\u00fc\u00a0 Ba\u015fkan\u0131 Prof. Dr. Arif Hepba\u015fl\u0131 \u201cOkullarda Enerji Verimlili\u011fi ve Y\u00f6netimi\u00a0 Uygulamalar\u0131\u201d konulu konu\u015fmalar\u0131yla kat\u0131l\u0131mc\u0131lar\u0131 bilgilendirdi<\/p>\n<p><strong>\u201cAMA\u00c7 KAL\u0130TEY\u0130 D\u00dc\u015e\u00dcRMEDEN AZ ENERJ\u0130 AZ MAL\u0130YET SA\u011eLAMAK\u201d<\/strong><\/p>\n<p>\u00dcniversitemiz M\u00fchendislik Fak\u00fcltesi Dekan\u0131 Prof. Dr. Yunus \u00c7engel \u201cNeden\u00a0 Enerji Verimlili\u011fi\u201d ba\u015fl\u0131kl\u0131 konu\u015fmas\u0131nda, enerji verimlili\u011fini en b\u00fcy\u00fck, en\u00a0 d\u00fc\u015f\u00fck maliyetli enerji kayna\u011f\u0131 olarak tan\u0131mlayarak \u201cEnerji verimlili\u011fi se\u00e7ene\u011fi\u00a0 varsa tart\u0131\u015fmas\u0131z birinci se\u00e7enek olmal\u0131, \u00e7\u00fcnk\u00fc en ucuzu en temizi bu. Ama\u00e7;\u00a0 \u00fcretim yap\u0131yorsak \u00fcretim kalitesini, bir yerde ya\u015f\u0131yorsak ya\u015fam kalitesini, bu\u00a0 kaliteyi daha da geli\u015ftirerek konforu, \u00fcretim kalitesini ve karl\u0131l\u0131\u011f\u0131 hi\u00e7\u00a0 d\u00fc\u015f\u00fcrmeden en az enerjiyi kullanmak. Hi\u00e7 bir \u015fekilde konfordan fedakarl\u0131k\u00a0 yapmayaca\u011f\u0131z, ayn\u0131 konforu daha az enerjiyle daha d\u00fc\u015f\u00fck maliyetle sa\u011flayaca\u011f\u0131z,\u00a0 maliyeti yar\u0131 yar\u0131ya indirmekte m\u00fcmk\u00fcn\u201d diye konu\u015ftu.<\/p>\n<p><strong>2017\u2019YE KADAR B\u0130NALARA ENERJ\u0130 K\u0130ML\u0130K BELGES\u0130<\/strong><\/p>\n<p>Enerji ve Tabii Kaynaklar\u0131 Bakanl\u0131\u011f\u0131 Enerji Verimlili\u011fi Daire Ba\u015fkan\u0131 Dilek\u00a0 \u00d6znur ise, \u201cEnerji Verimli Binalara Do\u011fru: Politikalar ve Uygulamalar\u201d ba\u015fl\u0131kl\u0131 konu\u015fmas\u0131nda; s\u0131f\u0131r enerjili binalar\u0131, bir y\u0131l i\u00e7erisinde t\u00fcketti\u011fi kadar\u00a0 enerjiyi \u00fcreten binalar olarak tan\u0131mlad\u0131 ve farkl\u0131 \u00fclkelerde farkl\u0131 uygulamalar\u0131n i\u015fledi\u011fini, en \u00e7ok kullan\u0131lan tan\u0131mlar\u0131n pasif evler veya d\u00fc\u015f\u00fck\u00a0 enerjili evler oldu\u011funu belirtti. \u00d6znur, 2017 y\u0131l\u0131na kadar mevcut binalar i\u00e7in\u00a0 enerji kimlik belgesi al\u0131nmas\u0131 gerekti\u011fini vurgulayarak Enerji Kaynaklar\u0131n\u0131n ve\u00a0 Enerji Kullan\u0131m\u0131nda Verimlili\u011finin Artt\u0131r\u0131lmas\u0131na \u0130li\u015fkin Y\u00f6netmeli\u011fi\u00a0 kat\u0131l\u0131mc\u0131larla payla\u015ft\u0131.<\/p>\n<p><strong>\u201cFATURALAR TAK\u0130P ED\u0130LMEL\u0130\u201d<\/strong><\/p>\n<p>Ya\u015far \u00dcniversitesi Enerji Sistemleri B\u00f6l\u00fcm\u00fc Ba\u015fkan\u0131 Prof. Dr. Arif Hepba\u015fl\u0131 da, \u201cOkullarda Enerji Verimlili\u011fi ve Y\u00f6netimi Uygulamalar\u0131\u201d konulu konu\u015fmas\u0131nda \u201cTasarruf teknolojileri basit ve denenmi\u015ftir. Bunlar\u0131n uygulamaya nas\u0131l\u00a0 d\u00f6k\u00fclece\u011fi \u00f6\u011frenilmeli\u201d diyerek enerji y\u00f6netimi sistemi standard\u0131 kapsam\u0131nda\u00a0 \u00e7e\u015fitli \u00e7al\u0131\u015fmalar yap\u0131ld\u0131\u011f\u0131n\u0131, bir i\u015fletmede enerji verimlili\u011fi sistemi nas\u0131l\u00a0 kuruldu\u011funun detayl\u0131 olarak anlat\u0131ld\u0131\u011f\u0131n\u0131 belirtti. Hepba\u015fl\u0131, y\u00f6neticilere\u00a0 faturalar\u0131 takip etmeleri ve okullarda enerji duyurular\u0131 k\u00f6\u015feleri olu\u015fturmalar\u0131 \u00f6nerisinde bulundu.<\/p>\n<p>Kurum y\u00f6neticilerinin haz\u0131r bulundu\u011fu paneli, salondan yakla\u015f\u0131k 800 ki\u015fi,\u00a0 AD\u00dc\u2019n\u00fcn internet sayfas\u0131 \u00fczerinden de 2 bin 824 ki\u015fi izledi. Panel, AD\u00dc\u00a0 M\u00fchendislik Fak\u00fcltesi Dekan\u0131 Prof. Dr. Yunus \u00c7engel\u2019in kat\u0131l\u0131mc\u0131lara plaket ve\u00a0 te\u015fekk\u00fcr belgesi takdimi ve toplu foto\u011fraf \u00e7ekimiyle sona erdi.<\/p>\n<p>Kaynak : <a href=\"http:\/\/www.haber3.com\/okullardaki-enerji-verimliligi-aydinda-masaya-yatirildi-haberi-1721450h.htm#ixzz2I1bf2n88\" target=\"_blank\">Haber3<\/a><\/p>","protected":false},"excerpt":{"rendered":"<p>Sorry, this entry is only available in Turkish. For the sake of viewer convenience, the content is shown below in the alternative language. You may click the link to switch the active language.Adnan Menderes \u00dcniversitesi (AD\u00dc) M\u00fchendislik Fak\u00fcltesi taraf\u0131ndan d\u00fczenlenen \u201cOkullardaki Enerji Verimlili\u011fi\u201d konulu panelde, okullardaki enerji verimlili\u011fi\u00a0 masaya yat\u0131r\u0131ld\u0131. AD\u00dc Atat\u00fcrk Kongre Merkezi Maiandros [&hellip;]<\/p>\n","protected":false},"author":1,"featured_media":5212,"comment_status":"open","ping_status":"open","sticky":false,"template":"","format":"standard","meta":[],"categories":[53,52],"tags":[1689,1688,67,103,12,133],"views":628,"_links":{"self":[{"href":"https:\/\/www.enerjigazetesi.ist\/en\/wp-json\/wp\/v2\/posts\/5211"}],"collection":[{"href":"https:\/\/www.enerjigazetesi.ist\/en\/wp-json\/wp\/v2\/posts"}],"about":[{"href":"https:\/\/www.enerjigazetesi.ist\/en\/wp-json\/wp\/v2\/types\/post"}],"author":[{"embeddable":true,"href":"https:\/\/www.enerjigazetesi.ist\/en\/wp-json\/wp\/v2\/users\/1"}],"replies":[{"embeddable":true,"href":"https:\/\/www.enerjigazetesi.ist\/en\/wp-json\/wp\/v2\/comments?post=5211"}],"version-history":[{"count":1,"href":"https:\/\/www.enerjigazetesi.ist\/en\/wp-json\/wp\/v2\/posts\/5211\/revisions"}],"predecessor-version":[{"id":5213,"href":"https:\/\/www.enerjigazetesi.ist\/en\/wp-json\/wp\/v2\/posts\/5211\/revisions\/5213"}],"wp:featuredmedia":[{"embeddable":true,"href":"https:\/\/www.enerjigazetesi.ist\/en\/wp-json\/wp\/v2\/media\/5212"}],"wp:attachment":[{"href":"https:\/\/www.enerjigazetesi.ist\/en\/wp-json\/wp\/v2\/media?parent=5211"}],"wp:term":[{"taxonomy":"category","embeddable":true,"href":"https:\/\/www.enerjigazetesi.ist\/en\/wp-json\/wp\/v2\/categories?post=5211"},{"taxonomy":"post_tag","embeddable":true,"href":"https:\/\/www.enerjigazetesi.ist\/en\/wp-json\/wp\/v2\/tags?post=5211"}],"curies":[{"name":"wp","href":"https:\/\/api.w.org\/{rel}","templated":true}]}}