{"id":52104,"date":"2016-04-18T21:28:07","date_gmt":"2016-04-18T18:28:07","guid":{"rendered":"https:\/\/www.enerjigazetesi.ist\/?p=52104"},"modified":"2016-04-18T21:28:07","modified_gmt":"2016-04-18T18:28:07","slug":"odtu-gunes-ve-ruzgardaki-sorunlari-ele-alacak","status":"publish","type":"post","link":"https:\/\/www.enerjigazetesi.ist\/en\/odtu-gunes-ve-ruzgardaki-sorunlari-ele-alacak\/","title":{"rendered":"(Turkish) ODT\u00dc, G\u00fcne\u015f ve R\u00fczgardaki Sorunlar\u0131 Ele Alacak&#8230;"},"content":{"rendered":"<p class=\"qtranxs-available-languages-message qtranxs-available-languages-message-en\">Sorry, this entry is only available in <a href=\"https:\/\/www.enerjigazetesi.ist\/tr\/wp-json\/wp\/v2\/posts\/52104\" class=\"qtranxs-available-language-link qtranxs-available-language-link-tr\" title=\"Turkish\">Turkish<\/a>. For the sake of viewer convenience, the content is shown below in the alternative language. You may click the link to switch the active language.<\/p><p><strong>ODT\u00dc Mezunlar\u0131 Derne\u011fi Enerji Komisyonu d\u00fczenleyece\u011fi panelle r\u00fczar ve g\u00fcne\u015f enerjisindeki sorunlar\u0131 ele alacak.<\/strong><\/p>\n<p>ODT\u00dc Mezunlar\u0131 Derne\u011fi Enerji Komisyonu taraf\u0131ndan; 23 Nisan 2016 Cumartesi g\u00fcn\u00fc saat 14:00\u2019da ODT\u00dc Mezunlar Derne\u011fi Vi\u015fnelik Salon<a href=\"https:\/\/www.enerjigazetesi.ist\/wp-content\/uploads\/2016\/04\/odtu-gunes-ve-ruzgardaki-sorunlari-ele-alacak.jpg\"><img loading=\"lazy\" class=\"alignleft  wp-image-52105\" src=\"https:\/\/www.enerjigazetesi.ist\/wp-content\/uploads\/2016\/04\/odtu-gunes-ve-ruzgardaki-sorunlari-ele-alacak-300x230.jpg\" alt=\"odtu-gunes-ve-ruzgardaki-sorunlari-ele-alacak\" width=\"300\" height=\"204\" \/><\/a>u&#8217;nda \u201cR\u00fczgar ve G\u00fcne\u015f Enerjisindeki Sorunlar\u201d konulu bir panel d\u00fczenlenecek.<\/p>\n<p>Panelde, r\u00fczgar ve g\u00fcne\u015f kaynakl\u0131 \u00fcretimin arz g\u00fcvenli\u011findeki yeri nedir, nas\u0131l olmal\u0131d\u0131r, yat\u0131r\u0131mlarda gerek mevzuat, gerekse planlama ve uygulamada kar\u015f\u0131la\u015f\u0131lan sorunlar ve \u00e7\u00f6z\u00fcm \u00f6nerileri ile finans teminindeki kolayl\u0131klar ve zorluklar de\u011ferlendirilecek.<\/p>\n<p>Enerji Yat\u0131r\u0131m Dan\u0131\u015fman\u0131 ve TOBB ET\u00dc \u00d6\u011fretim G\u00f6revlisi Mehmet Ali ATAY&#8217;\u0131n y\u00f6netece\u011fi Panele konu\u015fmac\u0131 olarak, Dr. Refik Tiryaki, Kayahan Karada\u015f, Nurcan Kurtulu\u015f, Enis Amasyal\u0131 ve Dr. Y\u00fcksel Malko\u00e7 kat\u0131lacak.<\/p>\n<p>\u00dclkemizdeki y\u0131ll\u0131k elektrik \u00fcretiminde \u00f6nemli paya sahip do\u011falgaz\u0131n temininden kaynaklanacak olas\u0131 sorunlarla birlikte di\u011fer elektrik \u00fcretim kaynaklar\u0131n teminde ya\u015fanabilecek olumsuzluklar nedeniyle, elektrik \u00fcretiminde her an sorunlar g\u00fcndeme geliyor. Bu nedenle de g\u00fcne\u015f ve r\u00fczgar kaynakl\u0131 \u00fcretim ve \u00fcretim tesisleri \u00f6nem arz ediyor.<\/p>\n<p>Kaynak: B\u00fcltenler<\/p>","protected":false},"excerpt":{"rendered":"<p>Sorry, this entry is only available in Turkish. For the sake of viewer convenience, the content is shown below in the alternative language. You may click the link to switch the active language.ODT\u00dc Mezunlar\u0131 Derne\u011fi Enerji Komisyonu d\u00fczenleyece\u011fi panelle r\u00fczar ve g\u00fcne\u015f enerjisindeki sorunlar\u0131 ele alacak. ODT\u00dc Mezunlar\u0131 Derne\u011fi Enerji Komisyonu taraf\u0131ndan; 23 Nisan 2016 [&hellip;]<\/p>\n","protected":false},"author":1,"featured_media":52105,"comment_status":"open","ping_status":"open","sticky":false,"template":"","format":"standard","meta":[],"categories":[53,49,50],"tags":[63,67,1009,3979,2698,165,227,13,431,29181,1384,29182,69,16,430],"views":1387,"_links":{"self":[{"href":"https:\/\/www.enerjigazetesi.ist\/en\/wp-json\/wp\/v2\/posts\/52104"}],"collection":[{"href":"https:\/\/www.enerjigazetesi.ist\/en\/wp-json\/wp\/v2\/posts"}],"about":[{"href":"https:\/\/www.enerjigazetesi.ist\/en\/wp-json\/wp\/v2\/types\/post"}],"author":[{"embeddable":true,"href":"https:\/\/www.enerjigazetesi.ist\/en\/wp-json\/wp\/v2\/users\/1"}],"replies":[{"embeddable":true,"href":"https:\/\/www.enerjigazetesi.ist\/en\/wp-json\/wp\/v2\/comments?post=52104"}],"version-history":[{"count":1,"href":"https:\/\/www.enerjigazetesi.ist\/en\/wp-json\/wp\/v2\/posts\/52104\/revisions"}],"predecessor-version":[{"id":52106,"href":"https:\/\/www.enerjigazetesi.ist\/en\/wp-json\/wp\/v2\/posts\/52104\/revisions\/52106"}],"wp:featuredmedia":[{"embeddable":true,"href":"https:\/\/www.enerjigazetesi.ist\/en\/wp-json\/wp\/v2\/media\/52105"}],"wp:attachment":[{"href":"https:\/\/www.enerjigazetesi.ist\/en\/wp-json\/wp\/v2\/media?parent=52104"}],"wp:term":[{"taxonomy":"category","embeddable":true,"href":"https:\/\/www.enerjigazetesi.ist\/en\/wp-json\/wp\/v2\/categories?post=52104"},{"taxonomy":"post_tag","embeddable":true,"href":"https:\/\/www.enerjigazetesi.ist\/en\/wp-json\/wp\/v2\/tags?post=52104"}],"curies":[{"name":"wp","href":"https:\/\/api.w.org\/{rel}","templated":true}]}}