{"id":52102,"date":"2016-04-18T21:19:36","date_gmt":"2016-04-18T18:19:36","guid":{"rendered":"https:\/\/www.enerjigazetesi.ist\/?p=52102"},"modified":"2016-04-18T21:19:36","modified_gmt":"2016-04-18T18:19:36","slug":"kacak-elektrik-dunyanin-sorunu-hindistanin-ucte-biri-kacak-kullaniyor","status":"publish","type":"post","link":"https:\/\/www.enerjigazetesi.ist\/en\/kacak-elektrik-dunyanin-sorunu-hindistanin-ucte-biri-kacak-kullaniyor\/","title":{"rendered":"(Turkish) Ka\u00e7ak Elektrik D\u00fcnyan\u0131n Sorunu; Hindistan\u2019\u0131n \u00dc\u00e7te Biri Ka\u00e7ak Kullan\u0131yor!"},"content":{"rendered":"<p class=\"qtranxs-available-languages-message qtranxs-available-languages-message-en\">Sorry, this entry is only available in <a href=\"https:\/\/www.enerjigazetesi.ist\/tr\/wp-json\/wp\/v2\/posts\/52102\" class=\"qtranxs-available-language-link qtranxs-available-language-link-tr\" title=\"Turkish\">Turkish<\/a>. For the sake of viewer convenience, the content is shown below in the alternative language. You may click the link to switch the active language.<\/p><p><\/p>\n<p style=\"color: #0a0a0a;\"><strong>Y\u0131ld\u0131r\u0131m Beyaz\u0131t \u00dcniversitesi \u00d6\u011fretim \u00dcyesi Prof. Dr. Fuat O\u011fuz, ka\u00e7ak elektrik kullan\u0131m\u0131n\u0131n sadece T\u00fcrkiye\u2019nin sorunu olmad\u0131\u011f\u0131n\u0131, geli\u015fmi\u015f ve geli\u015fmekte olan \u00fclkelerin de ayn\u0131 dertten muzdarip oldu\u011funu s\u00f6yledi.<\/strong><span id=\"more-78781\"><\/span><\/p>\n<p style=\"color: #0a0a0a;\">\u2018Elektrik ve elektronik haberle\u015fme sekt\u00f6rleri\u2019 \u00fczerine yapt\u0131\u011f\u0131 ara\u015ft\u0131rman\u0131n sonu\u00e7lar\u0131n\u0131 payla\u015fan Prof. Dr. Fuat O\u011fuz, yakla\u015f\u0131k 1 milyar 200 milyon ki\u015finin ya\u015fad\u0131\u011f\u0131 Hindistan\u2019da \u00fcretilen toplam elektri\u011fin \u00fc\u00e7te birinin ka\u00e7ak kullan\u0131ld\u0131\u011f<a href=\"https:\/\/www.enerjigazetesi.ist\/wp-content\/uploads\/2015\/09\/elektrik-kayip-kacak-bedeli-iade-696x385.jpg\"><img loading=\"lazy\" class=\"alignright size-medium wp-image-44115\" src=\"https:\/\/www.enerjigazetesi.ist\/wp-content\/uploads\/2015\/09\/elektrik-kayip-kacak-bedeli-iade-696x385-300x165.jpg\" alt=\"elektrik-kayip-kacak\" width=\"300\" height=\"165\" srcset=\"https:\/\/www.enerjigazetesi.ist\/wp-content\/uploads\/2015\/09\/elektrik-kayip-kacak-bedeli-iade-696x385-300x165.jpg 300w, https:\/\/www.enerjigazetesi.ist\/wp-content\/uploads\/2015\/09\/elektrik-kayip-kacak-bedeli-iade-696x385-500x276.jpg 500w, https:\/\/www.enerjigazetesi.ist\/wp-content\/uploads\/2015\/09\/elektrik-kayip-kacak-bedeli-iade-696x385-80x44.jpg 80w, https:\/\/www.enerjigazetesi.ist\/wp-content\/uploads\/2015\/09\/elektrik-kayip-kacak-bedeli-iade-696x385.jpg 696w\" sizes=\"(max-width: 300px) 100vw, 300px\" \/><\/a>\u0131 bilgisini aktard\u0131. Benzer \u015fekilde Brezilya ve Rusya\u2019da da b\u00fcy\u00fck miktarda ka\u00e7ak elektrik kullan\u0131ld\u0131\u011f\u0131n\u0131 kaydeden Prof. Dr. O\u011fuz, \u201c\u0130ngiltere\u2019de ka\u00e7ak elektrik kullan\u0131m\u0131n\u0131n 200 milyon sterlin d\u00fczeyinde oldu\u011fu tahmin edilmekte. Kanada\u2019da ise yasad\u0131\u015f\u0131 uyu\u015fturucu \u00fcretimi yapanlar b\u00fcy\u00fck miktarlarda ka\u00e7ak elektrik kullanmaktad\u0131r. Bu \u00fclkede, elektrik h\u0131rs\u0131zl\u0131\u011f\u0131 toplam \u00fcretimin y\u00fczde 3\u2019\u00fcne \u00e7\u0131kmaktad\u0131r.\u201d dedi.<\/p>\n<p style=\"color: #0a0a0a;\">Ka\u00e7ak elektrik kullan\u0131m\u0131n\u0131 sadece \u2018siyasi\u2019 bir konu olarak g\u00f6rmenin yanl\u0131\u015fl\u0131\u011f\u0131na dikkat \u00e7eken O\u011fuz, ka\u00e7ak kullan\u0131m\u0131n, yasal hak ile ekonomik g\u00fc\u00e7 aras\u0131ndaki fark\u0131n b\u00fcy\u00fck olmas\u0131ndan kaynakland\u0131\u011f\u0131na vurgu yapt\u0131. Prof. Dr. Fuat O\u011fuz, \u201cKa\u00e7ak elektrik kullan\u0131m\u0131n\u0131 tespit etmek, fiyatland\u0131rmak ve tahsil etme s\u00fcre\u00e7lerinin y\u00fcksek ekonomik maliyetleri bulunmaktad\u0131r. Maliye Bakanl\u0131\u011f\u0131 belirli rakam\u0131n alt\u0131ndaki alacaklar\u0131n\u0131 takip edememektedir. Elektronik ve ak\u0131ll\u0131 saya\u00e7lar sayesinde bu maliyetler a\u015fa\u011f\u0131ya inmektedir. Ancak ka\u00e7ak kullan\u0131mdaki azalma beklenenin alt\u0131nda kalmaktad\u0131r. Ka\u00e7ak elektrik kullan\u0131m\u0131n\u0131 \u00f6nlemenin i\u015flem maliyetleri d\u0131\u015f\u0131nda siyasi fakt\u00f6rler de belirleyici olabilmektedir. Bir t\u00fcr \u00e7apraz s\u00fcbvansiyon g\u00f6revi g\u00f6ren ka\u00e7ak kullan\u0131m, bu b\u00f6lgelere devletin yard\u0131m\u0131 olarak g\u00f6r\u00fclmektedir. Ka\u00e7ak elektrik kullan\u0131m\u0131 sadece T\u00fcrkiye\u2019de de\u011fil geli\u015fmi\u015f ve geli\u015fmekte olan \u00fclkelerde yayg\u0131n olarak g\u00f6r\u00fclmektedir.\u201d tespitini yapt\u0131.<\/p>\n<p style=\"color: #0a0a0a;\">Kaynak: Enerji Enstit\u00fcs\u00fc<\/p>\n<p><\/p>","protected":false},"excerpt":{"rendered":"<p>Sorry, this entry is only available in Turkish. For the sake of viewer convenience, the content is shown below in the alternative language. You may click the link to switch the active language. Y\u0131ld\u0131r\u0131m Beyaz\u0131t \u00dcniversitesi \u00d6\u011fretim \u00dcyesi Prof. Dr. Fuat O\u011fuz, ka\u00e7ak elektrik kullan\u0131m\u0131n\u0131n sadece T\u00fcrkiye\u2019nin sorunu olmad\u0131\u011f\u0131n\u0131, geli\u015fmi\u015f ve geli\u015fmekte olan \u00fclkelerin de [&hellip;]<\/p>\n","protected":false},"author":1,"featured_media":44115,"comment_status":"open","ping_status":"open","sticky":false,"template":"","format":"standard","meta":[],"categories":[51,53],"tags":[68,61,19638,29179,1451,2873,29180,63,67,1009,2698,165,4034,1215,8635],"views":919,"_links":{"self":[{"href":"https:\/\/www.enerjigazetesi.ist\/en\/wp-json\/wp\/v2\/posts\/52102"}],"collection":[{"href":"https:\/\/www.enerjigazetesi.ist\/en\/wp-json\/wp\/v2\/posts"}],"about":[{"href":"https:\/\/www.enerjigazetesi.ist\/en\/wp-json\/wp\/v2\/types\/post"}],"author":[{"embeddable":true,"href":"https:\/\/www.enerjigazetesi.ist\/en\/wp-json\/wp\/v2\/users\/1"}],"replies":[{"embeddable":true,"href":"https:\/\/www.enerjigazetesi.ist\/en\/wp-json\/wp\/v2\/comments?post=52102"}],"version-history":[{"count":1,"href":"https:\/\/www.enerjigazetesi.ist\/en\/wp-json\/wp\/v2\/posts\/52102\/revisions"}],"predecessor-version":[{"id":52103,"href":"https:\/\/www.enerjigazetesi.ist\/en\/wp-json\/wp\/v2\/posts\/52102\/revisions\/52103"}],"wp:featuredmedia":[{"embeddable":true,"href":"https:\/\/www.enerjigazetesi.ist\/en\/wp-json\/wp\/v2\/media\/44115"}],"wp:attachment":[{"href":"https:\/\/www.enerjigazetesi.ist\/en\/wp-json\/wp\/v2\/media?parent=52102"}],"wp:term":[{"taxonomy":"category","embeddable":true,"href":"https:\/\/www.enerjigazetesi.ist\/en\/wp-json\/wp\/v2\/categories?post=52102"},{"taxonomy":"post_tag","embeddable":true,"href":"https:\/\/www.enerjigazetesi.ist\/en\/wp-json\/wp\/v2\/tags?post=52102"}],"curies":[{"name":"wp","href":"https:\/\/api.w.org\/{rel}","templated":true}]}}