{"id":52083,"date":"2016-04-18T12:36:55","date_gmt":"2016-04-18T09:36:55","guid":{"rendered":"https:\/\/www.enerjigazetesi.ist\/?p=52083"},"modified":"2016-04-18T12:36:55","modified_gmt":"2016-04-18T09:36:55","slug":"istanbul-akilli-sebekeler-ve-sehirler-kongresi-icsg-20-21-nisan-da","status":"publish","type":"post","link":"https:\/\/www.enerjigazetesi.ist\/en\/istanbul-akilli-sebekeler-ve-sehirler-kongresi-icsg-20-21-nisan-da\/","title":{"rendered":"(Turkish) \u0130stanbul Ak\u0131ll\u0131 \u015eebekeler ve \u015eehirler Kongresi ICSG 20-21 Nisan&#8217;da&#8230;"},"content":{"rendered":"<p class=\"qtranxs-available-languages-message qtranxs-available-languages-message-en\">Sorry, this entry is only available in <a href=\"https:\/\/www.enerjigazetesi.ist\/tr\/wp-json\/wp\/v2\/posts\/52083\" class=\"qtranxs-available-language-link qtranxs-available-language-link-tr\" title=\"Turkish\">Turkish<\/a>. For the sake of viewer convenience, the content is shown below in the alternative language. You may click the link to switch the active language.<\/p><p><\/p>\n<p style=\"color: #0a0a0a;\"><strong>\u0130stanbul Ak\u0131ll\u0131 \u015eebekeler ve \u015eehirler Kongre ve Fuar\u0131 ICSG i\u00e7in mevcut ba\u015fvurulara ek olarak \u0130svi\u00e7re, Almanya, Birle\u015fik Arap Emirlikleri, Avusturya ve Hollanda\u2019dan da kat\u0131l\u0131m talebi geldi.<\/strong><span id=\"more-77792\"><\/span><\/p>\n<p style=\"color: #0a0a0a;\">Uluslararas\u0131 platformdan d\u00fcnya devlerinin <strong>20-21 Nisan 2016 tarihleri<\/strong> ay\u0131nda Hali\u00e7 Kongre Merkezi\u2019nde bir araya gelece\u011fi, iki g\u00fcn s\u00fcrecek Ak\u0131ll\u0131 \u015eebekeler ve \u015eehirler Kongre ve Fuar\u0131 ICSG i\u00e7in geri say\u0131m ba\u015flad\u0131. Organiza<a href=\"https:\/\/www.enerjigazetesi.ist\/wp-content\/uploads\/2016\/04\/istanbul-akilli-sebekeler-ve-sehirler-kongresi-icsg-20-21-nisan-da.jpg\"><img loading=\"lazy\" class=\"alignright size-medium wp-image-52084\" src=\"https:\/\/www.enerjigazetesi.ist\/wp-content\/uploads\/2016\/04\/istanbul-akilli-sebekeler-ve-sehirler-kongresi-icsg-20-21-nisan-da-300x173.jpg\" alt=\"istanbul-akilli-sebekeler-ve-sehirler-kongresi-icsg-20-21-nisan-da\" width=\"300\" height=\"173\" srcset=\"https:\/\/www.enerjigazetesi.ist\/wp-content\/uploads\/2016\/04\/istanbul-akilli-sebekeler-ve-sehirler-kongresi-icsg-20-21-nisan-da-300x173.jpg 300w, https:\/\/www.enerjigazetesi.ist\/wp-content\/uploads\/2016\/04\/istanbul-akilli-sebekeler-ve-sehirler-kongresi-icsg-20-21-nisan-da-1024x593.jpg 1024w, https:\/\/www.enerjigazetesi.ist\/wp-content\/uploads\/2016\/04\/istanbul-akilli-sebekeler-ve-sehirler-kongresi-icsg-20-21-nisan-da-500x289.jpg 500w, https:\/\/www.enerjigazetesi.ist\/wp-content\/uploads\/2016\/04\/istanbul-akilli-sebekeler-ve-sehirler-kongresi-icsg-20-21-nisan-da-80x46.jpg 80w, https:\/\/www.enerjigazetesi.ist\/wp-content\/uploads\/2016\/04\/istanbul-akilli-sebekeler-ve-sehirler-kongresi-icsg-20-21-nisan-da.jpg 1068w\" sizes=\"(max-width: 300px) 100vw, 300px\" \/><\/a>syon s\u00fcresince milli \u00fclke kat\u0131l\u0131mlar\u0131, startuplar, teknokentler, da\u011f\u0131t\u0131m firmalar\u0131, organize sanayi m\u00fcd\u00fcrl\u00fckleri ve belediyeler ba\u015fta olmak \u00fczere sekt\u00f6r\u00fcn karar vericileri \u0130stanbul\u2019da toplanacak. D\u00fcnyan\u0131n en b\u00fcy\u00fck bili\u015fim vadisine sahip Hindistan \u00f6zel oturumuyla son geli\u015fmeler ilk kez ICSG\u2019de a\u00e7\u0131klanacak.<\/p>\n<p style=\"color: #0a0a0a;\">ICSG kapsam\u0131nda d\u00fczenlenecek paneller D\u00fcnya\u2019da alan\u0131nda en \u00f6nemli isimleri de T\u00fcrk i\u015fadamlar\u0131 ve uzmanlar ile bir araya getirme f\u0131rsat\u0131 sunacak. Kongre ile birlikte d\u00fczenlenen fuar kapsam\u0131nda da 250 firma stand a\u00e7acak. Yurtd\u0131\u015f\u0131ndan milli kat\u0131l\u0131mlarla olu\u015fturulacak pavilyonlarda yeni \u00fcr\u00fcnler ilk kez sergilenerek ICSG\u2019de tan\u0131t\u0131lacak. D\u00f6rd\u00fcnc\u00fcs\u00fc d\u00fczenlenecek kongre ve fuar\u0131n a\u00e7\u0131l\u0131\u015f konu\u015fmalar\u0131n\u0131 Enerji ve Tabii Kaynaklar Bakan\u0131 Berat Albayrak, Bilim, Sanayi ve Teknoloji Bakan\u0131 Fikri I\u015f\u0131k, \u00c7evre ve \u015eehircilik Bakan\u0131 Fatma G\u00fcldemet Sar\u0131, EPDK Ba\u015fkan\u0131 Mustafa Y\u0131lmaz, \u0130stanbul B\u00fcy\u00fck\u015fehir Belediye Ba\u015fkan\u0131 Dr.Kadir Topba\u015f, \u0130sve\u00e7 Enerji Bakan\u0131, Avusturya Viyana \u015eehircilik Bakan\u0131 ger\u00e7ekle\u015ftirecek. Hindistan, Yunanistan, \u0130talya, \u0130sve\u00e7, Avusturya, Almanya, Azerbaycan, Bosna Hersek, Bulgaristan, Danimarka, G\u00fcney Afrika Cumhuriyeti, G\u00fcrcistan, \u0130ngiltere, \u0130rlanda, \u0130sve\u00e7, Katar, Kazakistan, Kosova, Litvanya, Makedonya, Nijerya, \u00d6zbekistan, Pakistan, Romanya, S\u0131rbistan, Suudi Arabistan kat\u0131lacak \u00fclkeler aras\u0131nda. Etkinli\u011fin ana sponsorlar\u0131: Turkcell, Vodafone, Stat\u00fcgaz ve Luna.<br \/>\n\u0130ki g\u00fcn s\u00fcrecek etkinlikler kapsam\u0131nda, Elektrik Marketinde Te\u015fvikler, D\u00fczenlemeler ve Fiyatland\u0131rma, Ak\u0131ll\u0131 \u015eebekelerde Veri Analizi ve \u015eehirler Oturumu, \u00c7evre ve \u015eehircilik Bakanl\u0131\u011f\u0131, Ak\u0131ll\u0131 Teknokentler, OSB\u2019ler ve Kamp\u00fcs \u00dcniversiteler, Ak\u0131ll\u0131 \u015eebekelerde G\u00fc\u00e7 Kalitesi Problemlerine AB ile Ortak \u00c7\u00f6z\u00fcmler, Ak\u0131ll\u0131 \u015eebekelerde Teknolojik \u00c7\u00f6z\u00fcmler ve Gelece\u011fe Yat\u0131r\u0131m, Ak\u0131ll\u0131 Elektrik Da\u011f\u0131t\u0131m \u015eebekeleri, Ak\u0131ll\u0131 Gaz Da\u011f\u0131t\u0131m \u015eebekeleri ve Ak\u0131ll\u0131 \u015eebekelerde De\u011fi\u015fen Kullan\u0131c\u0131 E\u011filimleri konu ba\u015fl\u0131klar\u0131nda oturumlar d\u00fczenlenecek. Bu kapsamda Obama\u2019n\u0131n Enerji Ba\u015f Dan\u0131\u015fman\u0131 John McDonald \u201cHer Y\u00f6n\u00fcyle D\u00fcnyada Ak\u0131ll\u0131 \u015eebekeler Ve \u015eehirlerin Mevcut Durumu ve Gelece\u011fi\u201d hakk\u0131nda son geli\u015fmeleri duyurmak i\u00e7in ICSG \u0130stanbul\u2019a kat\u0131lacak.<\/p>\n<p style=\"color: #0a0a0a;\">Kaynak: B\u00fcltenler<\/p>\n<p><\/p>","protected":false},"excerpt":{"rendered":"<p>Sorry, this entry is only available in Turkish. For the sake of viewer convenience, the content is shown below in the alternative language. You may click the link to switch the active language. \u0130stanbul Ak\u0131ll\u0131 \u015eebekeler ve \u015eehirler Kongre ve Fuar\u0131 ICSG i\u00e7in mevcut ba\u015fvurulara ek olarak \u0130svi\u00e7re, Almanya, Birle\u015fik Arap Emirlikleri, Avusturya ve Hollanda\u2019dan [&hellip;]<\/p>\n","protected":false},"author":1,"featured_media":52084,"comment_status":"open","ping_status":"open","sticky":false,"template":"","format":"standard","meta":[],"categories":[51,53],"tags":[29176,929,6174,3648,63,67,1009,2698,165,1287,5224,1967,27019,29177,7266],"views":935,"_links":{"self":[{"href":"https:\/\/www.enerjigazetesi.ist\/en\/wp-json\/wp\/v2\/posts\/52083"}],"collection":[{"href":"https:\/\/www.enerjigazetesi.ist\/en\/wp-json\/wp\/v2\/posts"}],"about":[{"href":"https:\/\/www.enerjigazetesi.ist\/en\/wp-json\/wp\/v2\/types\/post"}],"author":[{"embeddable":true,"href":"https:\/\/www.enerjigazetesi.ist\/en\/wp-json\/wp\/v2\/users\/1"}],"replies":[{"embeddable":true,"href":"https:\/\/www.enerjigazetesi.ist\/en\/wp-json\/wp\/v2\/comments?post=52083"}],"version-history":[{"count":1,"href":"https:\/\/www.enerjigazetesi.ist\/en\/wp-json\/wp\/v2\/posts\/52083\/revisions"}],"predecessor-version":[{"id":52085,"href":"https:\/\/www.enerjigazetesi.ist\/en\/wp-json\/wp\/v2\/posts\/52083\/revisions\/52085"}],"wp:featuredmedia":[{"embeddable":true,"href":"https:\/\/www.enerjigazetesi.ist\/en\/wp-json\/wp\/v2\/media\/52084"}],"wp:attachment":[{"href":"https:\/\/www.enerjigazetesi.ist\/en\/wp-json\/wp\/v2\/media?parent=52083"}],"wp:term":[{"taxonomy":"category","embeddable":true,"href":"https:\/\/www.enerjigazetesi.ist\/en\/wp-json\/wp\/v2\/categories?post=52083"},{"taxonomy":"post_tag","embeddable":true,"href":"https:\/\/www.enerjigazetesi.ist\/en\/wp-json\/wp\/v2\/tags?post=52083"}],"curies":[{"name":"wp","href":"https:\/\/api.w.org\/{rel}","templated":true}]}}