{"id":52076,"date":"2016-04-18T11:32:50","date_gmt":"2016-04-18T08:32:50","guid":{"rendered":"https:\/\/www.enerjigazetesi.ist\/?p=52076"},"modified":"2016-04-18T11:32:50","modified_gmt":"2016-04-18T08:32:50","slug":"kuveytte-petrol-uretimi-grev-sebebiyle-yuzde-60-dustu","status":"publish","type":"post","link":"https:\/\/www.enerjigazetesi.ist\/en\/kuveytte-petrol-uretimi-grev-sebebiyle-yuzde-60-dustu\/","title":{"rendered":"(Turkish) Kuveyt\u2019te Petrol \u00dcretimi Grev Sebebiyle Y\u00fczde 60 D\u00fc\u015ft\u00fc&#8230;"},"content":{"rendered":"<p class=\"qtranxs-available-languages-message qtranxs-available-languages-message-en\">Sorry, this entry is only available in <a href=\"https:\/\/www.enerjigazetesi.ist\/tr\/wp-json\/wp\/v2\/posts\/52076\" class=\"qtranxs-available-language-link qtranxs-available-language-link-tr\" title=\"Turkish\">Turkish<\/a>. For the sake of viewer convenience, the content is shown below in the alternative language. You may click the link to switch the active language.<\/p><p><\/p>\n<p style=\"color: #0a0a0a;\"><strong>Kuveyt\u2019te devlet petrol \u015firketinin i\u015f\u00e7ilerin grev yapmas\u0131yla ba\u015fa \u00e7\u0131kabilmek i\u00e7in acil \u00f6nlemler almas\u0131yla petrol \u00fcretimi y\u00fczde 60 d\u00fc\u015ft\u00fc ve rafineri i\u015flemleri azald\u0131.<\/strong><span id=\"more-78771\"><\/span><\/p>\n<p style=\"color: #0a0a0a;\">Kuwait Oil Co.\u2019nun s\u00f6zc\u00fcs\u00fc Saad Al-Azmi, sosyal medyadan yapt\u0131\u011f\u0131 a\u00e7\u0131klamada, OPEC\u2019in d\u00f6rd\u00fcnc\u00fc b\u00fcy\u00fck petrol \u00fcreticisi olan Kuveyt\u2019in \u00fcretiminin g\u00fcn<a href=\"https:\/\/www.enerjigazetesi.ist\/wp-content\/uploads\/2016\/04\/kuveytte-petrol-uretimi-grev-sebebiyle-yuzde-60-dustu.jpg\"><img loading=\"lazy\" class=\"alignleft size-medium wp-image-52077\" src=\"https:\/\/www.enerjigazetesi.ist\/wp-content\/uploads\/2016\/04\/kuveytte-petrol-uretimi-grev-sebebiyle-yuzde-60-dustu-300x168.jpg\" alt=\"kuveytte-petrol-uretimi-grev-sebebiyle-yuzde-60-dustu\" width=\"300\" height=\"168\" srcset=\"https:\/\/www.enerjigazetesi.ist\/wp-content\/uploads\/2016\/04\/kuveytte-petrol-uretimi-grev-sebebiyle-yuzde-60-dustu-300x168.jpg 300w, https:\/\/www.enerjigazetesi.ist\/wp-content\/uploads\/2016\/04\/kuveytte-petrol-uretimi-grev-sebebiyle-yuzde-60-dustu-1024x576.jpg 1024w, https:\/\/www.enerjigazetesi.ist\/wp-content\/uploads\/2016\/04\/kuveytte-petrol-uretimi-grev-sebebiyle-yuzde-60-dustu-500x281.jpg 500w, https:\/\/www.enerjigazetesi.ist\/wp-content\/uploads\/2016\/04\/kuveytte-petrol-uretimi-grev-sebebiyle-yuzde-60-dustu-80x45.jpg 80w, https:\/\/www.enerjigazetesi.ist\/wp-content\/uploads\/2016\/04\/kuveytte-petrol-uretimi-grev-sebebiyle-yuzde-60-dustu.jpg 1068w\" sizes=\"(max-width: 300px) 100vw, 300px\" \/><\/a>l\u00fck 1.1 milyon varil azald\u0131\u011f\u0131n\u0131 s\u00f6yledi. Kuwait Petroleum Corp., yerel piyasa i\u00e7in petrol sa\u011flamaya devam edece\u011fini ve ihracatta talebi kar\u015f\u0131layacabileceklerini belirtti.<\/p>\n<p style=\"color: #0a0a0a;\">Kuwait Petroleum Corp s\u00f6zc\u00fcs\u00fc Khaled Al-Asouis, \u00fclkenin rafinerilerinin g\u00fcnl\u00fck 520,000 varil \u00fcretim yapt\u0131\u011f\u0131n\u0131 s\u00f6yledi. Devlete ait rafinerileri, \u00fclkenin toplam kapasitesi yakla\u015f\u0131k g\u00fcnl\u00fck 900,000 varil olan \u00fc\u00e7 petrol \u00fcretim yerinde i\u015flem oranlar\u0131n\u0131 d\u00fc\u015f\u00fcrd\u00fc.<\/p>\n<p style=\"color: #0a0a0a;\">13,000 \u00fcyeli Petrol ve Petrokimya End\u00fcstrileri \u0130\u015f\u00e7iler Konfederasyonu \u00fcyesi olan i\u015f\u00e7iler sendika liderinin a\u00e7\u0131klamas\u0131na g\u00f6re, maa\u015f ve haklar\u0131ndaki kesintiler sebebiyle protesto yap\u0131yorlar. Sendika lideri Saif Al Qahtani\u2019nin dediklerine g\u00f6re grev ba\u015flad\u0131\u011f\u0131n\u0131da 6000 \u2018e yak\u0131n i\u015f\u00e7inin i\u015fi b\u0131rakarak greve kat\u0131ld\u0131\u011f\u0131n\u0131 s\u00f6yledi.<\/p>\n<p style=\"color: #0a0a0a;\">Kaynak: Enerji Enstit\u00fcs\u00fc<\/p>\n<p><\/p>","protected":false},"excerpt":{"rendered":"<p>Sorry, this entry is only available in Turkish. For the sake of viewer convenience, the content is shown below in the alternative language. You may click the link to switch the active language. Kuveyt\u2019te devlet petrol \u015firketinin i\u015f\u00e7ilerin grev yapmas\u0131yla ba\u015fa \u00e7\u0131kabilmek i\u00e7in acil \u00f6nlemler almas\u0131yla petrol \u00fcretimi y\u00fczde 60 d\u00fc\u015ft\u00fc ve rafineri i\u015flemleri azald\u0131. [&hellip;]<\/p>\n","protected":false},"author":1,"featured_media":52077,"comment_status":"open","ping_status":"open","sticky":false,"template":"","format":"standard","meta":[],"categories":[53,44],"tags":[29169,63,67,1009,2698,165,23184,1373,29170,1377,59,79,2388,887,2522,1369],"views":1497,"_links":{"self":[{"href":"https:\/\/www.enerjigazetesi.ist\/en\/wp-json\/wp\/v2\/posts\/52076"}],"collection":[{"href":"https:\/\/www.enerjigazetesi.ist\/en\/wp-json\/wp\/v2\/posts"}],"about":[{"href":"https:\/\/www.enerjigazetesi.ist\/en\/wp-json\/wp\/v2\/types\/post"}],"author":[{"embeddable":true,"href":"https:\/\/www.enerjigazetesi.ist\/en\/wp-json\/wp\/v2\/users\/1"}],"replies":[{"embeddable":true,"href":"https:\/\/www.enerjigazetesi.ist\/en\/wp-json\/wp\/v2\/comments?post=52076"}],"version-history":[{"count":1,"href":"https:\/\/www.enerjigazetesi.ist\/en\/wp-json\/wp\/v2\/posts\/52076\/revisions"}],"predecessor-version":[{"id":52078,"href":"https:\/\/www.enerjigazetesi.ist\/en\/wp-json\/wp\/v2\/posts\/52076\/revisions\/52078"}],"wp:featuredmedia":[{"embeddable":true,"href":"https:\/\/www.enerjigazetesi.ist\/en\/wp-json\/wp\/v2\/media\/52077"}],"wp:attachment":[{"href":"https:\/\/www.enerjigazetesi.ist\/en\/wp-json\/wp\/v2\/media?parent=52076"}],"wp:term":[{"taxonomy":"category","embeddable":true,"href":"https:\/\/www.enerjigazetesi.ist\/en\/wp-json\/wp\/v2\/categories?post=52076"},{"taxonomy":"post_tag","embeddable":true,"href":"https:\/\/www.enerjigazetesi.ist\/en\/wp-json\/wp\/v2\/tags?post=52076"}],"curies":[{"name":"wp","href":"https:\/\/api.w.org\/{rel}","templated":true}]}}