{"id":52074,"date":"2016-04-18T11:29:03","date_gmt":"2016-04-18T08:29:03","guid":{"rendered":"https:\/\/www.enerjigazetesi.ist\/?p=52074"},"modified":"2016-04-18T11:29:03","modified_gmt":"2016-04-18T08:29:03","slug":"tupras-izmit-rafinerisinde-yangin-1-olu-4-yarali","status":"publish","type":"post","link":"https:\/\/www.enerjigazetesi.ist\/en\/tupras-izmit-rafinerisinde-yangin-1-olu-4-yarali\/","title":{"rendered":"(Turkish) T\u00dcPRA\u015e \u0130zmit Rafinerisinde Yang\u0131n: 1 \u00d6l\u00fc 4 Yaral\u0131!"},"content":{"rendered":"<p class=\"qtranxs-available-languages-message qtranxs-available-languages-message-en\">Sorry, this entry is only available in <a href=\"https:\/\/www.enerjigazetesi.ist\/tr\/wp-json\/wp\/v2\/posts\/52074\" class=\"qtranxs-available-language-link qtranxs-available-language-link-tr\" title=\"Turkish\">Turkish<\/a>. For the sake of viewer convenience, the content is shown below in the alternative language. You may click the link to switch the active language.<\/p><p><\/p>\n<p style=\"color: #0a0a0a;\"><strong>T\u00fcrkiye Petrol Rafinerileri A\u015e (T\u00dcPRA\u015e) \u0130zmit Rafinerisinde meydana gelen yang\u0131nda 1 ki\u015finin \u00f6ld\u00fc\u011f\u00fc, 4 ki\u015finin yaraland\u0131\u011f\u0131 bildirildi.<a href=\"https:\/\/www.enerjigazetesi.ist\/wp-content\/uploads\/2014\/05\/t\u00fcpra\u015f.jpg\"><img loading=\"lazy\" class=\"alignright size-medium wp-image-26986\" src=\"https:\/\/www.enerjigazetesi.ist\/wp-content\/uploads\/2014\/05\/t\u00fcpra\u015f-300x229.jpg\" alt=\"t\u00fcpra\u015f\" width=\"300\" height=\"229\" srcset=\"https:\/\/www.enerjigazetesi.ist\/wp-content\/uploads\/2014\/05\/t\u00fcpra\u015f-300x229.jpg 300w, https:\/\/www.enerjigazetesi.ist\/wp-content\/uploads\/2014\/05\/t\u00fcpra\u015f-500x381.jpg 500w, https:\/\/www.enerjigazetesi.ist\/wp-content\/uploads\/2014\/05\/t\u00fcpra\u015f-65x50.jpg 65w, https:\/\/www.enerjigazetesi.ist\/wp-content\/uploads\/2014\/05\/t\u00fcpra\u015f.jpg 542w\" sizes=\"(max-width: 300px) 100vw, 300px\" \/><\/a><\/strong><span id=\"more-78779\"><\/span><\/p>\n<p style=\"color: #0a0a0a;\">T\u00dcPRA\u015e\u2019ta yap\u0131lan yaz\u0131l\u0131 a\u00e7\u0131klamada, saat 22.40\u2019ta rafinerinin Ham Petrol \u00dcnitesi\u2019nde bak\u0131m \u00e7al\u0131\u015fmas\u0131 s\u0131ras\u0131nda yang\u0131n meydana geldi\u011fi, rafineri teknik emniyet ekiplerinin yang\u0131n\u0131 kontrol alt\u0131na alarak 23.45\u2019te s\u00f6nd\u00fcrd\u00fc\u011f\u00fc belirtildi.<\/p>\n<p style=\"color: #0a0a0a;\">A\u00e7\u0131klamada, yang\u0131n s\u0131ras\u0131nda \u00e7al\u0131\u015fan Mustafa Er\u2019in t\u00fcm \u00e7abalara ra\u011fmen hayat\u0131n\u0131 kaybetti\u011fi ifade edilerek, ailesine ba\u015fsa\u011fl\u0131\u011f\u0131 dilendi.<\/p>\n<p style=\"color: #0a0a0a;\">Yaral\u0131 olarak Derince E\u011fitim ve Ara\u015ft\u0131rma Hastanesi Yan\u0131k \u00dcnitesine kald\u0131r\u0131lan Ba\u015f Operat\u00f6r Vedat Arabac\u0131, Operat\u00f6r \u0130zzet G\u00fcnay, Bak\u0131mc\u0131 Y\u00fccel Cengiz ile Metin Furuncu\u2019nun sa\u011fl\u0131k durumlar\u0131n\u0131n iyi oldu\u011fu kaydedildi.<\/p>\n<p style=\"color: #0a0a0a;\">Kaynak: Enerji Enstit\u00fcs\u00fc<\/p>\n<p><\/p>","protected":false},"excerpt":{"rendered":"<p>Sorry, this entry is only available in Turkish. For the sake of viewer convenience, the content is shown below in the alternative language. You may click the link to switch the active language. T\u00fcrkiye Petrol Rafinerileri A\u015e (T\u00dcPRA\u015e) \u0130zmit Rafinerisinde meydana gelen yang\u0131nda 1 ki\u015finin \u00f6ld\u00fc\u011f\u00fc, 4 ki\u015finin yaraland\u0131\u011f\u0131 bildirildi. T\u00dcPRA\u015e\u2019ta yap\u0131lan yaz\u0131l\u0131 a\u00e7\u0131klamada, saat [&hellip;]<\/p>\n","protected":false},"author":1,"featured_media":26986,"comment_status":"open","ping_status":"open","sticky":false,"template":"","format":"standard","meta":[],"categories":[53],"tags":[63,67,1009,2698,165,1000,6406,5345,17943],"views":867,"_links":{"self":[{"href":"https:\/\/www.enerjigazetesi.ist\/en\/wp-json\/wp\/v2\/posts\/52074"}],"collection":[{"href":"https:\/\/www.enerjigazetesi.ist\/en\/wp-json\/wp\/v2\/posts"}],"about":[{"href":"https:\/\/www.enerjigazetesi.ist\/en\/wp-json\/wp\/v2\/types\/post"}],"author":[{"embeddable":true,"href":"https:\/\/www.enerjigazetesi.ist\/en\/wp-json\/wp\/v2\/users\/1"}],"replies":[{"embeddable":true,"href":"https:\/\/www.enerjigazetesi.ist\/en\/wp-json\/wp\/v2\/comments?post=52074"}],"version-history":[{"count":1,"href":"https:\/\/www.enerjigazetesi.ist\/en\/wp-json\/wp\/v2\/posts\/52074\/revisions"}],"predecessor-version":[{"id":52075,"href":"https:\/\/www.enerjigazetesi.ist\/en\/wp-json\/wp\/v2\/posts\/52074\/revisions\/52075"}],"wp:featuredmedia":[{"embeddable":true,"href":"https:\/\/www.enerjigazetesi.ist\/en\/wp-json\/wp\/v2\/media\/26986"}],"wp:attachment":[{"href":"https:\/\/www.enerjigazetesi.ist\/en\/wp-json\/wp\/v2\/media?parent=52074"}],"wp:term":[{"taxonomy":"category","embeddable":true,"href":"https:\/\/www.enerjigazetesi.ist\/en\/wp-json\/wp\/v2\/categories?post=52074"},{"taxonomy":"post_tag","embeddable":true,"href":"https:\/\/www.enerjigazetesi.ist\/en\/wp-json\/wp\/v2\/tags?post=52074"}],"curies":[{"name":"wp","href":"https:\/\/api.w.org\/{rel}","templated":true}]}}