{"id":52061,"date":"2016-04-17T23:27:00","date_gmt":"2016-04-17T20:27:00","guid":{"rendered":"https:\/\/www.enerjigazetesi.ist\/?p=52061"},"modified":"2016-04-17T23:27:00","modified_gmt":"2016-04-17T20:27:00","slug":"yesil-kalkinmayi-sagladiginiz-zaman-buyuk-avantaj-olusturuyorsunuz","status":"publish","type":"post","link":"https:\/\/www.enerjigazetesi.ist\/en\/yesil-kalkinmayi-sagladiginiz-zaman-buyuk-avantaj-olusturuyorsunuz\/","title":{"rendered":"(Turkish) \u201cYe\u015fil Kalk\u0131nmay\u0131 Sa\u011flad\u0131\u011f\u0131n\u0131z Zaman B\u00fcy\u00fck Avantaj Olu\u015fturuyorsunuz!\u201d"},"content":{"rendered":"<p class=\"qtranxs-available-languages-message qtranxs-available-languages-message-en\">Sorry, this entry is only available in <a href=\"https:\/\/www.enerjigazetesi.ist\/tr\/wp-json\/wp\/v2\/posts\/52061\" class=\"qtranxs-available-language-link qtranxs-available-language-link-tr\" title=\"Turkish\">Turkish<\/a>. For the sake of viewer convenience, the content is shown below in the alternative language. You may click the link to switch the active language.<\/p><p><\/p>\n<p style=\"color: #666666;\"><span style=\"font-weight: bold; color: #222222;\">ARGE Dan\u0131\u015fmanl\u0131k Yetkilisi Erkin Erimez: \u201cT\u00fcrkiye\u2019deki akademik kadro ve kamu bir araya getirilerek, riskleri ortaya koymak i\u00e7in makro \u00e7\u00f6z\u00fcm paketleri olu\u015fturulmal\u0131. Ye\u015fil kalk\u0131nmay\u0131 sa\u011flad\u0131\u011f\u0131n\u0131z zaman \u00e7ok b\u00fcy\u00fck avantaj olu\u015fturuyorsunuz. Yurt d\u0131\u015f\u0131yla entegrasyon konusu giderek \u00f6nem kazan\u0131yor.\u201d<br \/>\n<\/span><\/p>\n<p style=\"color: #666666;\"><strong>III. \u0130stanbul Karbon Zirvesi\u2019nin<\/strong> ikinci g\u00fcn\u00fc panel ve oturumlarla s\u00fcrd\u00fc. Zirvede konu\u015fan ARGE Dan\u0131<a href=\"https:\/\/www.enerjigazetesi.ist\/wp-content\/uploads\/2016\/04\/yesil-kalkinmayi-sagladiginiz-zaman-buyuk-avantaj-olusturuyorsunuz.jpg\"><img loading=\"lazy\" class=\"alignright  wp-image-52062\" src=\"https:\/\/www.enerjigazetesi.ist\/wp-content\/uploads\/2016\/04\/yesil-kalkinmayi-sagladiginiz-zaman-buyuk-avantaj-olusturuyorsunuz-300x110.jpg\" alt=\"yesil-kalkinmayi-sagladiginiz-zaman-buyuk-avantaj-olusturuyorsunuz\" width=\"300\" height=\"172\" \/><\/a>\u015fmanl\u0131k Yetkilisi Erkin Erimez, s\u00fcrd\u00fcr\u00fclebilir kalk\u0131nman\u0131n en etkin yolunun insanlar\u0131 bilin\u00e7lendirmek oldu\u011funu belirtti. Erimez, \u201cT\u00fcrkiye\u2019deki akademik kadro ve kamu bir araya getirilerek, riskleri ortaya koymak i\u00e7in makro \u00e7\u00f6z\u00fcm paketleri olu\u015fturulmal\u0131. Ye\u015fil kalk\u0131nmay\u0131 sa\u011flad\u0131\u011f\u0131n\u0131z zaman \u00e7ok b\u00fcy\u00fck avantaj olu\u015fturuyorsunuz. Yurt d\u0131\u015f\u0131yla entegrasyon konusu giderek \u00f6nem kazan\u0131yor\u201d dedi.<\/p>\n<p style=\"color: #666666;\">Erimez, S\u00fcrd\u00fcr\u00fclebilir Kalk\u0131nma \u00c7\u00f6z\u00fcm A\u011flar\u0131 kapsam\u0131nda, d\u00fcnyan\u0131n \u00e7e\u015fitli \u00fclkelerinden \u00fcniversiteler, ara\u015ft\u0131rma merkezleri, d\u00fc\u015f\u00fcnce kurulu\u015flar\u0131, sivil toplum \u00f6rg\u00fctleri ve i\u015f d\u00fcnyas\u0131 ile i\u015fbirli\u011fi i\u00e7inde olduklar\u0131n\u0131 aktard\u0131. Erimez, akademileri, kamu ve \u00f6zel sekt\u00f6r\u00fc bir araya getirerek, makro \u00e7\u00f6z\u00fcmler geli\u015ftirmeyi hedeflediklerini dile getirdi. Erimez payda\u015flarla bilgiyi payla\u015fman\u0131n \u00f6nemine de\u011finerek, gen\u00e7li\u011fin bu a\u00e7\u0131dan \u00f6nemli payda\u015flar oldu\u011funu dile getirdi.<br \/>\nErimez, s\u00fcrd\u00fcr\u00fclebilir kalk\u0131nma i\u00e7in s\u00fcrd\u00fcr\u00fclebilir finansman modeline ihtiya\u00e7 oldu\u011funun da alt\u0131n\u0131 \u00e7izdi.<\/p>\n<p style=\"color: #666666;\"><span style=\"font-weight: bold; color: #222222;\">\u201cEnerji sekt\u00f6r\u00fcnde de\u011fi\u015fim ya\u015fan\u0131yor\u201d<\/span><\/p>\n<p style=\"color: #666666;\">Zirvede konu\u015fan Garanti Bankas\u0131 Proje Finansman\u0131 M\u00fcd\u00fcrl\u00fc\u011f\u00fc Sat\u0131n Al\u0131m Finansman\u0131 Y\u00f6neticisi Orhan Tanr\u0131verdi, T\u00fcrkiye\u2019de enerji sekt\u00f6r\u00fcnde 2002 y\u0131l\u0131ndan itibaren \u00e7ok \u00f6nemli bir de\u011fi\u015fim ya\u015fad\u0131\u011f\u0131na dikkat \u00e7ekerek, kurulu g\u00fc\u00e7 a\u00e7\u0131s\u0131ndan b\u00fcy\u00fck bir ivme yakaland\u0131\u011f\u0131n\u0131 s\u00f6yledi. Tanr\u0131verdi, enerji projelerinde yenilenebilir enerji projelerinin pay\u0131n\u0131n giderek artt\u0131\u011f\u0131n\u0131 da ifade etti.<\/p>\n<p style=\"color: #666666;\"><span style=\"font-weight: bold; color: #222222;\">\u201cYenilenebilir enerji kaynaklar\u0131na kredi veriyoruz\u201d<\/span><\/p>\n<p style=\"color: #666666;\">T\u00fcrkiye S\u0131nai Kalk\u0131nma Bankas\u0131 A.\u015e. Kurumsal Pazarlama M\u00fcd\u00fcr\u00fc Meltem G\u00fclsoy\u2019da konferansta yapt\u0131\u011f\u0131 konu\u015fmada, t\u00fcketimi azaltacak, anlaml\u0131 hale getirecek projelerin desteklenebilece\u011fini belirterek, yenilenebilir enerji kaynaklar\u0131na krediler vermeye ve yat\u0131r\u0131mlar\u0131 finanse etmeye ba\u015flad\u0131klar\u0131n\u0131 dile getirdi.<\/p>\n<p style=\"color: #666666;\">Kaynak: <a href=\"http:\/\/www.alternatifenerji.com\/yesil-kalkinmayi-sagladiginiz-zaman-cok-buyuk-avantaj-olusturuyorsunuz\/\" target=\"_blank\" rel=\"nofollow\">Alternatif Enerji<\/a><\/p>\n<p><\/p>","protected":false},"excerpt":{"rendered":"<p>Sorry, this entry is only available in Turkish. For the sake of viewer convenience, the content is shown below in the alternative language. You may click the link to switch the active language. ARGE Dan\u0131\u015fmanl\u0131k Yetkilisi Erkin Erimez: \u201cT\u00fcrkiye\u2019deki akademik kadro ve kamu bir araya getirilerek, riskleri ortaya koymak i\u00e7in makro \u00e7\u00f6z\u00fcm paketleri olu\u015fturulmal\u0131. Ye\u015fil [&hellip;]<\/p>\n","protected":false},"author":1,"featured_media":52062,"comment_status":"open","ping_status":"open","sticky":false,"template":"","format":"standard","meta":[],"categories":[53,49],"tags":[63,67,1009,2698,165,1265,13,1296,1286,105,4504,29165],"views":1112,"_links":{"self":[{"href":"https:\/\/www.enerjigazetesi.ist\/en\/wp-json\/wp\/v2\/posts\/52061"}],"collection":[{"href":"https:\/\/www.enerjigazetesi.ist\/en\/wp-json\/wp\/v2\/posts"}],"about":[{"href":"https:\/\/www.enerjigazetesi.ist\/en\/wp-json\/wp\/v2\/types\/post"}],"author":[{"embeddable":true,"href":"https:\/\/www.enerjigazetesi.ist\/en\/wp-json\/wp\/v2\/users\/1"}],"replies":[{"embeddable":true,"href":"https:\/\/www.enerjigazetesi.ist\/en\/wp-json\/wp\/v2\/comments?post=52061"}],"version-history":[{"count":1,"href":"https:\/\/www.enerjigazetesi.ist\/en\/wp-json\/wp\/v2\/posts\/52061\/revisions"}],"predecessor-version":[{"id":52063,"href":"https:\/\/www.enerjigazetesi.ist\/en\/wp-json\/wp\/v2\/posts\/52061\/revisions\/52063"}],"wp:featuredmedia":[{"embeddable":true,"href":"https:\/\/www.enerjigazetesi.ist\/en\/wp-json\/wp\/v2\/media\/52062"}],"wp:attachment":[{"href":"https:\/\/www.enerjigazetesi.ist\/en\/wp-json\/wp\/v2\/media?parent=52061"}],"wp:term":[{"taxonomy":"category","embeddable":true,"href":"https:\/\/www.enerjigazetesi.ist\/en\/wp-json\/wp\/v2\/categories?post=52061"},{"taxonomy":"post_tag","embeddable":true,"href":"https:\/\/www.enerjigazetesi.ist\/en\/wp-json\/wp\/v2\/tags?post=52061"}],"curies":[{"name":"wp","href":"https:\/\/api.w.org\/{rel}","templated":true}]}}