{"id":52018,"date":"2016-04-16T11:52:04","date_gmt":"2016-04-16T08:52:04","guid":{"rendered":"https:\/\/www.enerjigazetesi.ist\/?p=52018"},"modified":"2016-04-16T12:00:59","modified_gmt":"2016-04-16T09:00:59","slug":"gunes-enerjisinde-kumelenme-hamlesi","status":"publish","type":"post","link":"https:\/\/www.enerjigazetesi.ist\/en\/gunes-enerjisinde-kumelenme-hamlesi\/","title":{"rendered":"(Turkish) G\u00fcne\u015f Enerjisinde K\u00fcmelenme Hamlesi!"},"content":{"rendered":"<p class=\"qtranxs-available-languages-message qtranxs-available-languages-message-en\">Sorry, this entry is only available in <a href=\"https:\/\/www.enerjigazetesi.ist\/tr\/wp-json\/wp\/v2\/posts\/52018\" class=\"qtranxs-available-language-link qtranxs-available-language-link-tr\" title=\"Turkish\">Turkish<\/a>. For the sake of viewer convenience, the content is shown below in the alternative language. You may click the link to switch the active language.<\/p><p><strong>Uluslararas\u0131 G\u00fcne\u015f Enerjisi Toplulu\u011fu G\u00dcNDER, 30 g\u00fcne\u015f enerjisi firmas\u0131n\u0131n\u00a0Ulusal Rekabet\u00e7ili\u011fi Geli\u015ftirme desteklerinden yararlanmas\u0131 amac\u0131yla k\u00fcmelenme \u00e7al\u0131\u015fmas\u0131 ba\u015flatt\u0131.<\/strong><\/p>\n<p>G\u00dcNDER, \u2018G\u00fcne\u015f Enerjisi Sekt\u00f6r\u00fc K\u00fcmelenme Program\u0131n\u0131\u2019 hayata ge\u00e7iriyor. 2017 ve 2018 y\u0131llar\u0131 i\u00e7in belirlene<a href=\"https:\/\/www.enerjigazetesi.ist\/wp-content\/uploads\/2016\/04\/gunes-enerjisinde-kumelenme-hamlesi.jpg\"><img loading=\"lazy\" class=\"alignleft wp-image-52019 size-medium\" src=\"https:\/\/www.enerjigazetesi.ist\/wp-content\/uploads\/2016\/04\/gunes-enerjisinde-kumelenme-hamlesi-300x200.jpg\" alt=\"gunes-enerjisinde-kumelenme-hamlesi\" width=\"300\" height=\"200\" srcset=\"https:\/\/www.enerjigazetesi.ist\/wp-content\/uploads\/2016\/04\/gunes-enerjisinde-kumelenme-hamlesi-300x200.jpg 300w, https:\/\/www.enerjigazetesi.ist\/wp-content\/uploads\/2016\/04\/gunes-enerjisinde-kumelenme-hamlesi-500x334.jpg 500w, https:\/\/www.enerjigazetesi.ist\/wp-content\/uploads\/2016\/04\/gunes-enerjisinde-kumelenme-hamlesi-74x50.jpg 74w, https:\/\/www.enerjigazetesi.ist\/wp-content\/uploads\/2016\/04\/gunes-enerjisinde-kumelenme-hamlesi.jpg 1000w\" sizes=\"(max-width: 300px) 100vw, 300px\" \/><\/a>n hedef pazarlar do\u011frultusunda yurtd\u0131\u015f\u0131 fuar kat\u0131l\u0131mlar\u0131 ger\u00e7ekle\u015ftirilecek.\u00a0Ekonomi Bakanl\u0131\u011f\u0131 taraf\u0131ndan sa\u011flanan Ur-Ge (Uluslararas\u0131\u00a0Rekabet\u00e7ili\u011fi Geli\u015ftirme) destekleri kapsam\u0131nda kat\u0131l\u0131mc\u0131 firmalar\u0131n ihracat rakamlar\u0131n\u0131n en az y\u00fczde 40 oran\u0131nda art\u0131r\u0131lmas\u0131 hedefleniyor. Projenin 3 y\u0131lsonunda tamamlanmas\u0131 planlan\u0131yor. G\u00fcne\u015f enerjisine y\u00f6nelik ekipman \u00fcretimi ger\u00e7ekle\u015ftiren yat\u0131r\u0131mc\u0131lar\u0131n Ekonomi Bakanl\u0131\u011f\u0131 taraf\u0131ndan sa\u011flanan Ur-Ge destekleri kapsam\u0131ndaki k\u00fcme desteklerinden yararlanabilmesi, strateji ve yol haritas\u0131 \u00e7al\u0131\u015fmas\u0131n\u0131n haz\u0131rlanmas\u0131 hedefleniyor.<\/p>\n<p><strong>\u0130HRACAT BECER\u0130S\u0130 KAZANDIRILACAK<\/strong><\/p>\n<p>Ur-Ge kapsam\u0131ndaki k\u00fcmelenme destekleri, ayn\u0131 sekt\u00f6rde faaliyet g\u00f6steren benzer \u00fcr\u00fcn ve hizmet \u00fcreten firmalar\u0131n birbirleriyle sinerjisini hayata ge\u00e7irmek amac\u0131yla olu\u015fturulacak. K\u00fcmelenme destekleri, ihtiya\u00e7 analizi ve strateji belirlenmesinin ard\u0131ndan k\u00fcme firmalar\u0131n\u0131n alaca\u011f\u0131 dan\u0131\u015fmanl\u0131k, e\u011fitim, fuar kat\u0131l\u0131mlar\u0131 ile planlanacak. Bununla birlikte k\u00fcme olu\u015fumuna kat\u0131lan firmalardan ihracat yapmayanlar\u0131n ihracat yapabilecek yetkinli\u011fe kavu\u015fturulmas\u0131, ihracat yapanlar\u0131n da ihracat kapasitelerinin geli\u015ftirilmesiyle birlikte firmalar\u0131n rekabet\u00e7i ortamda \u00fcretim teknikleri ve sistemlerini geli\u015ftirmesi, katma de\u011feri y\u00fcksek \u00fcr\u00fcnler ortaya \u00e7\u0131karmas\u0131 ama\u00e7lan\u0131yor.<\/p>\n<p><strong>HEDEF \u0130HRACATI B\u00dcY\u00dcTMEK<\/strong><\/p>\n<p>Ekonomi Bakanl\u0131\u011f\u0131 taraf\u0131ndan desteklenen URGE projesinin \u00fc\u00e7 sene sonundaki hedefi, kat\u0131l\u0131mc\u0131 firmalar\u0131n ihracat rakamlar\u0131n\u0131 en az y\u00fczde 40 oran\u0131nda art\u0131rmak. URGE projesinin ilk a\u015famas\u0131 \u0130htiya\u00e7 Analizi. Bu \u00e7al\u0131\u015fma sonucunda firmalar\u0131n mevcut durumlar\u0131 de\u011ferlendirilerek eksikleri belirlenecek. Bu eksiklerin giderilmesi ve firmalar\u0131n donan\u0131mlar\u0131n\u0131n artt\u0131r\u0131lmas\u0131na y\u00f6nelik e\u011fitim e\u011fitim organizasyonlar\u0131 d\u00fczenlenecek.<\/p>\n<p><strong>\u00dc\u00c7 YIL S\u00dcRECEK B\u0130R PROGRAM<\/strong><\/p>\n<p>Bu kapsamda firmalar\u0131n ihracat rakamlar\u0131n\u0131n artt\u0131r\u0131lmas\u0131 amac\u0131yla 2016 y\u0131l\u0131 i\u00e7in \u00fc\u00e7 adet yurtd\u0131\u015f\u0131 fuar kat\u0131l\u0131m\u0131 planland\u0131. Projenin tamam\u0131 \u00fc\u00e7 sene olacak ve 2017-2018 y\u0131llar\u0131 i\u00e7in belirlenen hedef pazarlar do\u011frultusunda yurtd\u0131\u015f\u0131 fuar kat\u0131l\u0131mlar\u0131 ve al\u0131m heyetleri getirilmesi gibi \u00e7al\u0131\u015fmalar ger\u00e7ekle\u015ftirilecek.<\/p>\n<p><strong>30 KATILIMCI F\u0130RMA VAR<\/strong><\/p>\n<p><strong>G\u00dcNDER, <\/strong>g\u00fcne\u015f enerjisi teknolojilerinin geli\u015ftirilmesi, temel ve uygulamal\u0131 ara\u015ft\u0131rma ve geli\u015ftirmenin \u00f6zendirilmesi, g\u00fcne\u015f enerjisi kullan\u0131m\u0131n\u0131n yayg\u0131nla\u015ft\u0131r\u0131lmas\u0131 ve bu alanda e\u011fitimin \u00f6zendirilmesi y\u00f6n\u00fcnde \u00e7al\u0131\u015fmalar y\u00fcr\u00fct\u00fcyor. G\u00dcNDER G\u00fcne\u015f Enerjisi Sekt\u00f6r K\u00fcmelenmesi (Solar Cluster TR) URGE Projesine dernek \u00fcyelerinden olu\u015fan 30 kat\u0131l\u0131mc\u0131 ile start verildi. T\u00fcrkiye geneline yay\u0131lm\u0131\u015f \u00fcyelerden olu\u015fan k\u00fcme kat\u0131l\u0131mc\u0131lar\u0131 Fotovoltaik panel \u00fcreticileri ve tamamlay\u0131c\u0131 \u00fcr\u00fcn \u00fcreticileri (ta\u015f\u0131y\u0131c\u0131 sistem-kablo vs.) ile bu \u00fcr\u00fcnleri kullanarak anahtar teslimi sistem kurulumu yapan firmalardan olu\u015fuyor.<\/p>\n<p>Kaynak: <a href=\"http:\/\/www.enerjigunlugu.net\/icerik\/18081\/gunes-enerjisinde-kumelenme-hamlesi.html#.VxH7kI1Jldg\" target=\"_blank\" rel=\"nofollow\">Enerji G\u00fcnl\u00fc\u011f\u00fc<\/a><\/p>","protected":false},"excerpt":{"rendered":"<p>Sorry, this entry is only available in Turkish. For the sake of viewer convenience, the content is shown below in the alternative language. You may click the link to switch the active language.Uluslararas\u0131 G\u00fcne\u015f Enerjisi Toplulu\u011fu G\u00dcNDER, 30 g\u00fcne\u015f enerjisi firmas\u0131n\u0131n\u00a0Ulusal Rekabet\u00e7ili\u011fi Geli\u015ftirme desteklerinden yararlanmas\u0131 amac\u0131yla k\u00fcmelenme \u00e7al\u0131\u015fmas\u0131 ba\u015flatt\u0131. G\u00dcNDER, \u2018G\u00fcne\u015f Enerjisi Sekt\u00f6r\u00fc K\u00fcmelenme Program\u0131n\u0131\u2019 [&hellip;]<\/p>\n","protected":false},"author":1,"featured_media":52019,"comment_status":"open","ping_status":"open","sticky":false,"template":"","format":"standard","meta":[],"categories":[53,49],"tags":[63,67,1009,2698,165,29139,1382,227,13,29138,29136,23133,22975,4269,29137,4491,1383,29140,16592],"views":795,"_links":{"self":[{"href":"https:\/\/www.enerjigazetesi.ist\/en\/wp-json\/wp\/v2\/posts\/52018"}],"collection":[{"href":"https:\/\/www.enerjigazetesi.ist\/en\/wp-json\/wp\/v2\/posts"}],"about":[{"href":"https:\/\/www.enerjigazetesi.ist\/en\/wp-json\/wp\/v2\/types\/post"}],"author":[{"embeddable":true,"href":"https:\/\/www.enerjigazetesi.ist\/en\/wp-json\/wp\/v2\/users\/1"}],"replies":[{"embeddable":true,"href":"https:\/\/www.enerjigazetesi.ist\/en\/wp-json\/wp\/v2\/comments?post=52018"}],"version-history":[{"count":2,"href":"https:\/\/www.enerjigazetesi.ist\/en\/wp-json\/wp\/v2\/posts\/52018\/revisions"}],"predecessor-version":[{"id":52021,"href":"https:\/\/www.enerjigazetesi.ist\/en\/wp-json\/wp\/v2\/posts\/52018\/revisions\/52021"}],"wp:featuredmedia":[{"embeddable":true,"href":"https:\/\/www.enerjigazetesi.ist\/en\/wp-json\/wp\/v2\/media\/52019"}],"wp:attachment":[{"href":"https:\/\/www.enerjigazetesi.ist\/en\/wp-json\/wp\/v2\/media?parent=52018"}],"wp:term":[{"taxonomy":"category","embeddable":true,"href":"https:\/\/www.enerjigazetesi.ist\/en\/wp-json\/wp\/v2\/categories?post=52018"},{"taxonomy":"post_tag","embeddable":true,"href":"https:\/\/www.enerjigazetesi.ist\/en\/wp-json\/wp\/v2\/tags?post=52018"}],"curies":[{"name":"wp","href":"https:\/\/api.w.org\/{rel}","templated":true}]}}