{"id":51994,"date":"2016-04-15T12:13:55","date_gmt":"2016-04-15T09:13:55","guid":{"rendered":"https:\/\/www.enerjigazetesi.ist\/?p=51994"},"modified":"2016-04-15T12:13:55","modified_gmt":"2016-04-15T09:13:55","slug":"bozkir-kibristaki-gazin-avrupaya-ulasmasinda-en-uygun-yol-turkiye","status":"publish","type":"post","link":"https:\/\/www.enerjigazetesi.ist\/en\/bozkir-kibristaki-gazin-avrupaya-ulasmasinda-en-uygun-yol-turkiye\/","title":{"rendered":"(Turkish) Bozk\u0131r: \u201cK\u0131br\u0131s\u2019taki Gaz\u0131n Avrupa\u2019ya Ula\u015fmas\u0131nda En Uygun Yol T\u00fcrkiye!\u201d"},"content":{"rendered":"<p class=\"qtranxs-available-languages-message qtranxs-available-languages-message-en\">Sorry, this entry is only available in <a href=\"https:\/\/www.enerjigazetesi.ist\/tr\/wp-json\/wp\/v2\/posts\/51994\" class=\"qtranxs-available-language-link qtranxs-available-language-link-tr\" title=\"Turkish\">Turkish<\/a>. For the sake of viewer convenience, the content is shown below in the alternative language. You may click the link to switch the active language.<\/p><p><\/p>\n<p style=\"color: #0a0a0a;\"><strong>T\u00fcrkiye\u2019nin Avrupa Birli\u011fi (AB) Bakan\u0131 ve Ba\u015fm\u00fczakereci Volkan Bozk\u0131r, enerji ba\u011flam\u0131nda <a href=\"https:\/\/www.enerjigazetesi.ist\/wp-content\/uploads\/2015\/09\/k\u0131br\u0131s-gaz\u0131-2879198-696x385.jpg\"><img loading=\"lazy\" class=\"alignright size-medium wp-image-44827\" src=\"https:\/\/www.enerjigazetesi.ist\/wp-content\/uploads\/2015\/09\/k\u0131br\u0131s-gaz\u0131-2879198-696x385-300x165.jpg\" alt=\"bozkir-kibrista-cikacak-gazin-avrupaya-ulasmasinda-uygun-yol-turkiye\" width=\"300\" height=\"165\" srcset=\"https:\/\/www.enerjigazetesi.ist\/wp-content\/uploads\/2015\/09\/k\u0131br\u0131s-gaz\u0131-2879198-696x385-300x165.jpg 300w, https:\/\/www.enerjigazetesi.ist\/wp-content\/uploads\/2015\/09\/k\u0131br\u0131s-gaz\u0131-2879198-696x385-500x276.jpg 500w, https:\/\/www.enerjigazetesi.ist\/wp-content\/uploads\/2015\/09\/k\u0131br\u0131s-gaz\u0131-2879198-696x385-80x44.jpg 80w, https:\/\/www.enerjigazetesi.ist\/wp-content\/uploads\/2015\/09\/k\u0131br\u0131s-gaz\u0131-2879198-696x385.jpg 696w\" sizes=\"(max-width: 300px) 100vw, 300px\" \/><\/a>K\u0131br\u0131s meselesine de\u011finerek, \u201cT\u00fcrkiye, 40 mil uzakl\u0131kta. Girit 500 mil. K\u0131br\u0131s\u2019ta \u00e7\u0131kacak gaz\u0131n Avrupa\u2019ya ula\u015fmas\u0131 i\u00e7in en uygun yol T\u00fcrkiye. Enerji de K\u0131br\u0131s sorununa yard\u0131mc\u0131 olacak konulardan bir tanesi.\u201d dedi.<\/strong><span id=\"more-78664\"><\/span><\/p>\n<p style=\"color: #0a0a0a;\">Berlin Duvar\u0131\u2019n\u0131n y\u0131k\u0131l\u0131\u015f\u0131n\u0131n bu y\u0131l 27. y\u0131l d\u00f6n\u00fcm\u00fcn\u00fcn kutland\u0131\u011f\u0131n\u0131 s\u00f6yleyen Volkan Bozk\u0131r, T\u00fcrkiye\u2019nin AB\u2019ye giri\u015finin \u00f6n\u00fcnde duvarlar olmamas\u0131 gerekti\u011fini, bu konuda i\u015fbirli\u011fine haz\u0131r olduklar\u0131n\u0131 belirtti.<\/p>\n<p style=\"color: #0a0a0a;\">Bozk\u0131r, son d\u00f6nemde T\u00fcrkiye-AB ili\u015fkilerinin yeniden enerji kazand\u0131\u011f\u0131n\u0131 belirterek, T\u00fcrkiye-AB ili\u015fkilerinde her iki taraf\u0131nda b\u00fcy\u00fck \u00e7\u0131karlar\u0131 oldu\u011funu s\u00f6yledi.<\/p>\n<p style=\"color: #0a0a0a;\">Kaynak: Enerji Enstit\u00fcs\u00fc<\/p>\n<p><\/p>","protected":false},"excerpt":{"rendered":"<p>Sorry, this entry is only available in Turkish. For the sake of viewer convenience, the content is shown below in the alternative language. You may click the link to switch the active language. T\u00fcrkiye\u2019nin Avrupa Birli\u011fi (AB) Bakan\u0131 ve Ba\u015fm\u00fczakereci Volkan Bozk\u0131r, enerji ba\u011flam\u0131nda K\u0131br\u0131s meselesine de\u011finerek, \u201cT\u00fcrkiye, 40 mil uzakl\u0131kta. Girit 500 mil. K\u0131br\u0131s\u2019ta [&hellip;]<\/p>\n","protected":false},"author":1,"featured_media":34458,"comment_status":"open","ping_status":"open","sticky":false,"template":"","format":"standard","meta":[],"categories":[46,53],"tags":[1192,1964,2132,92,226,19761,2677,63,67,1009,2698,165,4015,12762,846,29113],"views":748,"_links":{"self":[{"href":"https:\/\/www.enerjigazetesi.ist\/en\/wp-json\/wp\/v2\/posts\/51994"}],"collection":[{"href":"https:\/\/www.enerjigazetesi.ist\/en\/wp-json\/wp\/v2\/posts"}],"about":[{"href":"https:\/\/www.enerjigazetesi.ist\/en\/wp-json\/wp\/v2\/types\/post"}],"author":[{"embeddable":true,"href":"https:\/\/www.enerjigazetesi.ist\/en\/wp-json\/wp\/v2\/users\/1"}],"replies":[{"embeddable":true,"href":"https:\/\/www.enerjigazetesi.ist\/en\/wp-json\/wp\/v2\/comments?post=51994"}],"version-history":[{"count":1,"href":"https:\/\/www.enerjigazetesi.ist\/en\/wp-json\/wp\/v2\/posts\/51994\/revisions"}],"predecessor-version":[{"id":51995,"href":"https:\/\/www.enerjigazetesi.ist\/en\/wp-json\/wp\/v2\/posts\/51994\/revisions\/51995"}],"wp:featuredmedia":[{"embeddable":true,"href":"https:\/\/www.enerjigazetesi.ist\/en\/wp-json\/wp\/v2\/media\/34458"}],"wp:attachment":[{"href":"https:\/\/www.enerjigazetesi.ist\/en\/wp-json\/wp\/v2\/media?parent=51994"}],"wp:term":[{"taxonomy":"category","embeddable":true,"href":"https:\/\/www.enerjigazetesi.ist\/en\/wp-json\/wp\/v2\/categories?post=51994"},{"taxonomy":"post_tag","embeddable":true,"href":"https:\/\/www.enerjigazetesi.ist\/en\/wp-json\/wp\/v2\/tags?post=51994"}],"curies":[{"name":"wp","href":"https:\/\/api.w.org\/{rel}","templated":true}]}}