{"id":51973,"date":"2016-04-14T20:31:59","date_gmt":"2016-04-14T17:31:59","guid":{"rendered":"https:\/\/www.enerjigazetesi.ist\/?p=51973"},"modified":"2016-04-14T20:44:46","modified_gmt":"2016-04-14T17:44:46","slug":"23-uncu-dunya-enerji-kongresinde-icin-simdi-geri-sayim-zamani","status":"publish","type":"post","link":"https:\/\/www.enerjigazetesi.ist\/en\/23-uncu-dunya-enerji-kongresinde-icin-simdi-geri-sayim-zamani\/","title":{"rendered":"(Turkish) 23. D\u00fcnya Enerji Kongresi\u2019nde \u0130\u00e7in \u015eimdi Geri Say\u0131m Zaman\u0131!"},"content":{"rendered":"<p class=\"qtranxs-available-languages-message qtranxs-available-languages-message-en\">Sorry, this entry is only available in <a href=\"https:\/\/www.enerjigazetesi.ist\/tr\/wp-json\/wp\/v2\/posts\/51973\" class=\"qtranxs-available-language-link qtranxs-available-language-link-tr\" title=\"Turkish\">Turkish<\/a>. For the sake of viewer convenience, the content is shown below in the alternative language. You may click the link to switch the active language.<\/p><p><strong>Ekim ay\u0131nda \u0130stanbul\u2019da d\u00fczenlenecek 23. D\u00fcnya Enerji Kongresi i\u00e7in geri say\u0131m ba\u015flad\u0131. \u201cEnerji Olimpiyatlar\u0131\u201d olarak nitelendirilen ve d\u00f6rt g\u00fcn s\u00fcrecek kongreye 173 konu\u015fmac\u0131n\u0131n kat\u0131l\u0131m\u0131 kesinle\u015fti. Kongre tarihine aralar\u0131ndan \u0130ran enerji bakan\u0131n\u0131n yan\u0131 s\u0131ra TANAP, BP, E.ON gibi uluslar aras\u0131 \u015firketlerinin CEO\u2019lar\u0131n\u0131n da bulundu\u011fu konu\u015fmac\u0131 say\u0131s\u0131n\u0131n 250\u2019ye ula\u015fmas\u0131 bekleniyor.<\/strong><\/p>\n<p>Enerji d\u00fcnyas\u0131n\u0131n t\u00fcm alanlar\u0131ndan <a href=\"https:\/\/www.enerjigazetesi.ist\/wp-content\/uploads\/2016\/04\/23-dunya-enerji-kongresinde-icin-simdi-geri-sayim-zamani.jpg\"><img loading=\"lazy\" class=\"alignleft size-medium wp-image-51974\" src=\"https:\/\/www.enerjigazetesi.ist\/wp-content\/uploads\/2016\/04\/23-dunya-enerji-kongresinde-icin-simdi-geri-sayim-zamani-300x235.jpg\" alt=\"23-dunya-enerji-kongresinde-icin-simdi-geri-sayim-zamani\" width=\"300\" height=\"235\" srcset=\"https:\/\/www.enerjigazetesi.ist\/wp-content\/uploads\/2016\/04\/23-dunya-enerji-kongresinde-icin-simdi-geri-sayim-zamani-300x235.jpg 300w, https:\/\/www.enerjigazetesi.ist\/wp-content\/uploads\/2016\/04\/23-dunya-enerji-kongresinde-icin-simdi-geri-sayim-zamani-1024x802.jpg 1024w, https:\/\/www.enerjigazetesi.ist\/wp-content\/uploads\/2016\/04\/23-dunya-enerji-kongresinde-icin-simdi-geri-sayim-zamani-500x392.jpg 500w, https:\/\/www.enerjigazetesi.ist\/wp-content\/uploads\/2016\/04\/23-dunya-enerji-kongresinde-icin-simdi-geri-sayim-zamani-63x50.jpg 63w, https:\/\/www.enerjigazetesi.ist\/wp-content\/uploads\/2016\/04\/23-dunya-enerji-kongresinde-icin-simdi-geri-sayim-zamani.jpg 1200w\" sizes=\"(max-width: 300px) 100vw, 300px\" \/><\/a>\u00fcst d\u00fczey yetkilileri bir araya getiren, <strong>9 -13 Ekim 2016<\/strong> tarihlerinde<strong> \u0130stanbul\u2019da<\/strong> ger\u00e7ekle\u015fecek <strong>23. D\u00fcnya Enerji Kongresi\u2019nde<\/strong> konu\u015fmac\u0131 say\u0131s\u0131 173\u2019e ula\u015ft\u0131.<\/p>\n<p>\u201cYeni Ufuklar\u0131 Kucaklamak (Embracing New Frontiers)\u201dtemas\u0131ndan hareket eden \u00a023. D\u00fcnya Enerji Kongresi\u2019nde bir konu\u015fma yapacak olan Cumhurba\u015fkan\u0131 Recep Tayyip Erdo\u011fan\u2019\u0131n yan\u0131 s\u0131ra T\u00fcrkiye\u2019yi Ba\u015fbakan Ahmet Davuto\u011flu ile Enerji ve Tabii Kaynaklar Bakan\u0131 Berat Albayrak temsil edecek. Enerji d\u00fcnyas\u0131n\u0131n g\u00fcndemini belirleyen kongreye \u0130ran Enerji Bakan\u0131 Hamid \u00c7it\u00e7iyan, Finlandiya Ekonomik \u0130li\u015fkiler Bakan\u0131 Ollie Rehn, Ekvador Elektrik ve Yenilenebilir Enerji Bakan\u0131 Esteban Albornoz Vintimilla ile Senegal Enerji ve Yenilenebilir Enerji Bakan\u0131 Thierno Alassane Sall\u2019\u0131n da aralar\u0131nda bulundu\u011fu 25 devlet adam\u0131 kat\u0131lacak.<\/p>\n<p><strong>Enerji Gazetesi<\/strong> <em>Genel Yay\u0131n Y\u00f6netmeni<\/em> <strong>Sarp ALTINEL&#8217;in<\/strong> de kat\u0131l\u0131m g\u00f6sterece\u011fi 60 \u00fclkeden konu\u015fmac\u0131n\u0131n yer alaca\u011f\u0131 23. D\u00fcnya Enerji Kongresi\u2019nde ayr\u0131ca BP Group \u0130cra Kurulu Ba\u015fkan\u0131 Bob Dudley, E.ON Y\u00f6netim Kurulu Ba\u015fkan\u0131 ve CEO\u2019su Johannes Teyssen, Gazprom CEO\u2019su Alexey Miller, OMV AG CEO\u2019su Rainer Seele, TANAP CEO\u2019su Saltuk D\u00fczyol gibi enerji d\u00fcnyas\u0131n\u0131n \u00f6nemli akt\u00f6rlerinin yan\u0131 s\u0131ra Total, Tokyo Gaz DHL, Nestle, Siemens gibi \u015firketlerin CEO\u2019lar\u0131 kongredeki farkl\u0131 oturumlardaki sunumlar\u0131yla enerji d\u00fcnyas\u0131n\u0131n g\u00fcndemini tart\u0131\u015facak.<\/p>\n<p>Kongrenin konu\u015fmac\u0131lar\u0131 aras\u0131nda Uluslararas\u0131 Enerji Ajans\u0131 \u0130cra Direkt\u00f6r\u00fc Fatih Birol gibi sayg\u0131n uluslararas\u0131 kurulu\u015flar\u0131n liderleri yer al\u0131yor. \u00d6te yandan son y\u0131llarda enerji yat\u0131r\u0131mlar\u0131yla dikkat \u00e7eken Sabanc\u0131 Holding\u2019in CEO\u2019su G\u00fcler Sabanc\u0131 da kongreye konu\u015fmac\u0131 olarak kat\u0131lacak. D\u00fcnya Enerji Konseyi temsilcileri kongre tarihine kadar konu\u015fmac\u0131 say\u0131s\u0131n\u0131n 250\u2019ye ula\u015fmas\u0131n\u0131 beklediklerini belirtti.<\/p>\n<p>Paris\u2019te d\u00fczenlenen kritik \u0130klim De\u011fi\u015fikli\u011fi Zirvesi (COP21) sonras\u0131 ger\u00e7ekle\u015fecek ilk k\u00fcresel enerji etkinli\u011fi olma \u00f6zelli\u011fini ta\u015f\u0131yan kongre, enerji d\u00fcnyas\u0131 liderlerinin s\u00fcrd\u00fcr\u00fclebilir bir enerji pazar\u0131na giden yolda mihenk ta\u015flar\u0131n\u0131 belirleyecekleri bir forum \u00f6zelli\u011fi ta\u015f\u0131yor.<\/p>\n<p>D\u00fcnya Enerji Konseyi Genel Sekreteri Christoph Frei, \u201c23. D\u00fcnya Enerji Kongresi\u2019nde \u015fu ana kadar konu\u015fma yapmas\u0131 kesinle\u015fen isimler, bu zirvenin son derece \u00f6nemli bir etkinlik olaca\u011f\u0131na i\u015faret ediyor. Enerji end\u00fcstrisi bir de\u011fi\u015fim s\u00fcrecinden ge\u00e7iyor ve \u0130stanbul\u2019daki kongre, gelece\u011fin enerji piyasas\u0131n\u0131n \u015fekillendirilmesinde belirleyici olacak\u201d dedi.<\/p>\n<p>D\u00fcnya Enerji Konseyi T\u00fcrk Milli Komitesi Ba\u015fkan\u0131 Hasan Murat Mercan ise \u201c23. D\u00fcnya Enerji Kongresi\u2019ni T\u00fcrkiye\u2019de d\u00fczenlemekten b\u00fcy\u00fck gurur duyuyor, delegeleri a\u011f\u0131rlamak i\u00e7in sab\u0131rs\u0131zlan\u0131yoruz. En \u00f6nemli enerji pazarlar\u0131n\u0131n kesi\u015fme noktas\u0131nda yer alan T\u00fcrkiye, enerji konusunda \u00e7ok b\u00fcy\u00fck k\u00fcresel de\u011fi\u015fikliklerin ya\u015fand\u0131\u011f\u0131 bir zamanda \u00e7ok \u00f6nemli bir zirveye ev sahipli\u011fi yap\u0131yor\u201d diye konu\u015ftu.<\/p>\n<p>D\u00fcnya Enerji Kongresi ve konu\u015fmac\u0131lar hakk\u0131nda daha ayr\u0131nt\u0131l\u0131 bilgi i\u00e7in <a href=\"http:\/\/clck.yandex.ru\/redir\/dv\/*data=url%3Dhttp%253A%252F%252Fwww.wec2016istanbul.org.tr%252F%26ts%3D1445586677%26uid%3D494915261438347770&amp;sign=c2b42964034b661e63a15dbf5ca6dc30&amp;keyno=1\">http:\/\/www.wec2016istanbul.org.tr<\/a>adresini ziyaret edebilirsiniz.<\/p>\n<p><strong>D\u00fcnya Enerji Konseyi Hakk\u0131nda<\/strong><\/p>\n<p>1923\u2019te kurulan D\u00fcnya Enerji Konseyi, s\u00fcrd\u00fcrebilir enerjinin gelece\u011fi konusunda somut \u00e7al\u0131\u015fmalar y\u00fcr\u00fcten ve fikir liderli\u011fi yapan, global ve kapsay\u0131c\u0131 yegane forum. D\u00fcnya Enerji Konseyi\u2019nin 93 milli komitesi, aralar\u0131nda h\u00fck\u00fcmetlerin, end\u00fcstri ve uzman kurulu\u015flar\u0131n\u0131n da bulundu\u011fu 3 binden fazla \u00fcye organizasyonu temsil ediyor. Misyonu, herkesin yarar\u0131na s\u00fcrd\u00fcr\u00fclebilir tedarik zincirine dayal\u0131 enerji kullan\u0131m\u0131n\u0131 te\u015fvik etmek.<\/p>\n<p><strong>D\u00fcnya Enerji Kongresi Hakk\u0131nda <\/strong><\/p>\n<p>\u0130lki 1924\u2019te olmak \u00fczere \u00fc\u00e7 y\u0131lda bir d\u00fczenlenen D\u00fcnya Enerji Kongresi, lider ve uzmanlar\u0131n enerji konusunu t\u00fcm y\u00f6nleriyle ele ald\u0131klar\u0131, d\u00fcnyan\u0131n bir numaral\u0131 enerji platformu. Bununla birlikte kongre y\u00f6neticilere de teknolojilerini tan\u0131tma ve yeni i\u015f imkanlar\u0131 ke\u015ffetme olana\u011f\u0131 sa\u011fl\u0131yor. Ayr\u0131nt\u0131l\u0131 bilgi ve kat\u0131l\u0131m i\u00e7in:<a href=\"http:\/\/www.wec2016istanbul.org.tr\/\">http:\/\/www.wec2016istanbul.org.tr<\/a><\/p>\n<p>Kaynak: B\u00fcltenler<\/p>","protected":false},"excerpt":{"rendered":"<p>Sorry, this entry is only available in Turkish. For the sake of viewer convenience, the content is shown below in the alternative language. You may click the link to switch the active language.Ekim ay\u0131nda \u0130stanbul\u2019da d\u00fczenlenecek 23. D\u00fcnya Enerji Kongresi i\u00e7in geri say\u0131m ba\u015flad\u0131. \u201cEnerji Olimpiyatlar\u0131\u201d olarak nitelendirilen ve d\u00f6rt g\u00fcn s\u00fcrecek kongreye 173 konu\u015fmac\u0131n\u0131n [&hellip;]<\/p>\n","protected":false},"author":1,"featured_media":51974,"comment_status":"open","ping_status":"open","sticky":false,"template":"","format":"standard","meta":[],"categories":[53],"tags":[9692,853,1145,936,1129,63,67,1009,2698,165,6902,29085,2297,1146,29084],"views":1115,"_links":{"self":[{"href":"https:\/\/www.enerjigazetesi.ist\/en\/wp-json\/wp\/v2\/posts\/51973"}],"collection":[{"href":"https:\/\/www.enerjigazetesi.ist\/en\/wp-json\/wp\/v2\/posts"}],"about":[{"href":"https:\/\/www.enerjigazetesi.ist\/en\/wp-json\/wp\/v2\/types\/post"}],"author":[{"embeddable":true,"href":"https:\/\/www.enerjigazetesi.ist\/en\/wp-json\/wp\/v2\/users\/1"}],"replies":[{"embeddable":true,"href":"https:\/\/www.enerjigazetesi.ist\/en\/wp-json\/wp\/v2\/comments?post=51973"}],"version-history":[{"count":1,"href":"https:\/\/www.enerjigazetesi.ist\/en\/wp-json\/wp\/v2\/posts\/51973\/revisions"}],"predecessor-version":[{"id":51975,"href":"https:\/\/www.enerjigazetesi.ist\/en\/wp-json\/wp\/v2\/posts\/51973\/revisions\/51975"}],"wp:featuredmedia":[{"embeddable":true,"href":"https:\/\/www.enerjigazetesi.ist\/en\/wp-json\/wp\/v2\/media\/51974"}],"wp:attachment":[{"href":"https:\/\/www.enerjigazetesi.ist\/en\/wp-json\/wp\/v2\/media?parent=51973"}],"wp:term":[{"taxonomy":"category","embeddable":true,"href":"https:\/\/www.enerjigazetesi.ist\/en\/wp-json\/wp\/v2\/categories?post=51973"},{"taxonomy":"post_tag","embeddable":true,"href":"https:\/\/www.enerjigazetesi.ist\/en\/wp-json\/wp\/v2\/tags?post=51973"}],"curies":[{"name":"wp","href":"https:\/\/api.w.org\/{rel}","templated":true}]}}