{"id":51964,"date":"2016-04-14T12:32:14","date_gmt":"2016-04-14T09:32:14","guid":{"rendered":"https:\/\/www.enerjigazetesi.ist\/?p=51964"},"modified":"2016-04-14T12:32:14","modified_gmt":"2016-04-14T09:32:14","slug":"izmirde-aritma-camurlari-cimento-uretiminde-ek-yakit-olarak-kullanilacak","status":"publish","type":"post","link":"https:\/\/www.enerjigazetesi.ist\/en\/izmirde-aritma-camurlari-cimento-uretiminde-ek-yakit-olarak-kullanilacak\/","title":{"rendered":"(Turkish) \u0130zmir\u2019de Ar\u0131tma \u00c7amurlar\u0131 \u00c7imento \u00dcretiminde Ek Yak\u0131t Olarak Kullan\u0131lacak!"},"content":{"rendered":"<p class=\"qtranxs-available-languages-message qtranxs-available-languages-message-en\">Sorry, this entry is only available in <a href=\"https:\/\/www.enerjigazetesi.ist\/tr\/wp-json\/wp\/v2\/posts\/51964\" class=\"qtranxs-available-language-link qtranxs-available-language-link-tr\" title=\"Turkish\">Turkish<\/a>. For the sake of viewer convenience, the content is shown below in the alternative language. You may click the link to switch the active language.<\/p><p><\/p>\n<p style=\"color: #0a0a0a;\"><strong>\u0130zmir B\u00fcy\u00fck\u015fehir Belediyesi, ar\u0131tma \u00e7amurlar\u0131n\u0131n \u00e7imento \u00fcretiminde ek yak\u0131t olarak kullan\u0131lmas\u0131 i\u00e7in iki \u00e7imento \u00fcreticisiyle i\u015fbirli\u011fine gitti.<\/strong><span id=\"more-77789\"><\/span><\/p>\n<p style=\"color: #0a0a0a;\">\u00c7i\u011fli \u00c7amur \u00c7\u00fcr\u00fctme ve Kurutma Tesisi\u2019nde \u00fcretilen \u00e7amuru biogazla kurutarak iki y\u0131lda 16 milyon liral\u0131k tasarruf sa\u011flayan \u0130ZSU, Bat\u0131\u00e7\u0131m ve \u00c7imenta<a href=\"https:\/\/www.enerjigazetesi.ist\/wp-content\/uploads\/2016\/04\/izmirde-aritma-camurlari-cimento-uretiminde-ek-yakit-olarak-kullanilacak.jpg\"><img loading=\"lazy\" class=\"alignleft size-medium wp-image-51965\" src=\"https:\/\/www.enerjigazetesi.ist\/wp-content\/uploads\/2016\/04\/izmirde-aritma-camurlari-cimento-uretiminde-ek-yakit-olarak-kullanilacak-300x225.jpg\" alt=\"izmirde-aritma-camurlari-cimento-uretiminde-ek-yakit-olarak-kullanilacak\" width=\"300\" height=\"225\" srcset=\"https:\/\/www.enerjigazetesi.ist\/wp-content\/uploads\/2016\/04\/izmirde-aritma-camurlari-cimento-uretiminde-ek-yakit-olarak-kullanilacak-300x225.jpg 300w, https:\/\/www.enerjigazetesi.ist\/wp-content\/uploads\/2016\/04\/izmirde-aritma-camurlari-cimento-uretiminde-ek-yakit-olarak-kullanilacak-1024x768.jpg 1024w, https:\/\/www.enerjigazetesi.ist\/wp-content\/uploads\/2016\/04\/izmirde-aritma-camurlari-cimento-uretiminde-ek-yakit-olarak-kullanilacak-500x375.jpg 500w, https:\/\/www.enerjigazetesi.ist\/wp-content\/uploads\/2016\/04\/izmirde-aritma-camurlari-cimento-uretiminde-ek-yakit-olarak-kullanilacak-66x50.jpg 66w, https:\/\/www.enerjigazetesi.ist\/wp-content\/uploads\/2016\/04\/izmirde-aritma-camurlari-cimento-uretiminde-ek-yakit-olarak-kullanilacak.jpg 1068w\" sizes=\"(max-width: 300px) 100vw, 300px\" \/><\/a>\u015f ile yap\u0131lan protokolle de bir y\u0131lda 2 bin ton \u00e7amurun ek yak\u0131t olarak kullan\u0131lmas\u0131n\u0131 sa\u011flad\u0131. \u0130zmir B\u00fcy\u00fck\u015fehir Belediyesi, yenilenebilir enerji kullan\u0131m\u0131na y\u00f6nelik uygulamalar kapsam\u0131nda kentteki iki \u00e7imento fabrikas\u0131 ile protokol imzalayarak, ar\u0131tma \u00e7amurlar\u0131n\u0131n \u00e7imento \u00fcretiminde ek yak\u0131t olarak kullan\u0131lmas\u0131n\u0131 sa\u011flad\u0131. \u00c7i\u011fli At\u0131k Su Ar\u0131tma Tesisi ile \u00e7evre ar\u0131tmalardan gelen, \u00e7\u00fcr\u00fct\u00fclerek kurutulan ar\u0131tma \u00e7amurlar\u0131, \u00e7imento fabrikalar\u0131n\u0131n da g\u00f6zdesi oldu.<\/p>\n<p style=\"color: #0a0a0a;\">Kurutulmu\u015f \u00e7amurlar\u0131n \u201cAt\u0131ktan T\u00fcketilmi\u015f Yak\u0131t, Ek Yak\u0131t ve Alternatif Hammadde Tebli\u011fi\u201dne uygun oldu\u011funu belirten \u0130ZSU Genel M\u00fcd\u00fcrl\u00fc\u011f\u00fc yetkilileri, \u201c\u0130zmir\u2019de faaliyet g\u00f6steren iki \u00e7imento fabrikam\u0131zla yapt\u0131\u011f\u0131m\u0131z protokol do\u011frultusunda, ar\u0131tma \u00e7amurlar\u0131m\u0131z\u0131n ek yak\u0131t olarak kullan\u0131l\u0131p enerjiye d\u00f6n\u00fc\u015ft\u00fcr\u00fclerek bertaraf edilmesini sa\u011fl\u0131yoruz. \u00c7imento fabrikalar\u0131nda bug\u00fcne kadar 2 bin ton \u00e7amur ek yak\u0131t olarak kullan\u0131larak bertaraf edildi. Ayr\u0131ca \u00c7amur \u00c7\u00fcr\u00fctme ve Kurutma \u00fcnitelerinden elde etti\u011fimiz g\u00fcnl\u00fck 36 bin metrek\u00fcp biyogaz\u0131 \u00e7amur kurutma i\u015fleminde kullanarak y\u0131lda 8 milyon liral\u0131k tasarruf sa\u011fl\u0131yoruz\u201d dedi. Menderes \u0130leri Biyolojik At\u0131k Su Ar\u0131tma Tesisi i\u00e7erisinde yer alan ve g\u00fcne\u015f enerjisi ile \u00e7amurun kurutulmas\u0131n\u0131 sa\u011flayan \u2018Solar \u00c7amur Kurutma Tesisi\u2019nin de yenilenebilir enerji kullan\u0131m\u0131 amac\u0131yla hayata ge\u00e7irilen \u00f6nemli bir yat\u0131r\u0131m oldu\u011funu hat\u0131rlatan \u0130ZSU yetkilileri \u015f\u00f6yle devam etti: \u201cBu tesislerin say\u0131s\u0131n\u0131 art\u0131raca\u011f\u0131z. Ayr\u0131ca \u00c7i\u011fli At\u0131k Su Ar\u0131tma Tesisi\u2019nden \u00e7\u0131kan evsel at\u0131k sular\u0131 i\u00e7me suyu standartlar\u0131na getirecek bir tesis kuraca\u011f\u0131z. Ar\u0131tma \u00e7amurlar\u0131n\u0131n tar\u0131mda kullan\u0131labilmesi amac\u0131yla Ege \u00dcniversitesi Ziraat Fak\u00fcltesi ile y\u00fcr\u00fctt\u00fc\u011f\u00fcm\u00fcz \u00e7al\u0131\u015fmalar s\u00fcr\u00fcyor. Avrupa Birli\u011fi Belediye Ba\u015fkanlar\u0131 S\u00f6zle\u015fmesi\u2019ne taraf olan ve 2020 y\u0131l\u0131na kadar kentteki karbondioksit sal\u0131n\u0131m\u0131n\u0131 y\u00fczde 20 oran\u0131nda azaltmay\u0131 hedefleyen \u0130zmir B\u00fcy\u00fck\u015fehir Belediyesi, bu tesislerle hedefine \u00f6nemli oranda yakla\u015facak.\u201d<\/p>\n<p style=\"color: #0a0a0a;\">\u00c7\u0130MENTA\u015e (\u0130zmir \u00c7imento Fabrikas\u0131 T\u00fcrk A.\u015e) Teknik Operasyonlar Direkt\u00f6r\u00fc U\u011fur Ayd\u0131n, \u0130zmir B\u00fcy\u00fck\u015fehir Belediyesi \u0130ZSU Genel M\u00fcd\u00fcrl\u00fc\u011f\u00fc ile yapt\u0131klar\u0131 protokol \u00e7er\u00e7evesinde, y\u0131ll\u0131k 50 bin ton t\u00fcketme kapasiteli kuru \u00e7amur besleme tesisi kurduklar\u0131n\u0131 belirtti. Ayd\u0131n, \u201cTesise gelen kuru \u00e7amuru kullanarak senede 15 bin ton k\u00f6m\u00fcr tasarrufu yap\u0131yoruz. Bu hem ekonomisine kazan\u00e7 getiriyor hem de i\u015fletmemizde karbon ayak izinin d\u00fc\u015f\u00fcr\u00fclmesini sa\u011fl\u0131yor. \u0130zmir B\u00fcy\u00fck\u015fehir Belediyesi\u2019nin bu \u00f6rnek uygulamas\u0131n\u0131n i\u015fbirlik\u00e7isi olmaktan gurur duyuyoruz\u201d dedi.<\/p>\n<p style=\"color: #0a0a0a;\">Kaynak: Enerji Enstit\u00fcs\u00fc<\/p>\n<p><\/p>","protected":false},"excerpt":{"rendered":"<p>Sorry, this entry is only available in Turkish. For the sake of viewer convenience, the content is shown below in the alternative language. You may click the link to switch the active language. \u0130zmir B\u00fcy\u00fck\u015fehir Belediyesi, ar\u0131tma \u00e7amurlar\u0131n\u0131n \u00e7imento \u00fcretiminde ek yak\u0131t olarak kullan\u0131lmas\u0131 i\u00e7in iki \u00e7imento \u00fcreticisiyle i\u015fbirli\u011fine gitti. \u00c7i\u011fli \u00c7amur \u00c7\u00fcr\u00fctme ve Kurutma [&hellip;]<\/p>\n","protected":false},"author":1,"featured_media":51965,"comment_status":"open","ping_status":"open","sticky":false,"template":"","format":"standard","meta":[],"categories":[22893,53],"tags":[1938,1732,1678,29075,29076,29077,29078,63,67,1009,2698,165,2689,22023],"views":1950,"_links":{"self":[{"href":"https:\/\/www.enerjigazetesi.ist\/en\/wp-json\/wp\/v2\/posts\/51964"}],"collection":[{"href":"https:\/\/www.enerjigazetesi.ist\/en\/wp-json\/wp\/v2\/posts"}],"about":[{"href":"https:\/\/www.enerjigazetesi.ist\/en\/wp-json\/wp\/v2\/types\/post"}],"author":[{"embeddable":true,"href":"https:\/\/www.enerjigazetesi.ist\/en\/wp-json\/wp\/v2\/users\/1"}],"replies":[{"embeddable":true,"href":"https:\/\/www.enerjigazetesi.ist\/en\/wp-json\/wp\/v2\/comments?post=51964"}],"version-history":[{"count":1,"href":"https:\/\/www.enerjigazetesi.ist\/en\/wp-json\/wp\/v2\/posts\/51964\/revisions"}],"predecessor-version":[{"id":51966,"href":"https:\/\/www.enerjigazetesi.ist\/en\/wp-json\/wp\/v2\/posts\/51964\/revisions\/51966"}],"wp:featuredmedia":[{"embeddable":true,"href":"https:\/\/www.enerjigazetesi.ist\/en\/wp-json\/wp\/v2\/media\/51965"}],"wp:attachment":[{"href":"https:\/\/www.enerjigazetesi.ist\/en\/wp-json\/wp\/v2\/media?parent=51964"}],"wp:term":[{"taxonomy":"category","embeddable":true,"href":"https:\/\/www.enerjigazetesi.ist\/en\/wp-json\/wp\/v2\/categories?post=51964"},{"taxonomy":"post_tag","embeddable":true,"href":"https:\/\/www.enerjigazetesi.ist\/en\/wp-json\/wp\/v2\/tags?post=51964"}],"curies":[{"name":"wp","href":"https:\/\/api.w.org\/{rel}","templated":true}]}}