{"id":51961,"date":"2016-04-14T12:23:11","date_gmt":"2016-04-14T09:23:11","guid":{"rendered":"https:\/\/www.enerjigazetesi.ist\/?p=51961"},"modified":"2016-04-14T12:35:31","modified_gmt":"2016-04-14T09:35:31","slug":"yenilenebilir-enerji-kapasitesi-2015te-yuzde-8-3-artti","status":"publish","type":"post","link":"https:\/\/www.enerjigazetesi.ist\/en\/yenilenebilir-enerji-kapasitesi-2015te-yuzde-8-3-artti\/","title":{"rendered":"(Turkish) Yenilenebilir Enerji Kapasitesi 2015\u2019te Y\u00fczde 8.3 Artt\u0131&#8230;"},"content":{"rendered":"<p class=\"qtranxs-available-languages-message qtranxs-available-languages-message-en\">Sorry, this entry is only available in <a href=\"https:\/\/www.enerjigazetesi.ist\/tr\/wp-json\/wp\/v2\/posts\/51961\" class=\"qtranxs-available-language-link qtranxs-available-language-link-tr\" title=\"Turkish\">Turkish<\/a>. For the sake of viewer convenience, the content is shown below in the alternative language. You may click the link to switch the active language.<\/p><p><\/p>\n<p style=\"color: #0a0a0a;\"><strong>Uluslararas\u0131 Yenilenebilir Enerji Ajans\u0131\u2019n\u0131n (IRENA)\u2019n\u0131n payla\u015ft\u0131\u011f\u0131 son verilere g\u00f6re, 2015 y\u0131l\u0131nda 152 gigawatt\u2019l\u0131k (GW) yenilenebilir enerji kapasitesi art\u0131\u015f\u0131 ile y\u00fczde 8.3 b\u00fcy\u00fcd\u00fc.<span id=\"more-77641\"><\/span>\u00a0Bu rakam tarihteki en h\u0131zl\u0131 b\u00fcy\u00fcme anlam\u0131na da geliyor. Yenilenebilir Kapasitesi \u0130statistikleri 2016 adl\u0131 \u00e7al\u0131\u015fmaya g\u00f6re, t\u00fcm d\u00fcnyadaki yenilenebilir enerji kurulu g\u00fcc\u00fc 1,985 GW\u2019a ula\u015ft\u0131.<\/strong><\/p>\n<p style=\"color: #0a0a0a;\">Rekoru yorumlayan, IRENA Genel Direkt\u00f6r\u00fc Adnan Z. Amin, \u201cBu kadar d\u00fc\u015f\u00fck gaz ve petrol fiyatlar\u0131n\u0131n <a href=\"https:\/\/www.enerjigazetesi.ist\/wp-content\/uploads\/2016\/04\/yenilenebilir-enerji-kapasitesi-2015te-yuzde-8-3-artti.jpg\"><img loading=\"lazy\" class=\"alignright size-medium wp-image-51962\" src=\"https:\/\/www.enerjigazetesi.ist\/wp-content\/uploads\/2016\/04\/yenilenebilir-enerji-kapasitesi-2015te-yuzde-8-3-artti-300x199.jpg\" alt=\"yenilenebilir-enerji-kapasitesi-2015te-yuzde-8-3-artti\" width=\"300\" height=\"199\" srcset=\"https:\/\/www.enerjigazetesi.ist\/wp-content\/uploads\/2016\/04\/yenilenebilir-enerji-kapasitesi-2015te-yuzde-8-3-artti-300x199.jpg 300w, https:\/\/www.enerjigazetesi.ist\/wp-content\/uploads\/2016\/04\/yenilenebilir-enerji-kapasitesi-2015te-yuzde-8-3-artti-500x332.jpg 500w, https:\/\/www.enerjigazetesi.ist\/wp-content\/uploads\/2016\/04\/yenilenebilir-enerji-kapasitesi-2015te-yuzde-8-3-artti-75x50.jpg 75w, https:\/\/www.enerjigazetesi.ist\/wp-content\/uploads\/2016\/04\/yenilenebilir-enerji-kapasitesi-2015te-yuzde-8-3-artti.jpg 870w\" sizes=\"(max-width: 300px) 100vw, 300px\" \/><\/a>oldu\u011fu d\u00f6nemde bile, yenilenebilir enerji pazar\u0131 k\u00fcresel d\u00fczeyde b\u00fcy\u00fck bir ilerleme kaydediyor. Yenilenebilir enerji maliyetlerindeki d\u00fc\u015f\u00fc\u015fler, yenilenebilir enerjinin ekonomik, sosyal ve \u00e7evresel faydalar\u0131, yenilenebilire konvansiyonel g\u00fc\u00e7 kaynaklar\u0131 kar\u015f\u0131s\u0131nda b\u00fcy\u00fck avantaj sa\u011fl\u0131yor. 2015 y\u0131l\u0131nda 286 milyar dolarl\u0131k rekor d\u00fczeydeki yat\u0131r\u0131m ile beraber bu etkileyici b\u00fcy\u00fcme, t\u00fcm yat\u0131r\u0131mc\u0131 ve karar vericilere, yenilenebilirin art\u0131k d\u00fcnyan\u0131n her yerinde tercih edilen bir enerji kayna\u011f\u0131 oldu\u011funu g\u00f6steriyor.\u201d diyor.<\/p>\n<p style=\"color: #0a0a0a;\">2015 y\u0131l\u0131 ayn\u0131 zamanda, g\u00fcne\u015f ve r\u00fczgar enerjisi i\u00e7in de rekorlar\u0131n k\u0131r\u0131ld\u0131\u011f\u0131 bir y\u0131l oldu. G\u00fcne\u015f ve r\u00fczgardaki geli\u015fmelerin temelini teknoloji ve kurulum maliyetlerinde devam eden d\u00fc\u015f\u00fc\u015f olu\u015fturuyor. R\u00fczgar kurulu g\u00fcc\u00fc, 2010 y\u0131l\u0131ndan beri 63 GW (%17) art\u0131\u015f g\u00f6sterirken, r\u00fczgar enerjisi maliyetleri y\u00fczde 45 d\u00fc\u015ft\u00fc. Ayn\u0131 d\u00f6nemde, g\u00fcne\u015f kapasitesi ise 47 GW (%37) artarken, maliyetler ise yakla\u015f\u0131k y\u00fczde 80 d\u00fc\u015ft\u00fc. Hidroelektrik kapasitesi y\u00fczde 3 artarken, biyo enerji ve jeotermal enerji kapasiteleri ise y\u00fczde 5 oran\u0131nda art\u0131\u015f g\u00f6sterdi.<\/p>\n<p style=\"color: #0a0a0a;\">Son be\u015f y\u0131lda, k\u00fcresel toplam yenilenebilir enerji kapasitesi ise \u00fc\u00e7te bir oran\u0131nda artt\u0131, bu art\u015f\u0131n temel nedeni ise r\u00fczgar ve g\u00fcne\u015f kurulu g\u00fcc\u00fcndeki y\u00fcksek art\u0131\u015f olarak g\u00f6steriliyor.<\/p>\n<p style=\"color: #0a0a0a;\">B\u00f6lgesel da\u011f\u0131l\u0131mda ise, en y\u00fcksek b\u00fcy\u00fcme geli\u015fmekte olan \u00fclkelerde g\u00f6r\u00fcld\u00fc. Asya k\u0131tas\u0131nda 2015 y\u0131l\u0131nda kurulu g\u00fc\u00e7 y\u00fczde 12.4 art\u0131\u015f g\u00f6sterdi. Avrupa\u2019da kapasite 24 GW (%5.2), Kuzey Amerika\u2019da 20 GW (%6.3) art\u0131\u015f g\u00f6sterdi.<\/p>\n<p style=\"color: #0a0a0a;\"><strong>IRENA Yenilenebilir \u0130statistikleri \u0130\u00e7in\u00a0<a style=\"color: #1e73be;\" href=\"http:\/\/www.irena.org\/DocumentDownloads\/Publications\/IRENA_RE_Capacity_Statistics_2016.pdf\" target=\"_blank\" rel=\"nofollow\">T\u0131klay\u0131n\u0131z<\/a>&gt;&gt;&gt;<\/strong><\/p>\n<p style=\"color: #0a0a0a;\">Kaynak: B\u00fcltenler<\/p>\n<p><\/p>","protected":false},"excerpt":{"rendered":"<p>Sorry, this entry is only available in Turkish. For the sake of viewer convenience, the content is shown below in the alternative language. You may click the link to switch the active language. Uluslararas\u0131 Yenilenebilir Enerji Ajans\u0131\u2019n\u0131n (IRENA)\u2019n\u0131n payla\u015ft\u0131\u011f\u0131 son verilere g\u00f6re, 2015 y\u0131l\u0131nda 152 gigawatt\u2019l\u0131k (GW) yenilenebilir enerji kapasitesi art\u0131\u015f\u0131 ile y\u00fczde 8.3 b\u00fcy\u00fcd\u00fc.\u00a0Bu [&hellip;]<\/p>\n","protected":false},"author":1,"featured_media":51962,"comment_status":"open","ping_status":"open","sticky":false,"template":"","format":"standard","meta":[],"categories":[53,49,50],"tags":[63,67,1009,2698,165,227,13,3646,3386,69,16,3387,105,29074,10881],"views":2065,"_links":{"self":[{"href":"https:\/\/www.enerjigazetesi.ist\/en\/wp-json\/wp\/v2\/posts\/51961"}],"collection":[{"href":"https:\/\/www.enerjigazetesi.ist\/en\/wp-json\/wp\/v2\/posts"}],"about":[{"href":"https:\/\/www.enerjigazetesi.ist\/en\/wp-json\/wp\/v2\/types\/post"}],"author":[{"embeddable":true,"href":"https:\/\/www.enerjigazetesi.ist\/en\/wp-json\/wp\/v2\/users\/1"}],"replies":[{"embeddable":true,"href":"https:\/\/www.enerjigazetesi.ist\/en\/wp-json\/wp\/v2\/comments?post=51961"}],"version-history":[{"count":2,"href":"https:\/\/www.enerjigazetesi.ist\/en\/wp-json\/wp\/v2\/posts\/51961\/revisions"}],"predecessor-version":[{"id":51967,"href":"https:\/\/www.enerjigazetesi.ist\/en\/wp-json\/wp\/v2\/posts\/51961\/revisions\/51967"}],"wp:featuredmedia":[{"embeddable":true,"href":"https:\/\/www.enerjigazetesi.ist\/en\/wp-json\/wp\/v2\/media\/51962"}],"wp:attachment":[{"href":"https:\/\/www.enerjigazetesi.ist\/en\/wp-json\/wp\/v2\/media?parent=51961"}],"wp:term":[{"taxonomy":"category","embeddable":true,"href":"https:\/\/www.enerjigazetesi.ist\/en\/wp-json\/wp\/v2\/categories?post=51961"},{"taxonomy":"post_tag","embeddable":true,"href":"https:\/\/www.enerjigazetesi.ist\/en\/wp-json\/wp\/v2\/tags?post=51961"}],"curies":[{"name":"wp","href":"https:\/\/api.w.org\/{rel}","templated":true}]}}