{"id":5194,"date":"2013-01-14T17:32:05","date_gmt":"2013-01-14T14:32:05","guid":{"rendered":"https:\/\/www.enerjigazetesi.ist\/?p=5194"},"modified":"2013-01-14T17:32:05","modified_gmt":"2013-01-14T14:32:05","slug":"enerji-tasarruf-cihazlari-dolandiriciligina-dikkat","status":"publish","type":"post","link":"https:\/\/www.enerjigazetesi.ist\/en\/enerji-tasarruf-cihazlari-dolandiriciligina-dikkat\/","title":{"rendered":"(Turkish) Enerji Tasarruf Cihazlar\u0131 Doland\u0131r\u0131c\u0131l\u0131\u011f\u0131na Dikkat!"},"content":{"rendered":"<p class=\"qtranxs-available-languages-message qtranxs-available-languages-message-en\">Sorry, this entry is only available in <a href=\"https:\/\/www.enerjigazetesi.ist\/tr\/wp-json\/wp\/v2\/posts\/5194\" class=\"qtranxs-available-language-link qtranxs-available-language-link-tr\" title=\"Turkish\">Turkish<\/a>. For the sake of viewer convenience, the content is shown below in the alternative language. You may click the link to switch the active language.<\/p><p><\/p>\n<div><strong>Y\u00fczde 25&#8217;e kadar tasarruf sa\u011flad\u0131\u011f\u0131 vaadiyle 20 ila 500 lira aras\u0131nda de\u011fi\u015fen fiyatlarla sat\u0131lan ev tipi elektrik tasarruf cihazlar\u0131n\u0131n faturalar\u0131 d\u00fc\u015f\u00fcrmedi\u011fi belirtiliyor.<\/strong><\/div>\n<div><strong><\/strong><\/div>\n<div>\n<p>Sakarya \u00dcniversitesi (SA\u00dc) M\u00fchendislik Fak\u00fcltesi Elektrik Elektronik M\u00fchendisli\u011fi B\u00f6l\u00fcm Ba\u015fkan Yard\u0131mc\u0131s\u0131 Yrd. Do\u00e7. Dr. Cenk Yavuz, evlerde enerji tasarrufu yapt\u0131\u011f\u0131 iddia edilen cihazlar\u0131n elektrik faturas\u0131na katk\u0131 sa\u011flamad\u0131\u011f\u0131n\u0131 savundu.<\/p>\n<p><img loading=\"lazy\" class=\"alignleft size-full wp-image-5195\" title=\"enerji-tasarruf-cihazlari-dolandiriciligina-dikkat\" src=\"https:\/\/www.enerjigazetesi.ist\/wp-content\/uploads\/2013\/01\/enerji-tasarruf-cihazlari-dolandiriciligina-dikkat.jpg\" alt=\"\" width=\"250\" height=\"250\" srcset=\"https:\/\/www.enerjigazetesi.ist\/wp-content\/uploads\/2013\/01\/enerji-tasarruf-cihazlari-dolandiriciligina-dikkat.jpg 250w, https:\/\/www.enerjigazetesi.ist\/wp-content\/uploads\/2013\/01\/enerji-tasarruf-cihazlari-dolandiriciligina-dikkat-150x150.jpg 150w, https:\/\/www.enerjigazetesi.ist\/wp-content\/uploads\/2013\/01\/enerji-tasarruf-cihazlari-dolandiriciligina-dikkat-50x50.jpg 50w\" sizes=\"(max-width: 250px) 100vw, 250px\" \/>Yavuz, evlerdeki saya\u00e7lar\u0131n &#8220;monofaz&#8221; tipi oldu\u011funu ve aktif t\u00fcketimi \u00f6l\u00e7t\u00fc\u011f\u00fcn\u00fc belirterek, tasarruf sa\u011flad\u0131\u011f\u0131 belirtilen cihazlar\u0131n ise reaktif t\u00fcketimi d\u00fc\u015f\u00fcrd\u00fc\u011f\u00fcn\u00fc, reaktif t\u00fcketimin faturaland\u0131r\u0131lmad\u0131\u011f\u0131n\u0131 anlatt\u0131. &#8220;Evlerdeki \u00e7ama\u015f\u0131r ve bula\u015f\u0131k makinesi, televizyon, hoparl\u00f6r gibi cihazlarda sanayi tesislerine g\u00f6re reaktif g\u00fc\u00e7 daha az kullan\u0131l\u0131yor&#8221; diyen Yavuz, \u015f\u00f6yle devam etti: &#8220;O nedenle elektrik da\u011f\u0131t\u0131m \u015firketi, bizden reaktif g\u00fcc\u00fcn kar\u015f\u0131l\u0131\u011f\u0131 olan fatura bedelini istemiyor. Reaktif g\u00fc\u00e7, bizim \u00f6dedi\u011fimiz faturalarda isterse s\u0131f\u0131ra insin, \u00e7ekti\u011fimiz aktif g\u00fcc\u00fcn bedelini \u00f6d\u00fcyoruz. Bu cihazlar, bizim faturada \u00f6dedi\u011fimiz aktif g\u00fcc\u00fc azaltm\u0131yor, reaktif g\u00fcc\u00fc azalt\u0131yor. Tasarruf yapt\u0131\u011f\u0131 iddia edilen cihazlar\u0131n faturada herhangi bir indirime gitmesi, faturan\u0131n mebla\u011f\u0131n\u0131 azaltmas\u0131 gibi bir durum s\u00f6z konusu de\u011fil.<\/p>\n<p>Bu cihazlar\u0131n insanlara b\u00f6yle anlat\u0131lmas\u0131 tam anlam\u0131yla doland\u0131r\u0131c\u0131l\u0131k ve sahtekarl\u0131k anlam\u0131na geliyor.&#8221; Tasarruf sa\u011flad\u0131\u011f\u0131 iddia edilen cihazlar\u0131n televizyon ve internet arac\u0131l\u0131\u011f\u0131yla sat\u0131\u015fa sunuldu\u011funa dikkati \u00e7eken Yavuz, sat\u0131\u015f yapan \u015firketlerin hi\u00e7bir \u00fcniversite ve akredite kurumdan belge almad\u0131klar\u0131n\u0131 savundu.<\/p>\n<p><strong>Tasarruf cihazlar\u0131n\u0131n t\u00fcketimi art\u0131rd\u0131\u011f\u0131 iddias\u0131<\/strong><\/p>\n<p>Yavuz, tasarruf sa\u011flad\u0131\u011f\u0131 vaadiyle sat\u0131lan ancak faturaya herhangi bir katk\u0131s\u0131 bulunmad\u0131\u011f\u0131 belirtilen cihazlar\u0131n t\u00fcketimi art\u0131rd\u0131\u011f\u0131 iddias\u0131na ili\u015fkin, &#8220;Bu cihazlar reaktif karakteristikli malzemelerin d\u0131\u015f\u0131nda aktif karakteristikli malzemeler ta\u015f\u0131yorsa t\u00fcketimi azaltmad\u0131\u011f\u0131, aksine art\u0131rd\u0131\u011f\u0131 y\u00f6n\u00fcndeki iddialar\u0131 do\u011frular. Bu cihazlar\u0131 bire bir incelemeden &#8216;\u015fu eleman aktif g\u00fc\u00e7te \u00e7ekiyor, t\u00fcketimi art\u0131r\u0131yor&#8217; diyemeyiz&#8221; \u015feklinde konu\u015ftu. Yavuz, cihazlar\u0131n laboratuvar ortam\u0131nda a\u00e7\u0131l\u0131p incelenmesi, t\u00fcketicilerin de bilin\u00e7lendirilmesi gerekti\u011fine i\u015faret ederek, cihazlar\u0131 konutlarda elektrik tasarrufu i\u00e7in sat\u0131n alman\u0131n do\u011fru bir y\u00f6ntem olmad\u0131\u011f\u0131n\u0131 vurgulad\u0131. Yavuz, s\u00f6zlerini \u015f\u00f6yle tamamlad\u0131: &#8220;Evimizdeki reaktif ve aktif g\u00fc\u00e7lerin toplam\u0131 ne? Bu, tasarruf etti\u011fi iddia edilen cihazlar\u0131n kapasitesi ne? Bunlar\u0131 bilmeden kulland\u0131\u011f\u0131m\u0131zda hem enerji kalitesi d\u00fc\u015fecek hem faturam\u0131zda bozukluklar meydana gelecek hem de evdeki tesisatlarda bozulma meydana gelecek. Elektrik t\u00fcketicilerine bu gibi cihazlara itibar etmemelerini, bunlardan uzak durmalar\u0131n\u0131 tavsiye ediyorum. \u00c7\u00fcnk\u00fc bu cihazlar\u0131n i\u00e7inde ne oldu\u011funu bilmiyoruz.<\/p>\n<p>Konuyla ilgili bakanl\u0131k seviyesinde a\u00e7\u0131klama yap\u0131lmas\u0131 gerekti\u011fini d\u00fc\u015f\u00fcn\u00fcyorum. Vatanda\u015flar\u0131 kand\u0131ran \u015firketlerin ortaya \u00e7\u0131kar\u0131lmas\u0131 gerekiyor.&#8221;<\/p>\n<p>Kaynak: <a href=\"http:\/\/www.risalehaber.com\/enerji-tasarruf-cihazlari-dolandiriciligina-dikkat-167716h.htm\" target=\"_blank\">Risale Haber<\/a><\/p>\n<\/div>\n<p><\/p>","protected":false},"excerpt":{"rendered":"<p>Sorry, this entry is only available in Turkish. For the sake of viewer convenience, the content is shown below in the alternative language. You may click the link to switch the active language. Y\u00fczde 25&#8217;e kadar tasarruf sa\u011flad\u0131\u011f\u0131 vaadiyle 20 ila 500 lira aras\u0131nda de\u011fi\u015fen fiyatlarla sat\u0131lan ev tipi elektrik tasarruf cihazlar\u0131n\u0131n faturalar\u0131 d\u00fc\u015f\u00fcrmedi\u011fi belirtiliyor. [&hellip;]<\/p>\n","protected":false},"author":1,"featured_media":5195,"comment_status":"open","ping_status":"open","sticky":false,"template":"","format":"standard","meta":[],"categories":[53,52],"tags":[1229,67,1797,1798,731,1796],"views":979,"_links":{"self":[{"href":"https:\/\/www.enerjigazetesi.ist\/en\/wp-json\/wp\/v2\/posts\/5194"}],"collection":[{"href":"https:\/\/www.enerjigazetesi.ist\/en\/wp-json\/wp\/v2\/posts"}],"about":[{"href":"https:\/\/www.enerjigazetesi.ist\/en\/wp-json\/wp\/v2\/types\/post"}],"author":[{"embeddable":true,"href":"https:\/\/www.enerjigazetesi.ist\/en\/wp-json\/wp\/v2\/users\/1"}],"replies":[{"embeddable":true,"href":"https:\/\/www.enerjigazetesi.ist\/en\/wp-json\/wp\/v2\/comments?post=5194"}],"version-history":[{"count":2,"href":"https:\/\/www.enerjigazetesi.ist\/en\/wp-json\/wp\/v2\/posts\/5194\/revisions"}],"predecessor-version":[{"id":5197,"href":"https:\/\/www.enerjigazetesi.ist\/en\/wp-json\/wp\/v2\/posts\/5194\/revisions\/5197"}],"wp:featuredmedia":[{"embeddable":true,"href":"https:\/\/www.enerjigazetesi.ist\/en\/wp-json\/wp\/v2\/media\/5195"}],"wp:attachment":[{"href":"https:\/\/www.enerjigazetesi.ist\/en\/wp-json\/wp\/v2\/media?parent=5194"}],"wp:term":[{"taxonomy":"category","embeddable":true,"href":"https:\/\/www.enerjigazetesi.ist\/en\/wp-json\/wp\/v2\/categories?post=5194"},{"taxonomy":"post_tag","embeddable":true,"href":"https:\/\/www.enerjigazetesi.ist\/en\/wp-json\/wp\/v2\/tags?post=5194"}],"curies":[{"name":"wp","href":"https:\/\/api.w.org\/{rel}","templated":true}]}}