{"id":51922,"date":"2016-04-13T12:15:05","date_gmt":"2016-04-13T09:15:05","guid":{"rendered":"https:\/\/www.enerjigazetesi.ist\/?p=51922"},"modified":"2016-04-13T12:15:05","modified_gmt":"2016-04-13T09:15:05","slug":"avrupa-ruzgar-enerjisi-birliginin-ismi-degiserek-windeurope-oldu","status":"publish","type":"post","link":"https:\/\/www.enerjigazetesi.ist\/en\/avrupa-ruzgar-enerjisi-birliginin-ismi-degiserek-windeurope-oldu\/","title":{"rendered":"(Turkish) Avrupa R\u00fczgar Enerjisi Birli\u011fi\u2019nin \u0130smi De\u011fi\u015ferek \u201cWindEurope\u201d Oldu!"},"content":{"rendered":"<p class=\"qtranxs-available-languages-message qtranxs-available-languages-message-en\">Sorry, this entry is only available in <a href=\"https:\/\/www.enerjigazetesi.ist\/tr\/wp-json\/wp\/v2\/posts\/51922\" class=\"qtranxs-available-language-link qtranxs-available-language-link-tr\" title=\"Turkish\">Turkish<\/a>. For the sake of viewer convenience, the content is shown below in the alternative language. You may click the link to switch the active language.<\/p><p><\/p>\n<p style=\"color: #0a0a0a;\"><strong>Otuz d\u00f6rt y\u0131l \u00f6nce kurulan Avrupa R\u00fczgar Enerjisi Birli\u011fi\u2019nin ismi de\u011fi\u015ferek \u201cWindEurope\u201d oldu.<\/strong><span id=\"more-77733\"><\/span><\/p>\n<p style=\"color: #0a0a0a;\">Br\u00fcksel\u2019de d\u00fczenlenen toplant\u0131da yeni kimliklerini ve de\u011fi\u015fen yeni imaj\u0131n\u0131 payla\u015fan WindEurope Ba\u015fkan\u0131 Francesco Venturini, bu de\u011fi\u015fim<a href=\"https:\/\/www.enerjigazetesi.ist\/wp-content\/uploads\/2016\/04\/avrupa-ruzgar-enerjisi-birliginin-ismi-degiserek-windeurope-oldu.jpg\"><img loading=\"lazy\" class=\"alignleft size-medium wp-image-51923\" src=\"https:\/\/www.enerjigazetesi.ist\/wp-content\/uploads\/2016\/04\/avrupa-ruzgar-enerjisi-birliginin-ismi-degiserek-windeurope-oldu-300x165.jpg\" alt=\"avrupa-ruzgar-enerjisi-birliginin-ismi-degiserek-windeurope-oldu\" width=\"300\" height=\"165\" srcset=\"https:\/\/www.enerjigazetesi.ist\/wp-content\/uploads\/2016\/04\/avrupa-ruzgar-enerjisi-birliginin-ismi-degiserek-windeurope-oldu-300x165.jpg 300w, https:\/\/www.enerjigazetesi.ist\/wp-content\/uploads\/2016\/04\/avrupa-ruzgar-enerjisi-birliginin-ismi-degiserek-windeurope-oldu-500x276.jpg 500w, https:\/\/www.enerjigazetesi.ist\/wp-content\/uploads\/2016\/04\/avrupa-ruzgar-enerjisi-birliginin-ismi-degiserek-windeurope-oldu-80x44.jpg 80w, https:\/\/www.enerjigazetesi.ist\/wp-content\/uploads\/2016\/04\/avrupa-ruzgar-enerjisi-birliginin-ismi-degiserek-windeurope-oldu.jpg 696w\" sizes=\"(max-width: 300px) 100vw, 300px\" \/><\/a>in sadece isim ve logodan ibaret olmad\u0131\u011f\u0131n\u0131, yeni kurul yap\u0131s\u0131 ile yeni \u00e7al\u0131\u015fma gruplar\u0131 olu\u015fturduklar\u0131n\u0131 s\u00f6yledi.<\/p>\n<p style=\"color: #0a0a0a;\">Yeni kimlikleriyle r\u00fczgar\u0131n Avrupa\u2019da oldu\u011funu vurgulad\u0131klar\u0131n\u0131 s\u00f6yleyen Venturini, \u201cBiz art\u0131k y\u00fczde 11\u2019in \u00fczerinde Avrupa elektri\u011fini sa\u011flayan hakim ve olgun bir teknolojiyiz. Her y\u0131l 67 milyar euro ciro \u00fcretmekteyiz. Avrupa\u2019n\u0131n lider ihracat\u00e7\u0131s\u0131y\u0131z. 250 binin \u00fczerinde i\u015f olana\u011f\u0131 sa\u011flamaktay\u0131z. Biz b\u00fcy\u00fck bir sanayiyiz. Biz WindEurope\u2019uz\u201d dedi.<\/p>\n<p style=\"color: #0a0a0a;\">Toplant\u0131ya kat\u0131lan, T\u00fcrkiye R\u00fczgar Enerjisi Birli\u011fi (T\u00dcREB) Y\u00f6netim Kurulu Ba\u015fkan\u0131 Mustafa Serdar Ataseven de yapt\u0131\u011f\u0131 a\u00e7\u0131klamada, \u201cT\u00dcREB olarak biz de bu birli\u011fin \u00fcyesiyiz. Uzun y\u0131llar \u00f6nce akademisyenlerin kurdu\u011fu sivil toplum \u00f6rg\u00fct\u00fc o kadar b\u00fcy\u00fcd\u00fc ve g\u00fc\u00e7lendi ki yeni bir yap\u0131lanma, kabuk de\u011fi\u015ftirme ka\u00e7\u0131n\u0131lmaz oldu. \u0130sim ve logo ile birlikte yeni bir kan yeni bir enerji geldi\u201d dedi.<br \/>\nAvrupa\u2019da olu\u015fan bu sinerjinin di\u011fer \u00fclkelere de ge\u00e7ebilece\u011fini dile getiren Ataseven, T\u00fcrkiye\u2019de r\u00fczgar enerjisi kurulu g\u00fcc\u00fcn\u00fcn yakla\u015f\u0131k 5 bin megavata ula\u015ft\u0131\u011f\u0131n\u0131, ge\u00e7en y\u0131l T\u00fcrkiye\u2019de yakla\u015f\u0131k bin megawattt\u2019l\u0131k r\u00fczgar enerjisi santrali i\u00e7in 2 milyar avroluk yat\u0131r\u0131m yap\u0131ld\u0131\u011f\u0131n\u0131 hat\u0131rlatt\u0131. Yap\u0131lan bu yat\u0131r\u0131mla Avrupa\u2019da be\u015finci s\u0131rada yer ald\u0131klar\u0131na dikkat \u00e7eken Ataseven, Wind Europe enerjisinin r\u00fczgar sekt\u00f6r\u00fcne dinamizm getirece\u011fine inand\u0131klar\u0131n\u0131, olu\u015fan bu sinerjiyle sekt\u00f6r\u00fcn yeni i\u015fbirlikleri, yeni yat\u0131r\u0131mlar ile daha da g\u00fc\u00e7lenece\u011fini d\u00fc\u015f\u00fcnd\u00fcklerini ifade etti.<\/p>\n<p style=\"color: #0a0a0a;\">Kaynak: Enerji Enstit\u00fcs\u00fc<\/p>\n<p><\/p>","protected":false},"excerpt":{"rendered":"<p>Sorry, this entry is only available in Turkish. For the sake of viewer convenience, the content is shown below in the alternative language. You may click the link to switch the active language. Otuz d\u00f6rt y\u0131l \u00f6nce kurulan Avrupa R\u00fczgar Enerjisi Birli\u011fi\u2019nin ismi de\u011fi\u015ferek \u201cWindEurope\u201d oldu. Br\u00fcksel\u2019de d\u00fczenlenen toplant\u0131da yeni kimliklerini ve de\u011fi\u015fen yeni imaj\u0131n\u0131 [&hellip;]<\/p>\n","protected":false},"author":1,"featured_media":51923,"comment_status":"open","ping_status":"open","sticky":false,"template":"","format":"standard","meta":[],"categories":[53,50],"tags":[1681,63,67,1009,2698,165,69,16,5132,23318,22615,4784,1682,3390,29054],"views":1158,"_links":{"self":[{"href":"https:\/\/www.enerjigazetesi.ist\/en\/wp-json\/wp\/v2\/posts\/51922"}],"collection":[{"href":"https:\/\/www.enerjigazetesi.ist\/en\/wp-json\/wp\/v2\/posts"}],"about":[{"href":"https:\/\/www.enerjigazetesi.ist\/en\/wp-json\/wp\/v2\/types\/post"}],"author":[{"embeddable":true,"href":"https:\/\/www.enerjigazetesi.ist\/en\/wp-json\/wp\/v2\/users\/1"}],"replies":[{"embeddable":true,"href":"https:\/\/www.enerjigazetesi.ist\/en\/wp-json\/wp\/v2\/comments?post=51922"}],"version-history":[{"count":1,"href":"https:\/\/www.enerjigazetesi.ist\/en\/wp-json\/wp\/v2\/posts\/51922\/revisions"}],"predecessor-version":[{"id":51924,"href":"https:\/\/www.enerjigazetesi.ist\/en\/wp-json\/wp\/v2\/posts\/51922\/revisions\/51924"}],"wp:featuredmedia":[{"embeddable":true,"href":"https:\/\/www.enerjigazetesi.ist\/en\/wp-json\/wp\/v2\/media\/51923"}],"wp:attachment":[{"href":"https:\/\/www.enerjigazetesi.ist\/en\/wp-json\/wp\/v2\/media?parent=51922"}],"wp:term":[{"taxonomy":"category","embeddable":true,"href":"https:\/\/www.enerjigazetesi.ist\/en\/wp-json\/wp\/v2\/categories?post=51922"},{"taxonomy":"post_tag","embeddable":true,"href":"https:\/\/www.enerjigazetesi.ist\/en\/wp-json\/wp\/v2\/tags?post=51922"}],"curies":[{"name":"wp","href":"https:\/\/api.w.org\/{rel}","templated":true}]}}