{"id":51815,"date":"2016-03-19T13:56:37","date_gmt":"2016-03-19T10:56:37","guid":{"rendered":"https:\/\/www.enerjigazetesi.ist\/?p=51815"},"modified":"2016-03-19T13:58:23","modified_gmt":"2016-03-19T10:58:23","slug":"applein-elektrikli-araci-2021e-dogru-geliyor","status":"publish","type":"post","link":"https:\/\/www.enerjigazetesi.ist\/en\/applein-elektrikli-araci-2021e-dogru-geliyor\/","title":{"rendered":"(Turkish) Apple\u2019\u0131n Elektrikli Arac\u0131 2021\u2019e Do\u011fru Geliyor&#8230;"},"content":{"rendered":"<p class=\"qtranxs-available-languages-message qtranxs-available-languages-message-en\">Sorry, this entry is only available in <a href=\"https:\/\/www.enerjigazetesi.ist\/tr\/wp-json\/wp\/v2\/posts\/51815\" class=\"qtranxs-available-language-link qtranxs-available-language-link-tr\" title=\"Turkish\">Turkish<\/a>. For the sake of viewer convenience, the content is shown below in the alternative language. You may click the link to switch the active language.<\/p><p><strong>Apple, yeni geli\u015ftirdi\u011fi elektrikli arabay\u0131 bug\u00fcn duyurdu. Tesla Model S&#8217;e rakip olmas\u0131 beklenen yeni arac\u0131n fiyat\u0131 75.000 dolar civar\u0131 olacak ve 2021&#8217;e do\u011fru bizlerle bulu\u015facak.<\/strong><\/p>\n<p>Piper Jafray i\u00e7in \u00e7al\u0131\u015fan Apple analisti\u00a0<strong style=\"font-style: inherit;\">Gene Munster<\/strong>, yeni araban\u0131n duyurusunu yapan ki\u015fi oldu.<strong style=\"font-style: inherit;\">&#8220;Titan Projesi&#8221;<\/strong>\u00a0olarak adland\u0131r\u0131lan yeni Apple arabas\u0131 hakk\u0131nda Apple Car Fans sitesinde bir r\u00f6portaj veren Munster \u015f\u00f6yle ko<a href=\"https:\/\/www.enerjigazetesi.ist\/wp-content\/uploads\/2016\/03\/applein-elektrikli-araci-2021e-dogru-geliyor.jpg\"><img loading=\"lazy\" class=\"alignright size-medium wp-image-51816\" src=\"https:\/\/www.enerjigazetesi.ist\/wp-content\/uploads\/2016\/03\/applein-elektrikli-araci-2021e-dogru-geliyor-300x168.jpg\" alt=\"applein-elektrikli-araci-2021e-dogru-geliyor\" width=\"300\" height=\"168\" srcset=\"https:\/\/www.enerjigazetesi.ist\/wp-content\/uploads\/2016\/03\/applein-elektrikli-araci-2021e-dogru-geliyor-300x168.jpg 300w, https:\/\/www.enerjigazetesi.ist\/wp-content\/uploads\/2016\/03\/applein-elektrikli-araci-2021e-dogru-geliyor-500x281.jpg 500w, https:\/\/www.enerjigazetesi.ist\/wp-content\/uploads\/2016\/03\/applein-elektrikli-araci-2021e-dogru-geliyor-80x45.jpg 80w, https:\/\/www.enerjigazetesi.ist\/wp-content\/uploads\/2016\/03\/applein-elektrikli-araci-2021e-dogru-geliyor.jpg 640w\" sizes=\"(max-width: 300px) 100vw, 300px\" \/><\/a>nu\u015ftu:<\/p>\n<p><em style=\"font-weight: inherit;\">&#8220;\u00dcr\u00fcn, 2019 ve 2020 y\u0131llar\u0131nda \u00f6n sipari\u015fini edebilece\u011finiz bir araba olacak. Bu araban\u0131n ancak 2021&#8217;e do\u011fru teslim edilece\u011fini d\u00fc\u015f\u00fcn\u00fcyoruz. Erken duyuru yap\u0131lmas\u0131n\u0131n amac\u0131 ise pazar\u0131n nabz\u0131n\u0131 yoklamak. Araban\u0131n fiyat\u0131\u00a0<strong style=\"font-style: inherit;\">75.000 dolardan ba\u015flayacak<\/strong>&#8220;<\/em><\/p>\n<p>Munster&#8217;a g\u00f6re, yeni araba\u00a0<strong style=\"font-style: inherit;\">Apple Car<\/strong>\u00a0ismiyle piyasaya s\u00fcr\u00fclecek. Gene Munster, daha \u00f6nce Apple TV&#8217;nin ba\u015far\u0131s\u0131 hakk\u0131nda da tahminlerde bulunmu\u015f fakat yan\u0131lm\u0131\u015ft\u0131. Bu sefer tahminlerinin \u00e7ok net oldu\u011funu s\u00f6yleyen analist, Apple&#8217;\u0131n \u00f6n\u00fcm\u00fczdeki 200 y\u0131l i\u00e7erisinde nas\u0131l pazarda kalaca\u011f\u0131n\u0131 d\u00fc\u015f\u00fcnd\u00fc\u011f\u00fcn\u00fc de a\u00e7\u0131klad\u0131.<\/p>\n<p>Apple CEO&#8217;su Tim Cook&#8217;un otomobil imalat\u00e7\u0131lar\u0131yla da g\u00f6r\u00fc\u015ft\u00fc\u011f\u00fc de gelen bilgiler aras\u0131nda yer al\u0131yor. Bu bilgiler i\u00e7in Apple&#8217;dan hen\u00fcz resmi bir a\u00e7\u0131klama yap\u0131lmad\u0131.<\/p>\n<p>Kaynak: <a href=\"http:\/\/www.tamindir.com\/applein-yeni-otomobili-apple-car-2021-yilinda-gelebilir_h-14522\/\" target=\"_blank\" rel=\"nofollow\">Tamindir<\/a><\/p>","protected":false},"excerpt":{"rendered":"<p>Sorry, this entry is only available in Turkish. For the sake of viewer convenience, the content is shown below in the alternative language. You may click the link to switch the active language.Apple, yeni geli\u015ftirdi\u011fi elektrikli arabay\u0131 bug\u00fcn duyurdu. Tesla Model S&#8217;e rakip olmas\u0131 beklenen yeni arac\u0131n fiyat\u0131 75.000 dolar civar\u0131 olacak ve 2021&#8217;e do\u011fru [&hellip;]<\/p>\n","protected":false},"author":1,"featured_media":51816,"comment_status":"open","ping_status":"open","sticky":false,"template":"","format":"standard","meta":[],"categories":[51,53,157],"tags":[2655,215,63,67,1009,2698,165],"views":1125,"_links":{"self":[{"href":"https:\/\/www.enerjigazetesi.ist\/en\/wp-json\/wp\/v2\/posts\/51815"}],"collection":[{"href":"https:\/\/www.enerjigazetesi.ist\/en\/wp-json\/wp\/v2\/posts"}],"about":[{"href":"https:\/\/www.enerjigazetesi.ist\/en\/wp-json\/wp\/v2\/types\/post"}],"author":[{"embeddable":true,"href":"https:\/\/www.enerjigazetesi.ist\/en\/wp-json\/wp\/v2\/users\/1"}],"replies":[{"embeddable":true,"href":"https:\/\/www.enerjigazetesi.ist\/en\/wp-json\/wp\/v2\/comments?post=51815"}],"version-history":[{"count":1,"href":"https:\/\/www.enerjigazetesi.ist\/en\/wp-json\/wp\/v2\/posts\/51815\/revisions"}],"predecessor-version":[{"id":51817,"href":"https:\/\/www.enerjigazetesi.ist\/en\/wp-json\/wp\/v2\/posts\/51815\/revisions\/51817"}],"wp:featuredmedia":[{"embeddable":true,"href":"https:\/\/www.enerjigazetesi.ist\/en\/wp-json\/wp\/v2\/media\/51816"}],"wp:attachment":[{"href":"https:\/\/www.enerjigazetesi.ist\/en\/wp-json\/wp\/v2\/media?parent=51815"}],"wp:term":[{"taxonomy":"category","embeddable":true,"href":"https:\/\/www.enerjigazetesi.ist\/en\/wp-json\/wp\/v2\/categories?post=51815"},{"taxonomy":"post_tag","embeddable":true,"href":"https:\/\/www.enerjigazetesi.ist\/en\/wp-json\/wp\/v2\/tags?post=51815"}],"curies":[{"name":"wp","href":"https:\/\/api.w.org\/{rel}","templated":true}]}}