{"id":51805,"date":"2016-03-19T13:24:10","date_gmt":"2016-03-19T10:24:10","guid":{"rendered":"https:\/\/www.enerjigazetesi.ist\/?p=51805"},"modified":"2016-03-19T14:11:08","modified_gmt":"2016-03-19T11:11:08","slug":"erzincan-gunes-enerjisi-yatirimina-hazirlaniyor","status":"publish","type":"post","link":"https:\/\/www.enerjigazetesi.ist\/en\/erzincan-gunes-enerjisi-yatirimina-hazirlaniyor\/","title":{"rendered":"(Turkish) Erzincan G\u00fcne\u015f Enerjisi Yat\u0131r\u0131m\u0131na Haz\u0131rlan\u0131yor&#8230;"},"content":{"rendered":"<p class=\"qtranxs-available-languages-message qtranxs-available-languages-message-en\">Sorry, this entry is only available in <a href=\"https:\/\/www.enerjigazetesi.ist\/tr\/wp-json\/wp\/v2\/posts\/51805\" class=\"qtranxs-available-language-link qtranxs-available-language-link-tr\" title=\"Turkish\">Turkish<\/a>. For the sake of viewer convenience, the content is shown below in the alternative language. You may click the link to switch the active language.<\/p><p><\/p>\n<h2 class=\"ustblkgenislet2 spot \" style=\"color: #666666;\"><span style=\"color: #000000;\">Erzincan Ticaret ve Sanayi Odas\u0131 giri\u015fimleri ile kurulmas\u0131 planlanan yenilebilir do\u011fa dostu enerji \u00fcretmek ad\u0131na g\u00fcne\u015f enerjisi \u0130htisas alan\u0131 tahsisi i\u00e7in Erzincan Valili\u011fi ile ilk talebin iletildi\u011fi g\u00f6r\u00fc\u015fme ger\u00e7ekle\u015ftirildi.<\/span><\/h2>\n<p>Erzincan\u00a0Ticaret ve Sanayi Odas\u0131\u00a0giri\u015fimleri ile kurulmas\u0131 planlanan yenilebilir do\u011fa dostu enerji \u00fcretmek ad\u0131na g\u00fcne\u015f enerjisi \u0130htisas alan\u0131 tahsisi i\u00e7in\u00a0Erzincan\u00a0Valili\u011fi ile ilk talebin iletildi\u011fi g\u00f6r\u00fc\u015fme ger\u00e7ekle\u015ftirildi.\u00a0Erz<a href=\"https:\/\/www.enerjigazetesi.ist\/wp-content\/uploads\/2016\/03\/erzincan-gunes-enerjisine-hazirlaniyor.jpg\"><img loading=\"lazy\" class=\"alignright size-medium wp-image-51806\" src=\"https:\/\/www.enerjigazetesi.ist\/wp-content\/uploads\/2016\/03\/erzincan-gunes-enerjisine-hazirlaniyor-300x168.jpg\" alt=\"erzincan-gunes-enerjisine-hazirlaniyor\" width=\"300\" height=\"168\" srcset=\"https:\/\/www.enerjigazetesi.ist\/wp-content\/uploads\/2016\/03\/erzincan-gunes-enerjisine-hazirlaniyor-300x168.jpg 300w, https:\/\/www.enerjigazetesi.ist\/wp-content\/uploads\/2016\/03\/erzincan-gunes-enerjisine-hazirlaniyor-500x281.jpg 500w, https:\/\/www.enerjigazetesi.ist\/wp-content\/uploads\/2016\/03\/erzincan-gunes-enerjisine-hazirlaniyor-80x45.jpg 80w, https:\/\/www.enerjigazetesi.ist\/wp-content\/uploads\/2016\/03\/erzincan-gunes-enerjisine-hazirlaniyor.jpg 640w\" sizes=\"(max-width: 300px) 100vw, 300px\" \/><\/a>incan\u00a0Valisi\u00a0S\u00fcleyman Kahraman&#8217;\u0131n talimat\u0131 ile konu ile ilgili taraflar\u0131n bir araya getirilerek olu\u015fturulan komisyon \u00e7al\u0131\u015fmalar\u0131na ba\u015flad\u0131.Erzincan\u00a0Ticaret ve Sanayi Odas\u0131\u00a0ad\u0131na komisyonda yer alan Meclis Ba\u015fkan\u0131\u00a0Mehmet Erkan\u00a0Hatipo\u011flu konu ile ilgili kamu oyunu bilgilendirme ama\u00e7l\u0131 yapt\u0131\u011f\u0131 a\u00e7\u0131klamada hedeflerinin kendi kendine enerjisi yeten bir\u00a0Erzincan\u00a0olu\u015fturmak oldu\u011funun alt\u0131n\u0131 \u00e7izdi.<\/p>\n<p>Hatipo\u011flu, 1 mw bir enerji \u00fcretimi i\u00e7in yakla\u015f\u0131k 20 d\u00f6n\u00fcml\u00fck bir arazi tahsisi ger\u00e7ekle\u015fmesi gerekti\u011fine vurgu yapt\u0131. Hatipo\u011flu a\u00e7\u0131klamas\u0131na \u015f\u00f6yle devam etti. &#8220;Enerji ve Tabii Kaynaklar Bakanl\u0131\u011f\u0131\u00a0Yenilenebilir Enerji Kaynaklar\u0131 Daire Ba\u015fkanl\u0131\u011f\u0131,\u00a0Konya Sanayi Odas\u0131\u00a0ve\u00a0Van\u00a0Ticaret ve Sanayi Odas\u0131\u00a0ile yapt\u0131\u011f\u0131m\u0131z ara\u015ft\u0131rmalar neticesinde il baz\u0131nda belirlenecek olan ihtisas alanlar\u0131yla ilgili ilk a\u015fama olarak Valilik kanal\u0131yla ba\u015fvurumuzu ger\u00e7ekle\u015ftirdik. \u00d6rnek fizibilite raporlar\u0131 ile destekledi\u011fimiz ba\u015fvurumuzu Valimiz\u00a0S\u00fcleyman Kahraman&#8217;a ilettik. Amac\u0131m\u0131z kendi kendine enerjisi yeten hatta fazla enerjisini \u00fclkeye katma de\u011fer sa\u011flamak i\u00e7in hizmete sunabilen bir proje \u00fcretmektir.<\/p>\n<p>Somut olarak d\u00fc\u015f\u00fcn\u00fcrsek 1 Mw&#8217;l\u0131k bir enerji 300 evin elektrik enerjisi ihtiyac\u0131n\u0131 kar\u015f\u0131lamaktad\u0131r. \u0130lk etap da OSB b\u00f6lgesinde hizmet veren yat\u0131r\u0131mc\u0131lar\u0131m\u0131za sunulacak bu enerji ile hem yat\u0131r\u0131mc\u0131m\u0131z\u0131 desteklemi\u015f olacak hem de tecr\u00fcbelerimize tecr\u00fcbe katarak daha b\u00fcy\u00fck d\u00fc\u015f\u00fcnerek daha \u00f6ncede belirtti\u011fim gibi enerjisi kendi kendine yeten birErzincan\u00a0in\u015fa etmektir. \u0130limizde bu konuya ilgili olarak yenilenebilir enerji sistemleri veya elektrik \u00fcretimi sekt\u00f6r\u00fcnde faaliyet g\u00f6steren Odam\u0131za kay\u0131tl\u0131 firmalar bulunmakt\u0131r. Onlar\u0131nda tecr\u00fcbelerinden faydalanarak \u015fehrimize hizmet edece\u011fiz.\u00a0T\u00fcrkiye\u00a0g\u00fcne\u015f enerjisi potansiyeli a\u00e7\u0131s\u0131ndan,\u00a0Avrupa&#8217;n\u0131n g\u00fcne\u015fe destek veren en b\u00fcy\u00fck \u00fclkesi\u00a0Almanyaile k\u0131yasland\u0131\u011f\u0131nda yakla\u015f\u0131k iki kat daha verimli bir \u00fclke konumundad\u0131r.<\/p>\n<p>Y\u0131l boyu al\u0131nan g\u00fcne\u015f \u0131s\u0131n\u0131m\u0131 bak\u0131m\u0131ndan \u00fclkemizin en verimli b\u00f6lgeleri, g\u00fcneye yak\u0131n b\u00f6lgeler olmas\u0131na ra\u011fmen\u00a0Erzincan&#8217;\u0131n ald\u0131\u011f\u0131 g\u00fcne\u015f \u0131s\u0131n\u0131m\u0131 seviyeleri ile aralar\u0131nda \u00e7ok b\u00fcy\u00fck farklar bulunmamakla beraber kurulum yeri se\u00e7ilirken sahan\u0131n g\u00fcne\u015f enerjisi potansiyelinin tesis kurulum ve i\u015fletme maliyetlerinin do\u011fru belirlenmesi son derece \u00f6nemlidir. Do\u011fru ad\u0131mlar ve ara\u015ft\u0131rmalar\u0131m\u0131zla en az maliyetli en verimli g\u00fcne\u015f enerjisi alanlar\u0131 kurmak i\u00e7in \u00e7al\u0131\u015fmaya devam edece\u011fiz.&#8221;<\/p>\n<p>Kaynak: Haberler<\/p>","protected":false},"excerpt":{"rendered":"<p>Sorry, this entry is only available in Turkish. For the sake of viewer convenience, the content is shown below in the alternative language. You may click the link to switch the active language. Erzincan Ticaret ve Sanayi Odas\u0131 giri\u015fimleri ile kurulmas\u0131 planlanan yenilebilir do\u011fa dostu enerji \u00fcretmek ad\u0131na g\u00fcne\u015f enerjisi \u0130htisas alan\u0131 tahsisi i\u00e7in Erzincan [&hellip;]<\/p>\n","protected":false},"author":1,"featured_media":51806,"comment_status":"open","ping_status":"open","sticky":false,"template":"","format":"standard","meta":[],"categories":[53,49],"tags":[63,67,1009,2698,165,2326,29013,227,13,2569,23133,22975,4269],"views":936,"_links":{"self":[{"href":"https:\/\/www.enerjigazetesi.ist\/en\/wp-json\/wp\/v2\/posts\/51805"}],"collection":[{"href":"https:\/\/www.enerjigazetesi.ist\/en\/wp-json\/wp\/v2\/posts"}],"about":[{"href":"https:\/\/www.enerjigazetesi.ist\/en\/wp-json\/wp\/v2\/types\/post"}],"author":[{"embeddable":true,"href":"https:\/\/www.enerjigazetesi.ist\/en\/wp-json\/wp\/v2\/users\/1"}],"replies":[{"embeddable":true,"href":"https:\/\/www.enerjigazetesi.ist\/en\/wp-json\/wp\/v2\/comments?post=51805"}],"version-history":[{"count":2,"href":"https:\/\/www.enerjigazetesi.ist\/en\/wp-json\/wp\/v2\/posts\/51805\/revisions"}],"predecessor-version":[{"id":51824,"href":"https:\/\/www.enerjigazetesi.ist\/en\/wp-json\/wp\/v2\/posts\/51805\/revisions\/51824"}],"wp:featuredmedia":[{"embeddable":true,"href":"https:\/\/www.enerjigazetesi.ist\/en\/wp-json\/wp\/v2\/media\/51806"}],"wp:attachment":[{"href":"https:\/\/www.enerjigazetesi.ist\/en\/wp-json\/wp\/v2\/media?parent=51805"}],"wp:term":[{"taxonomy":"category","embeddable":true,"href":"https:\/\/www.enerjigazetesi.ist\/en\/wp-json\/wp\/v2\/categories?post=51805"},{"taxonomy":"post_tag","embeddable":true,"href":"https:\/\/www.enerjigazetesi.ist\/en\/wp-json\/wp\/v2\/tags?post=51805"}],"curies":[{"name":"wp","href":"https:\/\/api.w.org\/{rel}","templated":true}]}}