{"id":51796,"date":"2016-03-19T12:34:29","date_gmt":"2016-03-19T09:34:29","guid":{"rendered":"https:\/\/www.enerjigazetesi.ist\/?p=51796"},"modified":"2016-03-19T12:34:29","modified_gmt":"2016-03-19T09:34:29","slug":"10-avm-iklim-degisikligi-icin-bugun-kararacak","status":"publish","type":"post","link":"https:\/\/www.enerjigazetesi.ist\/en\/10-avm-iklim-degisikligi-icin-bugun-kararacak\/","title":{"rendered":"(Turkish) 10 AVM \u0130klim De\u011fi\u015fikli\u011fi \u0130\u00e7in Bug\u00fcn Kararacak!"},"content":{"rendered":"<p class=\"qtranxs-available-languages-message qtranxs-available-languages-message-en\">Sorry, this entry is only available in <a href=\"https:\/\/www.enerjigazetesi.ist\/tr\/wp-json\/wp\/v2\/posts\/51796\" class=\"qtranxs-available-language-link qtranxs-available-language-link-tr\" title=\"Turkish\">Turkish<\/a>. For the sake of viewer convenience, the content is shown below in the alternative language. You may click the link to switch the active language.<\/p><p><\/p>\n<p style=\"color: #363636;\"><strong>JLL T\u00fcrkiye, Do\u011fal Hayat\u0131 Koruma Vakf\u0131\u2019n\u0131n iklim de\u011fi\u015fikli\u011fi sorununa dikkat \u00e7ekmek amac\u0131yla d\u00fczenledi\u011fi D\u00fcnya Saati uygulamas\u0131na ge\u00e7ti\u011fimiz y\u0131l oldu\u011fu gibi bu y\u0131l da destek veriyor.<\/strong><\/p>\n<p style=\"color: #363636;\">Uygulama kapsam\u0131nda,<a href=\"https:\/\/www.enerjigazetesi.ist\/wp-content\/uploads\/2016\/03\/10-avm-iklim-degisikligi-icin-bugun-kararacak.jpg\"><img loading=\"lazy\" class=\"alignleft  wp-image-51797\" src=\"https:\/\/www.enerjigazetesi.ist\/wp-content\/uploads\/2016\/03\/10-avm-iklim-degisikligi-icin-bugun-kararacak.jpg\" alt=\"10-avm-iklim-degisikligi-icin-bugun-kararacak\" width=\"300\" height=\"214\" \/><\/a> JLL T\u00fcrkiye\u2019nin dan\u0131\u015fmanl\u0131\u011f\u0131n\u0131 yapt\u0131\u011f\u0131 10 AVM\u2019de bir saat boyunca \u0131\u015f\u0131klar kapat\u0131lacak.<\/p>\n<p style=\"color: #363636;\">Ticari gayrimenkul alan\u0131nda finansal ve profesyonel hizmetler sunan JLL T\u00fcrkiye, iklim de\u011fi\u015fikli\u011fi sorununa dikkat \u00e7ekmek amac\u0131yla d\u00fczenlenen, d\u00fcnyan\u0131n en b\u00fcy\u00fck \u00e7evre etkinliklerinden biri olan D\u00fcnya Saati\u2019ne bu y\u0131l da destek veriyor. Do\u011fal Hayat\u0131 Koruma Vakf\u0131\u2019n\u0131n (WWF) d\u00fczenledi\u011fi uygulamaya destek olmak \u00fczere, JLL T\u00fcrkiye\u2019nin dan\u0131\u015fmanl\u0131\u011f\u0131n\u0131 yapt\u0131\u011f\u0131 AVM projelerinin onunda \u0131\u015f\u0131klar kapat\u0131lacak.<\/p>\n<p style=\"color: #363636;\">\u201cBu y\u0131l D\u00fcnya Saati\u2019nde iklim m\u00fccadelesine bir \u0131\u015f\u0131k tut!\u201d slogan\u0131 ile ger\u00e7ekle\u015fecek etkinlik kapsam\u0131nda 19 Mart Cumartesi g\u00fcn\u00fc 20.30-21.30 saatleri aras\u0131nda \u0131\u015f\u0131klar\u0131n kararaca\u011f\u0131 AVM\u2019ler \u015f\u00f6yle s\u0131ralan\u0131yor:<\/p>\n<p style=\"color: #363636;\">Atak\u00f6y Galleria (\u0130stanbul), Atlantis AVM (Ankara), Esas 14 Burda (Bolu), Esas 67 Burda (Zonguldak), Gebze Center (Kocaeli), Malatyapark (Malatya), Markantalya (Antalya), Meysu Outlet (Kayseri), Sankopark (Gaziantep) ve Serdivan (Adapazar\u0131).<\/p>\n<p style=\"color: #363636;\">Kaynak: Enerji Enstit\u00fcs\u00fc<\/p>\n<p><\/p>","protected":false},"excerpt":{"rendered":"<p>Sorry, this entry is only available in Turkish. For the sake of viewer convenience, the content is shown below in the alternative language. You may click the link to switch the active language. JLL T\u00fcrkiye, Do\u011fal Hayat\u0131 Koruma Vakf\u0131\u2019n\u0131n iklim de\u011fi\u015fikli\u011fi sorununa dikkat \u00e7ekmek amac\u0131yla d\u00fczenledi\u011fi D\u00fcnya Saati uygulamas\u0131na ge\u00e7ti\u011fimiz y\u0131l oldu\u011fu gibi bu y\u0131l [&hellip;]<\/p>\n","protected":false},"author":1,"featured_media":51797,"comment_status":"open","ping_status":"open","sticky":false,"template":"","format":"standard","meta":[],"categories":[53,52],"tags":[29007,22129,29006,63,67,1009,2698,165,1999,29008,29009],"views":934,"_links":{"self":[{"href":"https:\/\/www.enerjigazetesi.ist\/en\/wp-json\/wp\/v2\/posts\/51796"}],"collection":[{"href":"https:\/\/www.enerjigazetesi.ist\/en\/wp-json\/wp\/v2\/posts"}],"about":[{"href":"https:\/\/www.enerjigazetesi.ist\/en\/wp-json\/wp\/v2\/types\/post"}],"author":[{"embeddable":true,"href":"https:\/\/www.enerjigazetesi.ist\/en\/wp-json\/wp\/v2\/users\/1"}],"replies":[{"embeddable":true,"href":"https:\/\/www.enerjigazetesi.ist\/en\/wp-json\/wp\/v2\/comments?post=51796"}],"version-history":[{"count":1,"href":"https:\/\/www.enerjigazetesi.ist\/en\/wp-json\/wp\/v2\/posts\/51796\/revisions"}],"predecessor-version":[{"id":51798,"href":"https:\/\/www.enerjigazetesi.ist\/en\/wp-json\/wp\/v2\/posts\/51796\/revisions\/51798"}],"wp:featuredmedia":[{"embeddable":true,"href":"https:\/\/www.enerjigazetesi.ist\/en\/wp-json\/wp\/v2\/media\/51797"}],"wp:attachment":[{"href":"https:\/\/www.enerjigazetesi.ist\/en\/wp-json\/wp\/v2\/media?parent=51796"}],"wp:term":[{"taxonomy":"category","embeddable":true,"href":"https:\/\/www.enerjigazetesi.ist\/en\/wp-json\/wp\/v2\/categories?post=51796"},{"taxonomy":"post_tag","embeddable":true,"href":"https:\/\/www.enerjigazetesi.ist\/en\/wp-json\/wp\/v2\/tags?post=51796"}],"curies":[{"name":"wp","href":"https:\/\/api.w.org\/{rel}","templated":true}]}}